{"id":11036,"date":"2019-10-24T19:37:08","date_gmt":"2019-10-24T18:37:08","guid":{"rendered":"http:\/\/bisbalpenedes.com\/web\/?p=11036"},"modified":"2019-10-24T19:37:08","modified_gmt":"2019-10-24T18:37:08","slug":"el-dimecres-16-doctubre-va-tenir-lloc-la-comissio-de-delimitacio-dels-termes-de-masllorenc-i-la-bisbal","status":"publish","type":"post","link":"https:\/\/bisbalpenedes.com\/web\/2019\/10\/24\/el-dimecres-16-doctubre-va-tenir-lloc-la-comissio-de-delimitacio-dels-termes-de-masllorenc-i-la-bisbal\/","title":{"rendered":"El dimecres 16 d&#8217;octubre va tenir lloc la Comissi\u00f3 de Delimitaci\u00f3 dels termes de Maslloren\u00e7 i la Bisbal"},"content":{"rendered":"<p style=\"text-align: center;\"><strong>\u00a0<a href=\"http:\/\/bisbalpenedes.com\/web\/wp-content\/uploads\/2019\/10\/COMISSIO-DELIMITACIO-MASLLORENC.jpg\"><img loading=\"lazy\" class=\"alignnone size-medium wp-image-11037\" src=\"http:\/\/bisbalpenedes.com\/web\/wp-content\/uploads\/2019\/10\/COMISSIO-DELIMITACIO-MASLLORENC-225x300.jpg\" alt=\"COMISSIO DELIMITACIO MASLLORENC\" width=\"225\" height=\"300\" srcset=\"https:\/\/bisbalpenedes.com\/web\/wp-content\/uploads\/2019\/10\/COMISSIO-DELIMITACIO-MASLLORENC-225x300.jpg 225w, https:\/\/bisbalpenedes.com\/web\/wp-content\/uploads\/2019\/10\/COMISSIO-DELIMITACIO-MASLLORENC-600x800.jpg 600w, https:\/\/bisbalpenedes.com\/web\/wp-content\/uploads\/2019\/10\/COMISSIO-DELIMITACIO-MASLLORENC-768x1024.jpg 768w, https:\/\/bisbalpenedes.com\/web\/wp-content\/uploads\/2019\/10\/COMISSIO-DELIMITACIO-MASLLORENC.jpg 1200w\" sizes=\"(max-width: 225px) 100vw, 225px\" \/><\/a><\/strong><\/p>\n<p style=\"text-align: justify;\"><span style=\"color: #000000;\">El passat dimecres 16 d\u2019octubre va tenir lloc la Comissi\u00f3 de Delimitaci\u00f3 dels termes municipals de Maslloren\u00e7 i la Bisbal del Pened\u00e8s a l\u2019Ajuntament de la Bisbal del Pened\u00e8s. La reuni\u00f3 va comptar amb l\u2019assist\u00e8ncia de l\u2019alcalde de Maslloren\u00e7, Joan Mir\u00f3; una regidora, l\u2019arquitecta municipal i el secretari-interventor. Per part de la Bisbal del Pened\u00e8s, hi van assistir l\u2019alcaldessa Agn\u00e8s Ferr\u00e9; la regidora Leo Uceda i la secret\u00e0ria interventora.<\/span><\/p>\n<p style=\"text-align: justify;\"><span style=\"color: #000000;\">Durant la reuni\u00f3, es va revisar el replantejament de la l\u00ednia de delimitaci\u00f3 entre els termes municipals de la Bisbal del Pened\u00e8s i Maslloren\u00e7, segons l\u2019estudi realitzat per l\u2019Institut Cartogr\u00e0fic de Catalunya sobre la definici\u00f3 de la l\u00ednia de l\u00edmit entre aquests municipis. L\u2019estudi es basava en l\u2019acta d\u2019atermenament del 10 de juny de 1921. La reuni\u00f3 va comptar amb l\u2019assist\u00e8ncia de part dels ve\u00efns convocats a la reuni\u00f3, que s\u00f3n els que tenen propietats als l\u00edmits entre els dos municipis i ambd\u00f3s Ajuntaments van signar l\u2019acta de delimitaci\u00f3, que no presenta modificacions respecte l\u2019anterior.<\/span><\/p>\n<hr \/>\n<p style=\"text-align: justify;\"><span style=\"color: #000000;\"><strong>CASTELLANO |<\/strong> El pasado mi\u00e9rcoles 16 de octubre tuvo lugar la Comisi\u00f3n de Delimitaci\u00f3n de los t\u00e9rminos municipales de Maslloren\u00e7 y la Bisbal del Pened\u00e8s en el Ayuntamiento de la Bisbal del Pened\u00e8s. La reuni\u00f3n cont\u00f3 con la asistencia del alcalde de Maslloren\u00e7, Joan Mir\u00f3; una concejala, la arquitecta municipal y el secretario interventor. Por parte de la Bisbal del Pened\u00e8s, asistieron la alcaldesa Agn\u00e8s Ferr\u00e9; la concejala Leo Uceda y la secretaria interventora.<\/span><\/p>\n<p style=\"text-align: justify;\"><span style=\"color: #000000;\">Durante la reuni\u00f3n, se revis\u00f3 el replanteamiento de la l\u00ednea de delimitaci\u00f3n entre los t\u00e9rminos municipales de la Bisbal del Pened\u00e8s y Maslloren\u00e7, seg\u00fan el estudio realizado por el Instituto Cartogr\u00e1fico de Catalunya sobre la definici\u00f3n de la l\u00ednea de l\u00edmite entre estos municipios. El estudio se basaba en el acta de deslinde del 10 de junio de 1921. La reuni\u00f3n cont\u00f3 con la asistencia de parte de los vecinos convocados a la reuni\u00f3n, que son los que tienen propiedades en los l\u00edmites entre los dos municipios y ambos ayuntamientos firmaron el acta de delimitaci\u00f3n, que no presenta modificaciones con respecto a la anterior.<\/span><\/p>\n","protected":false},"excerpt":{"rendered":"<p>\u00a0 El passat dimecres 16 d\u2019octubre va tenir lloc la Comissi\u00f3 de Delimitaci\u00f3 dels termes municipals de Maslloren\u00e7 i la Bisbal del Pened\u00e8s a l\u2019Ajuntament de la Bisbal del Pened\u00e8s. &hellip; <a href=\"https:\/\/bisbalpenedes.com\/web\/2019\/10\/24\/el-dimecres-16-doctubre-va-tenir-lloc-la-comissio-de-delimitacio-dels-termes-de-masllorenc-i-la-bisbal\/\" class=\"more-link\">Read More<\/a><\/p>\n","protected":false},"author":4,"featured_media":11037,"comment_status":"closed","ping_status":"closed","sticky":false,"template":"","format":"standard","meta":[],"categories":[2057],"tags":[3255,3257,2134],"_links":{"self":[{"href":"https:\/\/bisbalpenedes.com\/web\/wp-json\/wp\/v2\/posts\/11036"}],"collection":[{"href":"https:\/\/bisbalpenedes.com\/web\/wp-json\/wp\/v2\/posts"}],"about":[{"href":"https:\/\/bisbalpenedes.com\/web\/wp-json\/wp\/v2\/types\/post"}],"author":[{"embeddable":true,"href":"https:\/\/bisbalpenedes.com\/web\/wp-json\/wp\/v2\/users\/4"}],"replies":[{"embeddable":true,"href":"https:\/\/bisbalpenedes.com\/web\/wp-json\/wp\/v2\/comments?post=11036"}],"version-history":[{"count":1,"href":"https:\/\/bisbalpenedes.com\/web\/wp-json\/wp\/v2\/posts\/11036\/revisions"}],"predecessor-version":[{"id":11038,"href":"https:\/\/bisbalpenedes.com\/web\/wp-json\/wp\/v2\/posts\/11036\/revisions\/11038"}],"wp:featuredmedia":[{"embeddable":true,"href":"https:\/\/bisbalpenedes.com\/web\/wp-json\/wp\/v2\/media\/11037"}],"wp:attachment":[{"href":"https:\/\/bisbalpenedes.com\/web\/wp-json\/wp\/v2\/media?parent=11036"}],"wp:term":[{"taxonomy":"category","embeddable":true,"href":"https:\/\/bisbalpenedes.com\/web\/wp-json\/wp\/v2\/categories?post=11036"},{"taxonomy":"post_tag","embeddable":true,"href":"https:\/\/bisbalpenedes.com\/web\/wp-json\/wp\/v2\/tags?post=11036"}],"curies":[{"name":"wp","href":"https:\/\/api.w.org\/{rel}","templated":true}]}}