{"id":11033,"date":"2019-10-24T07:29:50","date_gmt":"2019-10-24T06:29:50","guid":{"rendered":"http:\/\/bisbalpenedes.com\/web\/?p=11033"},"modified":"2019-10-24T07:29:50","modified_gmt":"2019-10-24T06:29:50","slug":"minut-de-silenci-en-senyal-de-dol-per-les-consequencies-de-les-inundacions","status":"publish","type":"post","link":"https:\/\/bisbalpenedes.com\/web\/2019\/10\/24\/minut-de-silenci-en-senyal-de-dol-per-les-consequencies-de-les-inundacions\/","title":{"rendered":"Minut de silenci en senyal de dol per les conseq\u00fc\u00e8ncies de les inundacions"},"content":{"rendered":"<p style=\"text-align: justify;\"><span style=\"color: #000000;\">L&#8217;Ajuntament de la Bisbal del Pened\u00e8s convoca un minut de silenci, avui dijous, a les 11h, al davant de l&#8217;Ajuntament, en senyal de dol per les fatals conseq\u00fc\u00e8ncies que han provocat les inundacions dels dies 22 i 23 d&#8217;octubre.\u00a0<\/span><\/p>\n<hr \/>\n<p style=\"text-align: justify;\"><span style=\"color: #000000;\">El Ayuntamiento de la Bisbal del Pened\u00e8s convoca un minuto de silencio, hoy jueves, a las 11h, delante del Ayuntamiento, en se\u00f1al de duelo por las fatales consecuencias que han provocado las inundaciones de los d\u00edas 22 y 23 de octubre.<\/span><\/p>\n","protected":false},"excerpt":{"rendered":"<p>L&#8217;Ajuntament de la Bisbal del Pened\u00e8s convoca un minut de silenci, avui dijous, a les 11h, al davant de l&#8217;Ajuntament, en senyal de dol per les fatals conseq\u00fc\u00e8ncies que han &hellip; <a href=\"https:\/\/bisbalpenedes.com\/web\/2019\/10\/24\/minut-de-silenci-en-senyal-de-dol-per-les-consequencies-de-les-inundacions\/\" class=\"more-link\">Read More<\/a><\/p>\n","protected":false},"author":4,"featured_media":5683,"comment_status":"closed","ping_status":"closed","sticky":false,"template":"","format":"standard","meta":[],"categories":[1628],"tags":[],"_links":{"self":[{"href":"https:\/\/bisbalpenedes.com\/web\/wp-json\/wp\/v2\/posts\/11033"}],"collection":[{"href":"https:\/\/bisbalpenedes.com\/web\/wp-json\/wp\/v2\/posts"}],"about":[{"href":"https:\/\/bisbalpenedes.com\/web\/wp-json\/wp\/v2\/types\/post"}],"author":[{"embeddable":true,"href":"https:\/\/bisbalpenedes.com\/web\/wp-json\/wp\/v2\/users\/4"}],"replies":[{"embeddable":true,"href":"https:\/\/bisbalpenedes.com\/web\/wp-json\/wp\/v2\/comments?post=11033"}],"version-history":[{"count":1,"href":"https:\/\/bisbalpenedes.com\/web\/wp-json\/wp\/v2\/posts\/11033\/revisions"}],"predecessor-version":[{"id":11034,"href":"https:\/\/bisbalpenedes.com\/web\/wp-json\/wp\/v2\/posts\/11033\/revisions\/11034"}],"wp:featuredmedia":[{"embeddable":true,"href":"https:\/\/bisbalpenedes.com\/web\/wp-json\/wp\/v2\/media\/5683"}],"wp:attachment":[{"href":"https:\/\/bisbalpenedes.com\/web\/wp-json\/wp\/v2\/media?parent=11033"}],"wp:term":[{"taxonomy":"category","embeddable":true,"href":"https:\/\/bisbalpenedes.com\/web\/wp-json\/wp\/v2\/categories?post=11033"},{"taxonomy":"post_tag","embeddable":true,"href":"https:\/\/bisbalpenedes.com\/web\/wp-json\/wp\/v2\/tags?post=11033"}],"curies":[{"name":"wp","href":"https:\/\/api.w.org\/{rel}","templated":true}]}}