{"id":11018,"date":"2019-10-23T10:58:05","date_gmt":"2019-10-23T09:58:05","guid":{"rendered":"http:\/\/bisbalpenedes.com\/web\/?p=11018"},"modified":"2019-10-23T11:09:10","modified_gmt":"2019-10-23T10:09:10","slug":"4-persones-amb-risc-dexclusio-sociolaboral-treballen-en-la-millora-del-torrent-de-les-segueres-des-daquesta-setmana","status":"publish","type":"post","link":"https:\/\/bisbalpenedes.com\/web\/2019\/10\/23\/4-persones-amb-risc-dexclusio-sociolaboral-treballen-en-la-millora-del-torrent-de-les-segueres-des-daquesta-setmana\/","title":{"rendered":"4 persones en risc d\u2019exclusi\u00f3 sociolaboral treballen en la millora del Torrent de les Segueres des d\u2019aquesta setmana"},"content":{"rendered":"<div id='gallery-1' class='gallery galleryid-11018 gallery-columns-3 gallery-size-thumbnail'><figure class='gallery-item'>\n\t\t\t<div class='gallery-icon landscape'>\n\t\t\t\t<a href='https:\/\/bisbalpenedes.com\/web\/2019\/10\/23\/4-persones-amb-risc-dexclusio-sociolaboral-treballen-en-la-millora-del-torrent-de-les-segueres-des-daquesta-setmana\/lesplai-torrent-segueres-3\/'><img width=\"150\" height=\"150\" src=\"https:\/\/bisbalpenedes.com\/web\/wp-content\/uploads\/2019\/10\/lesplai-torrent-segueres-3-e1571824590765-150x150.jpg\" class=\"attachment-thumbnail size-thumbnail\" alt=\"\" loading=\"lazy\" srcset=\"https:\/\/bisbalpenedes.com\/web\/wp-content\/uploads\/2019\/10\/lesplai-torrent-segueres-3-e1571824590765-150x150.jpg 150w, https:\/\/bisbalpenedes.com\/web\/wp-content\/uploads\/2019\/10\/lesplai-torrent-segueres-3-e1571824590765-300x300.jpg 300w, https:\/\/bisbalpenedes.com\/web\/wp-content\/uploads\/2019\/10\/lesplai-torrent-segueres-3-e1571824590765-100x100.jpg 100w\" sizes=\"(max-width: 150px) 100vw, 150px\" \/><\/a>\n\t\t\t<\/div><\/figure><figure class='gallery-item'>\n\t\t\t<div class='gallery-icon landscape'>\n\t\t\t\t<a href='https:\/\/bisbalpenedes.com\/web\/2019\/10\/23\/4-persones-amb-risc-dexclusio-sociolaboral-treballen-en-la-millora-del-torrent-de-les-segueres-des-daquesta-setmana\/lesplai-torrent-segueres-2\/'><img width=\"150\" height=\"150\" src=\"https:\/\/bisbalpenedes.com\/web\/wp-content\/uploads\/2019\/10\/lesplai-torrent-segueres-2-e1571824573607-150x150.jpg\" class=\"attachment-thumbnail size-thumbnail\" alt=\"\" loading=\"lazy\" srcset=\"https:\/\/bisbalpenedes.com\/web\/wp-content\/uploads\/2019\/10\/lesplai-torrent-segueres-2-e1571824573607-150x150.jpg 150w, https:\/\/bisbalpenedes.com\/web\/wp-content\/uploads\/2019\/10\/lesplai-torrent-segueres-2-e1571824573607-300x300.jpg 300w, https:\/\/bisbalpenedes.com\/web\/wp-content\/uploads\/2019\/10\/lesplai-torrent-segueres-2-e1571824573607-100x100.jpg 100w\" sizes=\"(max-width: 150px) 100vw, 150px\" \/><\/a>\n\t\t\t<\/div><\/figure><figure class='gallery-item'>\n\t\t\t<div class='gallery-icon landscape'>\n\t\t\t\t<a href='https:\/\/bisbalpenedes.com\/web\/2019\/10\/23\/4-persones-amb-risc-dexclusio-sociolaboral-treballen-en-la-millora-del-torrent-de-les-segueres-des-daquesta-setmana\/lesplai-torrent-segueres-1\/'><img width=\"150\" height=\"150\" src=\"https:\/\/bisbalpenedes.com\/web\/wp-content\/uploads\/2019\/10\/lesplai-torrent-segueres-1-e1571824553747-150x150.jpg\" class=\"attachment-thumbnail size-thumbnail\" alt=\"\" loading=\"lazy\" srcset=\"https:\/\/bisbalpenedes.com\/web\/wp-content\/uploads\/2019\/10\/lesplai-torrent-segueres-1-e1571824553747-150x150.jpg 150w, https:\/\/bisbalpenedes.com\/web\/wp-content\/uploads\/2019\/10\/lesplai-torrent-segueres-1-e1571824553747-300x300.jpg 300w, https:\/\/bisbalpenedes.com\/web\/wp-content\/uploads\/2019\/10\/lesplai-torrent-segueres-1-e1571824553747-100x100.jpg 100w\" sizes=\"(max-width: 150px) 100vw, 150px\" \/><\/a>\n\t\t\t<\/div><\/figure>\n\t\t<\/div>\n\n<p style=\"text-align: justify;\"><span style=\"color: #000000;\">La Regidoria de Medi Ambient informa que aquesta setmana ha comen\u00e7at l\u2019execuci\u00f3 del projecte d\u2019actuacions de millora de la funcionalitat hidr\u00e0ulica i de l\u2019\u00fas p\u00fablic sobre el Torrent de les Segueres, a l\u2019oest de l\u2019Esplai del Pened\u00e8s. La intervenci\u00f3 tindr\u00e0 una durada aproximada d\u2019un mes i compr\u00e8n actuacions sobre un tram de 1.200 metres de llarg i una superf\u00edcie d\u201911.700 m2 del torrent, entre el barranc del Clot de Bou (aig\u00fces amunt) i el <em>fondo<\/em> de Cal Llac (aig\u00fces avall).<\/span><\/p>\n<p style=\"text-align: justify;\"><span style=\"color: #000000;\">En l\u2019actualitat, aquest espai presenta una zona de bosc de ribera i pineda emboscada que est\u00e0 enva\u00efda per bardissa i herbassar, espais oberts de brolla i la pres\u00e8ncia puntual de canyissars i zones amb acumulacions puntuals de residus, restes vegetals o runes abocades.<\/span><\/p>\n<p style=\"text-align: justify;\"><span style=\"color: #000000;\">Les actuacions que es duran a terme al torrent persegueixen els objectius de:<\/span><\/p>\n<ul style=\"text-align: justify;\">\n<li><span style=\"color: #000000;\">Garantir la funcionalitat hidr\u00e0ulica del torrent i afavorir els seus accessos i espais de pas, amb la finalitat de garantir el bon funcionament dels seus ecosistemes; realitzar una tasca de prevenci\u00f3 d\u2019incendis forestals tot assegurant una repercussi\u00f3 positiva vers al benestar i la salut humana.<\/span><\/li>\n<li><span style=\"color: #000000;\">Promoure la formaci\u00f3 i millorar l\u2019ocupabilitat de quatre persones amb discapacitat o trastorn mental o altres factors d\u2019exclusi\u00f3 sociolaboral. Aquestes persones rebran nocions i h\u00e0bits de treball dins de l\u2019entorn del medi natural i rural.<\/span><\/li>\n<\/ul>\n<p style=\"text-align: justify;\"><span style=\"color: #000000;\">Les tasques que es preveuen inclouen:<\/span><\/p>\n<ul style=\"text-align: justify;\">\n<li><span style=\"color: #000000;\">La retirada d\u2019elements (arbres caiguts, canyes, residus de tota mena) que puguin suposar obturacions dels torrents amb el perill d\u2019inundacions que aix\u00f2 suposa<\/span><\/li>\n<li><span style=\"color: #000000;\">La millora de l\u2019accessibilitat a la ciutadania perqu\u00e8 hi pugui realitzar activitats saludables, com ara passejades, senderisme o la contemplaci\u00f3 d\u2019espais naturals d\u2019inter\u00e8s ecol\u00f2gic, paisatg\u00edstic i amb una diversitat d\u2019esp\u00e8cies pr\u00f2pies de la zona.<\/span><\/li>\n<li><span style=\"color: #000000;\">La neteja d\u2019h\u00e0bitats forestals, matolls i indrets que poden ser freq\u00fcentats per persones i on la pres\u00e8ncia de vegetaci\u00f3 pot suposar un elevat risc de generaci\u00f3 i propagaci\u00f3 d\u2019incendis.<\/span><\/li>\n<li><span style=\"color: #000000;\">La realitzaci\u00f3 d\u2019una restauraci\u00f3 ambiental d\u2019uns h\u00e0bitats d\u2019un gran inter\u00e8s ecol\u00f2gic i paisatg\u00edstic, afavorint la biodiversitat i la diversificaci\u00f3 del paisatge.<\/span><\/li>\n<\/ul>\n<p style=\"text-align: justify;\"><span style=\"color: #000000;\">La regidora de Medi Ambient, Leo Uceda, ha explicat que \u201ces tracta d\u2019una zona on es fa necess\u00e0ria aquesta neteja, per diversos motius: d\u2019una banda per prevenir incendis i millorar la biodiversitat, \u00e9s a dir, es tracta d\u2019una acci\u00f3 que pret\u00e9n ajudar a preservar la natura; d\u2019una altra banda, aquestes tasques contribueixen a la lluita contra les inundacions i els incendis; en tercer lloc, aquestes accions ens ajuden a preservar el nostre entorn natural, la seva fauna i la seva flora; i per \u00faltim, volem que els excursionistes i els senderistes puguin seguir gaudint d\u2019aquest espai en bones condicions\u201d. La regidora ha recordat que \u201cdes de la Regidoria de Medi Ambient es treballa any rere any per millorar les zones boscoses amb objectius similars al d\u2019aquesta actuaci\u00f3. A m\u00e9s, des de la Regidoria tamb\u00e9 s\u2019ha treballat i es treballa en la millora i senyalitzaci\u00f3 dels camins municipals\u201d.<\/span><\/p>\n<p style=\"text-align: justify;\"><span style=\"color: #000000;\">El projecte d\u2019aquestes actuacions ha estat promogut i finan\u00e7at per la Diputaci\u00f3 de Tarragona i la Fundaci\u00f3 Banc\u00e0ria La Caixa i ha estat elaborat i executat per Ei! Empresa d\u2019Inserci\u00f3 de les Comarques de Tarragona. Val a dir que, tant la Diputaci\u00f3 de Tarragona com l\u2019Ag\u00e8ncia Catalana de l\u2019Aigua i de Medi Natural han donat el vistiplau al projecte.<\/span><\/p>\n<hr \/>\n<p style=\"text-align: justify;\"><span style=\"color: #000000;\"><strong>CASTELLANO | Cuatro personas\u00a0en riesgo de exclusi\u00f3n sociolaboral trabajan en la mejora del Torrente <em>de les Segueres<\/em> desde esta semana<\/strong><\/span><\/p>\n<p style=\"text-align: justify;\"><span style=\"color: #000000;\">La Concejal\u00eda de Medio Ambiente informa de que esta semana ha empezado la ejecuci\u00f3n del proyecto de actuaciones de mejora de la funcionalidad hidr\u00e1ulica y del uso p\u00fablico sobre el Torrente de <em>les Segueres, <\/em>en el oeste de l\u2019Esplai del Pened\u00e8s. La intervenci\u00f3n tendr\u00e1 una duraci\u00f3n aproximada de un mes y comprende actuaciones sobre un tramo de 1.200 metros de largo y una superficie de 11.700 m2 del torrente, entre el barranco del Clot de Bou (aguas arriba) y el fondo de Cal Llac (aguas abajo).<\/span><\/p>\n<p><span style=\"color: #000000;\"> En la actualidad, este espacio presenta una zona de bosque de ribera y pinar que est\u00e1 invadida por maleza y hierbas, espacios abiertos de vegetaci\u00f3n y la presencia puntual de ca\u00f1izares y zonas de acumulaciones puntuales de residuos, restos vegetales o runas vertidas.<\/span><\/p>\n<p style=\"text-align: justify;\"><span style=\"color: #000000;\">Las actuaciones que se llevar\u00e1n a cabo en el torrente persiguen los objetivos de:<\/span><\/p>\n<ul style=\"text-align: justify;\">\n<li><span style=\"color: #000000;\">Garantizar la funcionalidad hidr\u00e1ulica del torrente y favorecer sus accesos y espacios de paso, con la finalidad de garantizar el buen funcionamiento de sus ecosistemas; realizar un trabajo de prevenci\u00f3n de incendios forestales asegurando una repercusi\u00f3n positiva hacia el bienestar y la salud humana.<\/span><\/li>\n<li><span style=\"color: #000000;\">Promover la formaci\u00f3n y mejorar la ocupaci\u00f3n de cuatro personas con discapacidad o trastorno mental u otros factores de exclusi\u00f3n sociolaboral. Estas personas reciben nociones y h\u00e1bitos de trabajo dentro del entorno del medio natural y rural.<\/span><\/li>\n<\/ul>\n<p style=\"text-align: justify;\"><span style=\"color: #000000;\">Los trabajos que se prev\u00e9n incluyen:<\/span><\/p>\n<ul style=\"text-align: justify;\">\n<li><span style=\"color: #000000;\">La retirada de elementos (\u00e1rboles ca\u00eddos, ca\u00f1as, residuos de todo tipo) que puedan suponer obturaciones de los torrentes con el peligro de inundaciones que esto supone.<\/span><\/li>\n<li><span style=\"color: #000000;\">La mejora de la accesibilidad a la ciudadan\u00eda para que pueda realizar actividades saludables, como por ejemplo paseos, senderismo o la contemplaci\u00f3n de espacios naturales de inter\u00e9s ecol\u00f3gico, paisaj\u00edstico y con una diversidad de especies propias de la zona.<\/span><\/li>\n<li><span style=\"color: #000000;\">La limpieza de h\u00e1bitats forestales, matojos y lugares que pueden ser frecuentados por personas y donde la presencia de vegetaci\u00f3n puede suponer un elevado riesgo de generaci\u00f3n y propagaci\u00f3n de incendios.<\/span><\/li>\n<li><span style=\"color: #000000;\">La realizaci\u00f3n de una restauraci\u00f3n ambiental de unos h\u00e1bitats de un gran inter\u00e9s ecol\u00f3gico y paisaj\u00edstico, favoreciendo la biodiversidad y la diversificaci\u00f3n del paisaje.<\/span><\/li>\n<\/ul>\n<p style=\"text-align: justify;\"><span style=\"color: #000000;\">La regidora de Medio Ambiente, Leo Uceda, ha explicado que \u201cse trata de una zona donde se hace necesaria esta limpieza, por varios motivos: por un lado para prevenir incendios y mejorar la biodiversidad, es decir, se trata de una acci\u00f3n que pretende ayudar a preservar la naturaleza; por otro lado, estos trabajos contribuyen a la lucha contra las inundaciones y los incendios; en tercer lugar, estas acciones nos ayudan a preservar nuestro entorno natural, su fauna y su flora; y por \u00faltimo, queremos que los excursionistas y los senderistas puedan seguir disfrutando de este espacio en buenas condiciones\u201d. La regidora ha recordado que \u201cdesde la Concejal\u00eda de Medio Ambiente se trabaja a\u00f1o tras a\u00f1os para mejorar las zonas de bosque con objetivos similares al de esta actuaci\u00f3n. Adem\u00e1s, desde la Concejal\u00eda tambi\u00e9n se ha trabajado y se trabaja en la mejora y se\u00f1alizaci\u00f3n de los caminos municipales\u201d.<\/span><\/p>\n<p style=\"text-align: justify;\"><span style=\"color: #000000;\">El proyecto de estas actuaciones ha sido promovido y financiado por la Diputaci\u00f3n de Tarragona y la Fundaci\u00f3n Bancaria La Caixa y ha sido elaborado y ejecutado por Ei! Empresa de Inserci\u00f3n de las Comarcas de Tarragona. Cabe decir que, tanto la Diputaci\u00f3n de Tarragona como la Agencia Catalana del Agua y de Medio Natural han dado el visto bueno al proyecto.<\/span><\/p>\n<p>&nbsp;<\/p>\n","protected":false},"excerpt":{"rendered":"<p>La Regidoria de Medi Ambient informa que aquesta setmana ha comen\u00e7at l\u2019execuci\u00f3 del projecte d\u2019actuacions de millora de la funcionalitat hidr\u00e0ulica i de l\u2019\u00fas p\u00fablic sobre el Torrent de les &hellip; <a href=\"https:\/\/bisbalpenedes.com\/web\/2019\/10\/23\/4-persones-amb-risc-dexclusio-sociolaboral-treballen-en-la-millora-del-torrent-de-les-segueres-des-daquesta-setmana\/\" class=\"more-link\">Read More<\/a><\/p>\n","protected":false},"author":4,"featured_media":11023,"comment_status":"closed","ping_status":"closed","sticky":false,"template":"","format":"standard","meta":[],"categories":[32],"tags":[3297,673,3296,3298,276,220,147,361,10,3295],"_links":{"self":[{"href":"https:\/\/bisbalpenedes.com\/web\/wp-json\/wp\/v2\/posts\/11018"}],"collection":[{"href":"https:\/\/bisbalpenedes.com\/web\/wp-json\/wp\/v2\/posts"}],"about":[{"href":"https:\/\/bisbalpenedes.com\/web\/wp-json\/wp\/v2\/types\/post"}],"author":[{"embeddable":true,"href":"https:\/\/bisbalpenedes.com\/web\/wp-json\/wp\/v2\/users\/4"}],"replies":[{"embeddable":true,"href":"https:\/\/bisbalpenedes.com\/web\/wp-json\/wp\/v2\/comments?post=11018"}],"version-history":[{"count":4,"href":"https:\/\/bisbalpenedes.com\/web\/wp-json\/wp\/v2\/posts\/11018\/revisions"}],"predecessor-version":[{"id":11026,"href":"https:\/\/bisbalpenedes.com\/web\/wp-json\/wp\/v2\/posts\/11018\/revisions\/11026"}],"wp:featuredmedia":[{"embeddable":true,"href":"https:\/\/bisbalpenedes.com\/web\/wp-json\/wp\/v2\/media\/11023"}],"wp:attachment":[{"href":"https:\/\/bisbalpenedes.com\/web\/wp-json\/wp\/v2\/media?parent=11018"}],"wp:term":[{"taxonomy":"category","embeddable":true,"href":"https:\/\/bisbalpenedes.com\/web\/wp-json\/wp\/v2\/categories?post=11018"},{"taxonomy":"post_tag","embeddable":true,"href":"https:\/\/bisbalpenedes.com\/web\/wp-json\/wp\/v2\/tags?post=11018"}],"curies":[{"name":"wp","href":"https:\/\/api.w.org\/{rel}","templated":true}]}}