{"id":11015,"date":"2019-10-23T10:11:33","date_gmt":"2019-10-23T09:11:33","guid":{"rendered":"http:\/\/bisbalpenedes.com\/web\/?p=11015"},"modified":"2019-10-23T10:12:06","modified_gmt":"2019-10-23T09:12:06","slug":"sobre-el-termini-per-acollir-se-a-la-subvencio-del-xec-nado","status":"publish","type":"post","link":"https:\/\/bisbalpenedes.com\/web\/2019\/10\/23\/sobre-el-termini-per-acollir-se-a-la-subvencio-del-xec-nado\/","title":{"rendered":"S&#8217;obre el termini per acollir-se a la subvenci\u00f3 del &#8216;Xec nad\u00f3&#8217;"},"content":{"rendered":"<p style=\"text-align: justify;\"><span style=\"color: #000000;\">L\u2019Ajuntament de la Bisbal del Pened\u00e8s ofereix un \u2018Xec nad\u00f3\u2019 valorat en 100\u20ac per gastar en comer\u00e7os locals als bisbalencs que hagin tingut o adoptat un nen o una nena durant l\u2019any 2018. El termini per acollir-se a aquesta subvenci\u00f3 estar\u00e0 obert del\u00a023 d\u2019octubre fins al 20 de novembre, ambd\u00f3s inclosos. Els sol\u00b7licitants hauran d\u2019entrar per registre d\u2019entrada de\u00a0 l\u2019Ajuntament la documentaci\u00f3 especificada a l\u2019anunci de la convocat\u00f2ria, que es pot descarregar en el seg\u00fcent enlla\u00e7:\u00a0<a style=\"color: #000000;\" href=\"https:\/\/www.diputaciodetarragona.cat\/ebop\/index.php?op=dwn&amp;tipus=i&amp;data=20191022&amp;anyp=2019&amp;num=09405&amp;v=i\">https:\/\/www.diputaciodetarragona.cat\/ebop\/index.php?op=dwn&amp;tipus=i&amp;data=20191022&amp;anyp=2019&amp;num=09405&amp;v=i<\/a><\/span><\/p>\n<p style=\"text-align: justify;\"><span style=\"color: #000000;\">Els comer\u00e7os que s\u2019adhereixen a aquesta campanya s\u00f3n: Vent de Dalt, Cal Pere Busquet, R\u00e0dio Mendoza, Farm\u00e0cia Dalmau, Supermercat Jaume, Fruiteria Agro-Verd, Fruites i verdures Montserrat i Aliprox Supermercats.<\/span><\/p>\n<p style=\"text-align: justify;\"><span style=\"color: #000000;\">Per a m\u00e9s informaci\u00f3 podeu contactar amb l\u2019Ajuntament de la Bisbal del Pened\u00e8s, per tel\u00e8fon: 977 68 84 38 o a trav\u00e9s del correu electr\u00f2nic <a href=\"mailto:info@bisbalpenedes.com\">info@bisbalpenedes.com<\/a>. Tamb\u00e9 podeu adre\u00e7ar-vos directament a les oficines municipals, al carrer Major, 21.<\/span><\/p>\n<hr \/>\n<p style=\"text-align: justify;\"><span style=\"color: #000000;\"><strong>CASTELLANO |<\/strong> El Ayuntamiento de la Bisbal del Pened\u00e8s ofrece un \u2018Xec nad\u00f3\u2019 (cheque para reci\u00e9n nacidos) valorado en 100\u20ac para gastar en comercios\u00a0locales a los bisbalencs que hayan tenido o adoptado un ni\u00f1o o una ni\u00f1a durante el a\u00f1o 2018. El plazo para acogerse a esta subvenci\u00f3n estar\u00e1 abierto del 23 de octubre al 20 de noviembre, ambos incluidos. Los solicitantes deber\u00e1n entrar por registro de entrada del Ayuntamiento la documentaci\u00f3n especificada en el anuncio de la convocatoria, que se pueden descargar en el siguiente enlace:\u00a0<a style=\"color: #000000;\" href=\"https:\/\/www.diputaciodetarragona.cat\/ebop\/index.php?op=dwn&amp;tipus=i&amp;data=20191022&amp;anyp=2019&amp;num=09405&amp;v=i\">https:\/\/www.diputaciodetarragona.cat\/ebop\/index.php?op=dwn&amp;tipus=i&amp;data=20191022&amp;anyp=2019&amp;num=09405&amp;v=i<\/a><\/span><\/p>\n<p style=\"text-align: justify;\"><span style=\"color: #000000;\">Los comercios que se adhieren en esta campa\u00f1a son: Vent de dalt, Cal Pere Busquet, Radio Mendoza, Farmacia Dalmau, Supermercat Jaume, Fruiteria Agro-Verd, Fruites i verdures Montserrat i Aliprox Supermercats.<\/span><\/p>\n<p style=\"text-align: justify;\"><span style=\"color: #000000;\">Para m\u00e1s informaci\u00f3n pod\u00e9is contactar con el Ayuntamiento de la Bisbal del Pened\u00e8s, por tel\u00e9fono: 977 68 84 38 o a trav\u00e9s del correo electr\u00f3nico <a href=\"mailto:info@bisbalpenedes.com\">info@bisbalpenedes.com<\/a>. Tambi\u00e9n pod\u00e9is dirigiros directamente a las oficinas municipales, en la calle Major, 21.<\/span><\/p>\n","protected":false},"excerpt":{"rendered":"<p>L\u2019Ajuntament de la Bisbal del Pened\u00e8s ofereix un \u2018Xec nad\u00f3\u2019 valorat en 100\u20ac per gastar en comer\u00e7os locals als bisbalencs que hagin tingut o adoptat un nen o una nena &hellip; <a href=\"https:\/\/bisbalpenedes.com\/web\/2019\/10\/23\/sobre-el-termini-per-acollir-se-a-la-subvencio-del-xec-nado\/\" class=\"more-link\">Read More<\/a><\/p>\n","protected":false},"author":4,"featured_media":2090,"comment_status":"closed","ping_status":"closed","sticky":false,"template":"","format":"standard","meta":[],"categories":[3126],"tags":[1488,417,419,1489,240],"_links":{"self":[{"href":"https:\/\/bisbalpenedes.com\/web\/wp-json\/wp\/v2\/posts\/11015"}],"collection":[{"href":"https:\/\/bisbalpenedes.com\/web\/wp-json\/wp\/v2\/posts"}],"about":[{"href":"https:\/\/bisbalpenedes.com\/web\/wp-json\/wp\/v2\/types\/post"}],"author":[{"embeddable":true,"href":"https:\/\/bisbalpenedes.com\/web\/wp-json\/wp\/v2\/users\/4"}],"replies":[{"embeddable":true,"href":"https:\/\/bisbalpenedes.com\/web\/wp-json\/wp\/v2\/comments?post=11015"}],"version-history":[{"count":2,"href":"https:\/\/bisbalpenedes.com\/web\/wp-json\/wp\/v2\/posts\/11015\/revisions"}],"predecessor-version":[{"id":11017,"href":"https:\/\/bisbalpenedes.com\/web\/wp-json\/wp\/v2\/posts\/11015\/revisions\/11017"}],"wp:featuredmedia":[{"embeddable":true,"href":"https:\/\/bisbalpenedes.com\/web\/wp-json\/wp\/v2\/media\/2090"}],"wp:attachment":[{"href":"https:\/\/bisbalpenedes.com\/web\/wp-json\/wp\/v2\/media?parent=11015"}],"wp:term":[{"taxonomy":"category","embeddable":true,"href":"https:\/\/bisbalpenedes.com\/web\/wp-json\/wp\/v2\/categories?post=11015"},{"taxonomy":"post_tag","embeddable":true,"href":"https:\/\/bisbalpenedes.com\/web\/wp-json\/wp\/v2\/tags?post=11015"}],"curies":[{"name":"wp","href":"https:\/\/api.w.org\/{rel}","templated":true}]}}