{"id":11013,"date":"2019-10-23T09:59:26","date_gmt":"2019-10-23T08:59:26","guid":{"rendered":"http:\/\/bisbalpenedes.com\/web\/?p=11013"},"modified":"2019-10-23T09:59:26","modified_gmt":"2019-10-23T08:59:26","slug":"el-priorat-de-la-bisbal-la-miralba-can-gordei-lesplai-la-masieta-i-santa-cristina-ja-disposen-de-fibra-optica","status":"publish","type":"post","link":"https:\/\/bisbalpenedes.com\/web\/2019\/10\/23\/el-priorat-de-la-bisbal-la-miralba-can-gordei-lesplai-la-masieta-i-santa-cristina-ja-disposen-de-fibra-optica\/","title":{"rendered":"El Priorat de la Bisbal, la Miralba, Can Gordei, l\u2019\u00c9splai, la Masieta i Santa Cristina ja disposen de fibra \u00f2ptica"},"content":{"rendered":"<p style=\"text-align: justify;\"><span style=\"color: #000000;\">L\u2019empresa XTA ha informat l\u2019Ajuntament de la Bisbal que el Priorat de la Bisbal, la Miralba, Can Gordei, l\u2019Esplai, la Masieta i Santa Cristina ja disposen de fibra \u00f2ptica. Durant els darrers mesos l\u2019empresa penedesenca ha executat el seu pla de desplegament\u00a0 amb l\u2019objectiu de fer arribar la fibra als diferents barris del municipi. Ara, els ve\u00efns interessats a contractar la fibra \u00f2ptica, hauran de contactar amb l\u2019empresa. La seva p\u00e0gina web \u00e9s <a style=\"color: #000000;\" href=\"http:\/\/www.xta.cat\">www.xta.cat<\/a> i el tel\u00e8fon \u00e9s el 93 897 52 00<\/span><\/p>\n<hr \/>\n<p style=\"text-align: justify;\"><span style=\"color: #000000;\"><strong>CASTELLANO |<\/strong> La empresa XTA ha informado al Ayuntamiento de la Bisbal del Pened\u00e8s que el Priorat de la Bisbal, la Miralba, Can Gordei, l\u2019Esplai, la Masieta y Santa Cristina ya disponen de fibra \u00f3ptica. Durante los \u00faltimos meses la empresa pendesenca ha ejecutado su plan de despliegue con el objetivo de hacer llegar la fibra a los distintos barrios del municipio. Ahora, los vecinos interesados en contratar la fibra \u00f3ptica deber\u00e1n contactar con la empresa. Su p\u00e1gina web es <a style=\"color: #000000;\" href=\"http:\/\/www.xta.cat\">www.xta.cat<\/a> y el tel\u00e9fono es el 93 897 52 00<\/span><\/p>\n","protected":false},"excerpt":{"rendered":"<p>L\u2019empresa XTA ha informat l\u2019Ajuntament de la Bisbal que el Priorat de la Bisbal, la Miralba, Can Gordei, l\u2019Esplai, la Masieta i Santa Cristina ja disposen de fibra \u00f2ptica. Durant &hellip; <a href=\"https:\/\/bisbalpenedes.com\/web\/2019\/10\/23\/el-priorat-de-la-bisbal-la-miralba-can-gordei-lesplai-la-masieta-i-santa-cristina-ja-disposen-de-fibra-optica\/\" class=\"more-link\">Read More<\/a><\/p>\n","protected":false},"author":4,"featured_media":6170,"comment_status":"closed","ping_status":"closed","sticky":false,"template":"","format":"standard","meta":[],"categories":[2238],"tags":[198,1099,3294,587,246,520,623],"_links":{"self":[{"href":"https:\/\/bisbalpenedes.com\/web\/wp-json\/wp\/v2\/posts\/11013"}],"collection":[{"href":"https:\/\/bisbalpenedes.com\/web\/wp-json\/wp\/v2\/posts"}],"about":[{"href":"https:\/\/bisbalpenedes.com\/web\/wp-json\/wp\/v2\/types\/post"}],"author":[{"embeddable":true,"href":"https:\/\/bisbalpenedes.com\/web\/wp-json\/wp\/v2\/users\/4"}],"replies":[{"embeddable":true,"href":"https:\/\/bisbalpenedes.com\/web\/wp-json\/wp\/v2\/comments?post=11013"}],"version-history":[{"count":1,"href":"https:\/\/bisbalpenedes.com\/web\/wp-json\/wp\/v2\/posts\/11013\/revisions"}],"predecessor-version":[{"id":11014,"href":"https:\/\/bisbalpenedes.com\/web\/wp-json\/wp\/v2\/posts\/11013\/revisions\/11014"}],"wp:featuredmedia":[{"embeddable":true,"href":"https:\/\/bisbalpenedes.com\/web\/wp-json\/wp\/v2\/media\/6170"}],"wp:attachment":[{"href":"https:\/\/bisbalpenedes.com\/web\/wp-json\/wp\/v2\/media?parent=11013"}],"wp:term":[{"taxonomy":"category","embeddable":true,"href":"https:\/\/bisbalpenedes.com\/web\/wp-json\/wp\/v2\/categories?post=11013"},{"taxonomy":"post_tag","embeddable":true,"href":"https:\/\/bisbalpenedes.com\/web\/wp-json\/wp\/v2\/tags?post=11013"}],"curies":[{"name":"wp","href":"https:\/\/api.w.org\/{rel}","templated":true}]}}