{"id":10997,"date":"2019-10-22T14:53:55","date_gmt":"2019-10-22T13:53:55","guid":{"rendered":"http:\/\/bisbalpenedes.com\/web\/?p=10997"},"modified":"2019-10-22T14:53:55","modified_gmt":"2019-10-22T13:53:55","slug":"horari-del-cementiri-amb-motiu-de-tots-sants","status":"publish","type":"post","link":"https:\/\/bisbalpenedes.com\/web\/2019\/10\/22\/horari-del-cementiri-amb-motiu-de-tots-sants\/","title":{"rendered":"Horari del cementiri amb motiu de Tots Sants"},"content":{"rendered":"<p style=\"text-align: center;\"><a href=\"http:\/\/bisbalpenedes.com\/web\/wp-content\/uploads\/2019\/10\/HORARI-CEMENTIRI-2019_page-0001.jpg\"><img loading=\"lazy\" class=\"alignnone size-large wp-image-10998\" src=\"http:\/\/bisbalpenedes.com\/web\/wp-content\/uploads\/2019\/10\/HORARI-CEMENTIRI-2019_page-0001-724x1024.jpg\" alt=\"HORARI CEMENTIRI 2019_page-0001\" width=\"630\" height=\"891\" srcset=\"https:\/\/bisbalpenedes.com\/web\/wp-content\/uploads\/2019\/10\/HORARI-CEMENTIRI-2019_page-0001-724x1024.jpg 724w, https:\/\/bisbalpenedes.com\/web\/wp-content\/uploads\/2019\/10\/HORARI-CEMENTIRI-2019_page-0001-600x848.jpg 600w, https:\/\/bisbalpenedes.com\/web\/wp-content\/uploads\/2019\/10\/HORARI-CEMENTIRI-2019_page-0001-212x300.jpg 212w, https:\/\/bisbalpenedes.com\/web\/wp-content\/uploads\/2019\/10\/HORARI-CEMENTIRI-2019_page-0001-768x1086.jpg 768w, https:\/\/bisbalpenedes.com\/web\/wp-content\/uploads\/2019\/10\/HORARI-CEMENTIRI-2019_page-0001.jpg 1240w\" sizes=\"(max-width: 630px) 100vw, 630px\" \/><\/a><\/p>\n<p style=\"text-align: justify;\"><span style=\"color: #000000;\">Amb motiu de Tots Sants, el Cementiri de la Bisbal del Pened\u00e8s romandr\u00e0 obert des del dissabte 26 d&#8217;octubre fins al diumenge 3 de novembre de 8:30h a 19:00h<\/span><\/p>\n<hr \/>\n<p style=\"text-align: justify;\"><span style=\"color: #000000;\"><strong>CASTELLANO |<\/strong> Con motivo de Todos los Santos, el Cementerio de la Bisbal del Pened\u00e8s permanecer\u00e1 abierto desde el s\u00e1bado 26 de octubre hasta el domingo 3 de noviembre de 8:30h a 19:00h.<\/span><\/p>\n","protected":false},"excerpt":{"rendered":"<p>Amb motiu de Tots Sants, el Cementiri de la Bisbal del Pened\u00e8s romandr\u00e0 obert des del dissabte 26 d&#8217;octubre fins al diumenge 3 de novembre de 8:30h a 19:00h CASTELLANO &hellip; <a href=\"https:\/\/bisbalpenedes.com\/web\/2019\/10\/22\/horari-del-cementiri-amb-motiu-de-tots-sants\/\" class=\"more-link\">Read More<\/a><\/p>\n","protected":false},"author":4,"featured_media":8031,"comment_status":"closed","ping_status":"closed","sticky":false,"template":"","format":"standard","meta":[],"categories":[4],"tags":[107,784],"_links":{"self":[{"href":"https:\/\/bisbalpenedes.com\/web\/wp-json\/wp\/v2\/posts\/10997"}],"collection":[{"href":"https:\/\/bisbalpenedes.com\/web\/wp-json\/wp\/v2\/posts"}],"about":[{"href":"https:\/\/bisbalpenedes.com\/web\/wp-json\/wp\/v2\/types\/post"}],"author":[{"embeddable":true,"href":"https:\/\/bisbalpenedes.com\/web\/wp-json\/wp\/v2\/users\/4"}],"replies":[{"embeddable":true,"href":"https:\/\/bisbalpenedes.com\/web\/wp-json\/wp\/v2\/comments?post=10997"}],"version-history":[{"count":1,"href":"https:\/\/bisbalpenedes.com\/web\/wp-json\/wp\/v2\/posts\/10997\/revisions"}],"predecessor-version":[{"id":10999,"href":"https:\/\/bisbalpenedes.com\/web\/wp-json\/wp\/v2\/posts\/10997\/revisions\/10999"}],"wp:featuredmedia":[{"embeddable":true,"href":"https:\/\/bisbalpenedes.com\/web\/wp-json\/wp\/v2\/media\/8031"}],"wp:attachment":[{"href":"https:\/\/bisbalpenedes.com\/web\/wp-json\/wp\/v2\/media?parent=10997"}],"wp:term":[{"taxonomy":"category","embeddable":true,"href":"https:\/\/bisbalpenedes.com\/web\/wp-json\/wp\/v2\/categories?post=10997"},{"taxonomy":"post_tag","embeddable":true,"href":"https:\/\/bisbalpenedes.com\/web\/wp-json\/wp\/v2\/tags?post=10997"}],"curies":[{"name":"wp","href":"https:\/\/api.w.org\/{rel}","templated":true}]}}