{"id":10991,"date":"2019-10-22T16:22:58","date_gmt":"2019-10-22T15:22:58","guid":{"rendered":"http:\/\/bisbalpenedes.com\/web\/?p=10991"},"modified":"2019-10-22T16:28:13","modified_gmt":"2019-10-22T15:28:13","slug":"la-regidoria-de-cultura-ha-participat-en-la-1a-trobada-de-sales-del-cicle-gaudi","status":"publish","type":"post","link":"https:\/\/bisbalpenedes.com\/web\/2019\/10\/22\/la-regidoria-de-cultura-ha-participat-en-la-1a-trobada-de-sales-del-cicle-gaudi\/","title":{"rendered":"La Regidoria de Cultura ha participat en la 1a Trobada de sales del Cicle Gaud\u00ed"},"content":{"rendered":"<div class=\"\" data-block=\"true\" data-editor=\"bdejh\" data-offset-key=\"1e64b-0-0\">\n<div class=\"_1mf _1mj\" data-offset-key=\"1e64b-0-0\"><span style=\"color: #000000;\"><a style=\"color: #000000;\" href=\"http:\/\/bisbalpenedes.com\/web\/wp-content\/uploads\/2019\/10\/TROBADA-DE-SALES-DEL-CIRCUIT.jpg\"><img loading=\"lazy\" class=\"alignnone size-large wp-image-10995 aligncenter\" src=\"http:\/\/bisbalpenedes.com\/web\/wp-content\/uploads\/2019\/10\/TROBADA-DE-SALES-DEL-CIRCUIT-1024x576.jpg\" alt=\"TROBADA DE SALES DEL CIRCUIT\" width=\"630\" height=\"354\" srcset=\"https:\/\/bisbalpenedes.com\/web\/wp-content\/uploads\/2019\/10\/TROBADA-DE-SALES-DEL-CIRCUIT-1024x576.jpg 1024w, https:\/\/bisbalpenedes.com\/web\/wp-content\/uploads\/2019\/10\/TROBADA-DE-SALES-DEL-CIRCUIT-600x338.jpg 600w, https:\/\/bisbalpenedes.com\/web\/wp-content\/uploads\/2019\/10\/TROBADA-DE-SALES-DEL-CIRCUIT-300x169.jpg 300w, https:\/\/bisbalpenedes.com\/web\/wp-content\/uploads\/2019\/10\/TROBADA-DE-SALES-DEL-CIRCUIT-768x432.jpg 768w, https:\/\/bisbalpenedes.com\/web\/wp-content\/uploads\/2019\/10\/TROBADA-DE-SALES-DEL-CIRCUIT.jpg 1200w\" sizes=\"(max-width: 630px) 100vw, 630px\" \/><\/a><\/span><\/div>\n<div class=\"_1mf _1mj\" data-offset-key=\"1e64b-0-0\"><\/div>\n<div class=\"_1mf _1mj\" style=\"text-align: justify;\" data-offset-key=\"1e64b-0-0\"><span style=\"color: #000000;\"><span data-offset-key=\"1e64b-0-0\"><span data-text=\"true\">Aquest dimarts 22 d&#8217;octubre ha tingut lloc la 1a Trobada de sales del <\/span><\/span><span class=\"_247o\" spellcheck=\"false\" data-offset-key=\"1e64b-1-0\"><span data-offset-key=\"1e64b-1-0\"><span data-text=\"true\">Cicle Gaud\u00ed a Cardona\u00a0<\/span><\/span><\/span><span data-offset-key=\"1e64b-2-0\"><span data-text=\"true\">. L&#8217;Alcalde\u00a0del municipi, Ferran Estruch, i la Presidenta de l&#8217;Acad\u00e8mia del Cinema Catal\u00e0, Isona Passola, han donat la Benvinguda als assistents. A continuaci\u00f3 s&#8217;han ofert diverses xerrades relacionades amb el cinema, s&#8217;ha dut a terme una formaci\u00f3-taller i, tot seguit, s&#8217;ha comen\u00e7at a treballar en l&#8217;elaboraci\u00f3 del Manual de Bones pr\u00e0ctiques.\u00a0<\/span><\/span><\/span><\/div>\n<\/div>\n<div class=\"_1mf _1mj\" style=\"text-align: justify;\" data-offset-key=\"1e64b-0-0\"><\/div>\n<div class=\"_1mf _1mj\" style=\"text-align: justify;\" data-offset-key=\"1e64b-0-0\"><span style=\"color: #000000;\">La regidora de Cultura de l&#8217;Ajuntament de la Bisbal del Pened\u00e8s, Judith Vidal, i el t\u00e8cnic de Cultura, Jordi Ferran, han assistit a l&#8217;acte. La regidora de Cultura albinyanenca Marif\u00e9 Merchan els ha acompanyat en representaci\u00f3 de la Diputaci\u00f3 de Tarragona, administraci\u00f3 que col\u00b7labora amb el Cicle Gaud\u00ed.<\/span><span style=\"color: #000000;\"><a style=\"color: #000000;\" href=\"http:\/\/bisbalpenedes.com\/web\/wp-content\/uploads\/2019\/10\/selfie-gaudI-TROBADA.jpg\"><img loading=\"lazy\" class=\"alignnone size-medium wp-image-10994 aligncenter\" src=\"http:\/\/bisbalpenedes.com\/web\/wp-content\/uploads\/2019\/10\/selfie-gaudI-TROBADA-300x225.jpg\" alt=\"selfie gaudI TROBADA\" width=\"300\" height=\"225\" srcset=\"https:\/\/bisbalpenedes.com\/web\/wp-content\/uploads\/2019\/10\/selfie-gaudI-TROBADA-300x225.jpg 300w, https:\/\/bisbalpenedes.com\/web\/wp-content\/uploads\/2019\/10\/selfie-gaudI-TROBADA-600x450.jpg 600w, https:\/\/bisbalpenedes.com\/web\/wp-content\/uploads\/2019\/10\/selfie-gaudI-TROBADA-768x576.jpg 768w, https:\/\/bisbalpenedes.com\/web\/wp-content\/uploads\/2019\/10\/selfie-gaudI-TROBADA-1024x768.jpg 1024w, https:\/\/bisbalpenedes.com\/web\/wp-content\/uploads\/2019\/10\/selfie-gaudI-TROBADA.jpg 1600w\" sizes=\"(max-width: 300px) 100vw, 300px\" \/><\/a><\/span><\/div>\n<div class=\"_1mf _1mj\" style=\"text-align: justify;\" data-offset-key=\"1e64b-0-0\"><\/div>\n<div class=\"_1mf _1mj\" style=\"text-align: justify;\" data-offset-key=\"1e64b-0-0\"><span style=\"color: #000000;\">El Cicle Gaud\u00ed es va crear l&#8217;any 2016 i, en l&#8217;actualitat, compta amb un total de 50 sales que projecten les pel\u00b7l\u00edcules del Cicle, entre les quals\u00a0hi ha l&#8217;Auditori Salb\u00e0 del Centre Municipal de Cultura, l&#8217;\u00fanica sala del Baix Pened\u00e8s que les programa.\u00a0La vila de la Bisbal va engegar les projeccions mensuals l&#8217;abril de 2017. Aleshores, les pel\u00b7l\u00edcules del Cicle Gaud\u00ed nom\u00e9s s&#8217;oferien en quatre sales m\u00e9s de la prov\u00edncia: Alcover, Falset, l&#8217;Hospitalet de l&#8217;Infant i Montblanc. <\/span><\/div>\n<div class=\"_1mf _1mj\" style=\"text-align: justify;\" data-offset-key=\"1e64b-0-0\"><span style=\"color: #000000;\">La pr\u00f2xima projecci\u00f3 programada tindr\u00e0 lloc el pr\u00f2xim diumenge 27 d&#8217;octubre, a les 19h:<\/span><\/div>\n<div class=\"_1mf _1mj\" data-offset-key=\"1e64b-0-0\"><span style=\"color: #000000;\"><a style=\"color: #000000;\" href=\"http:\/\/bisbalpenedes.com\/web\/wp-content\/uploads\/2019\/10\/VISUAL_A3_DIES_SARA_AMAT_LA_BISBAL_PENEDES-octubre-2019.jpg\"><img loading=\"lazy\" class=\"alignnone size-medium wp-image-10992 aligncenter\" src=\"http:\/\/bisbalpenedes.com\/web\/wp-content\/uploads\/2019\/10\/VISUAL_A3_DIES_SARA_AMAT_LA_BISBAL_PENEDES-octubre-2019-213x300.jpg\" alt=\"VISUAL_A3_DIES_SARA_AMAT_LA_BISBAL_PENEDES-octubre 2019\" width=\"213\" height=\"300\" srcset=\"https:\/\/bisbalpenedes.com\/web\/wp-content\/uploads\/2019\/10\/VISUAL_A3_DIES_SARA_AMAT_LA_BISBAL_PENEDES-octubre-2019-213x300.jpg 213w, https:\/\/bisbalpenedes.com\/web\/wp-content\/uploads\/2019\/10\/VISUAL_A3_DIES_SARA_AMAT_LA_BISBAL_PENEDES-octubre-2019-600x843.jpg 600w, https:\/\/bisbalpenedes.com\/web\/wp-content\/uploads\/2019\/10\/VISUAL_A3_DIES_SARA_AMAT_LA_BISBAL_PENEDES-octubre-2019-768x1080.jpg 768w, https:\/\/bisbalpenedes.com\/web\/wp-content\/uploads\/2019\/10\/VISUAL_A3_DIES_SARA_AMAT_LA_BISBAL_PENEDES-octubre-2019-728x1024.jpg 728w, https:\/\/bisbalpenedes.com\/web\/wp-content\/uploads\/2019\/10\/VISUAL_A3_DIES_SARA_AMAT_LA_BISBAL_PENEDES-octubre-2019.jpg 1146w\" sizes=\"(max-width: 213px) 100vw, 213px\" \/><\/a><\/span><\/div>\n<div class=\"\" style=\"text-align: justify;\" data-block=\"true\" data-editor=\"bdejh\" data-offset-key=\"1056j-0-0\">\n<div class=\"_1mf _1mj\" data-offset-key=\"1056j-0-0\"><span style=\"color: #000000;\" data-offset-key=\"1056j-0-0\">\u00a0<\/span><\/div>\n<\/div>\n<div class=\"\" style=\"text-align: justify;\" data-block=\"true\" data-editor=\"bdejh\" data-offset-key=\"d1pk0-0-0\">\n<div class=\"_1mf _1mj\" data-offset-key=\"d1pk0-0-0\">\n<hr \/>\n<\/div>\n<div class=\"_1mf _1mj\" data-offset-key=\"d1pk0-0-0\"><span style=\"color: #000000;\"><strong>CASTELLANO |<\/strong> Este martes 22 de octubre ha tenido lugar la 1a Trobada de sales del Cicle Gaud\u00ed en Cardona. El alcalde del municipio, Ferran Estruch, y la Presidenta de la Acad\u00e8mia del Cinema Catal\u00e0, Isona Passola, han dado la Bienvenida a los asistentes. A continuaci\u00f3n, se han ofrecido varias charlas relacionadas con el cine, se ha llevado a cabo una formaci\u00f3n taller y, a continuaci\u00f3n, se ha empezado a trabajar en la elaboraci\u00f3n del Manual de Buenas pr\u00e1cticas.<\/span><\/div>\n<div class=\"_1mf _1mj\" data-offset-key=\"d1pk0-0-0\"><span style=\"color: #000000;\">La regidora de Cultura del Ayuntamiento de la Bisbal del Pened\u00e8s, Judith Vidal, y el t\u00e9cnico de Cultura, Jordi Ferran, han asistido al acto. La\u00a0regidora de Cultura albinyanenca Marif\u00e9 Merchan los ha acompa\u00f1ado en representaci\u00f3n de la Diputaci\u00f3n de Tarragona, administraci\u00f3n que colabora con el Cicle Gaud\u00ed.<\/span><\/div>\n<\/div>\n<div class=\"_1mf _1mj\" data-offset-key=\"d1pk0-0-0\"><\/div>\n<div class=\"\" style=\"text-align: justify;\" data-block=\"true\" data-editor=\"bdejh\" data-offset-key=\"d1pk0-0-0\">\n<div class=\"_1mf _1mj\" data-offset-key=\"d1pk0-0-0\"><span style=\"color: #000000;\"> <a style=\"color: #000000;\" href=\"http:\/\/bisbalpenedes.com\/web\/wp-content\/uploads\/2019\/10\/selfie-gaudI-TROBADA.jpg\"><img loading=\"lazy\" class=\"alignnone size-medium wp-image-10994 aligncenter\" src=\"http:\/\/bisbalpenedes.com\/web\/wp-content\/uploads\/2019\/10\/selfie-gaudI-TROBADA-300x225.jpg\" alt=\"selfie gaudI TROBADA\" width=\"300\" height=\"225\" srcset=\"https:\/\/bisbalpenedes.com\/web\/wp-content\/uploads\/2019\/10\/selfie-gaudI-TROBADA-300x225.jpg 300w, https:\/\/bisbalpenedes.com\/web\/wp-content\/uploads\/2019\/10\/selfie-gaudI-TROBADA-600x450.jpg 600w, https:\/\/bisbalpenedes.com\/web\/wp-content\/uploads\/2019\/10\/selfie-gaudI-TROBADA-768x576.jpg 768w, https:\/\/bisbalpenedes.com\/web\/wp-content\/uploads\/2019\/10\/selfie-gaudI-TROBADA-1024x768.jpg 1024w, https:\/\/bisbalpenedes.com\/web\/wp-content\/uploads\/2019\/10\/selfie-gaudI-TROBADA.jpg 1600w\" sizes=\"(max-width: 300px) 100vw, 300px\" \/><\/a><\/span><\/div>\n<div class=\"_1mf _1mj\" data-offset-key=\"d1pk0-0-0\"><\/div>\n<div class=\"_1mf _1mj\" data-offset-key=\"d1pk0-0-0\"><span style=\"color: #000000;\">El Cicle Gaud\u00ed se cre\u00f3 en el a\u00f1o 2016 y, en la actualidad, cuenta con un total de 50 salas que proyectan las pel\u00edculas del Ciclo, entre las cuales\u00a0se encuentra el Auditori Salb\u00e0 del Centre Municipal de Cultura, la \u00fanica sala del Baix Pened\u00e8s que las programa. La villa de la Bisbal inici\u00f3 las proyecciones mensuales en abril del 2017. Entonces, las pel\u00edculas del Cicle Gaud\u00ed solamente se ofrec\u00edan en cuatro salas m\u00e1s de la provincia: Alcover, Falset, l&#8217;Hospitalet de l&#8217;Infant y Montblanc.<\/span><\/div>\n<div class=\"_1mf _1mj\" data-offset-key=\"d1pk0-0-0\"><span style=\"color: #000000;\">La pr\u00f3xima proyecci\u00f3n programada tendr\u00e1 lugar el pr\u00f3ximo domingo 27 de octubre, a las 19h:<\/span><\/div>\n<\/div>\n<div class=\"\" data-block=\"true\" data-editor=\"bdejh\" data-offset-key=\"1fk0b-0-0\">\n<div class=\"_1mf _1mj\" style=\"text-align: justify;\" data-offset-key=\"1fk0b-0-0\"><span style=\"color: #000000;\" data-offset-key=\"1fk0b-0-0\">\u00a0<\/span><\/div>\n<\/div>\n<div class=\"\" data-block=\"true\" data-editor=\"bdejh\" data-offset-key=\"sm0p-0-0\">\n<div class=\"_1mf _1mj\" data-offset-key=\"sm0p-0-0\"><span style=\"color: #000000;\" data-offset-key=\"sm0p-0-0\"><a style=\"color: #000000;\" href=\"http:\/\/bisbalpenedes.com\/web\/wp-content\/uploads\/2019\/10\/VISUAL_A3_DIES_SARA_AMAT_LA_BISBAL_PENEDES-octubre-2019.jpg\"><img loading=\"lazy\" class=\"alignnone size-medium wp-image-10992 aligncenter\" src=\"http:\/\/bisbalpenedes.com\/web\/wp-content\/uploads\/2019\/10\/VISUAL_A3_DIES_SARA_AMAT_LA_BISBAL_PENEDES-octubre-2019-213x300.jpg\" alt=\"VISUAL_A3_DIES_SARA_AMAT_LA_BISBAL_PENEDES-octubre 2019\" width=\"213\" height=\"300\" srcset=\"https:\/\/bisbalpenedes.com\/web\/wp-content\/uploads\/2019\/10\/VISUAL_A3_DIES_SARA_AMAT_LA_BISBAL_PENEDES-octubre-2019-213x300.jpg 213w, https:\/\/bisbalpenedes.com\/web\/wp-content\/uploads\/2019\/10\/VISUAL_A3_DIES_SARA_AMAT_LA_BISBAL_PENEDES-octubre-2019-600x843.jpg 600w, https:\/\/bisbalpenedes.com\/web\/wp-content\/uploads\/2019\/10\/VISUAL_A3_DIES_SARA_AMAT_LA_BISBAL_PENEDES-octubre-2019-768x1080.jpg 768w, https:\/\/bisbalpenedes.com\/web\/wp-content\/uploads\/2019\/10\/VISUAL_A3_DIES_SARA_AMAT_LA_BISBAL_PENEDES-octubre-2019-728x1024.jpg 728w, https:\/\/bisbalpenedes.com\/web\/wp-content\/uploads\/2019\/10\/VISUAL_A3_DIES_SARA_AMAT_LA_BISBAL_PENEDES-octubre-2019.jpg 1146w\" sizes=\"(max-width: 213px) 100vw, 213px\" \/><\/a><\/span><\/div>\n<\/div>\n<div class=\"\" data-block=\"true\" data-editor=\"bdejh\" data-offset-key=\"5b744-0-0\">\n<div class=\"_1mf _1mj\" data-offset-key=\"5b744-0-0\"><span style=\"color: #000000;\" data-offset-key=\"cnhhe-0-0\"><span data-text=\"true\">\u00a0<\/span><\/span><\/div>\n<\/div>\n<div class=\"\" data-block=\"true\" data-editor=\"bdejh\" data-offset-key=\"cnhhe-0-0\"><\/div>\n<div class=\"\" data-block=\"true\" data-editor=\"bdejh\" data-offset-key=\"3utqs-0-0\"><\/div>\n","protected":false},"excerpt":{"rendered":"<p>Aquest dimarts 22 d&#8217;octubre ha tingut lloc la 1a Trobada de sales del Cicle Gaud\u00ed a Cardona\u00a0. L&#8217;Alcalde\u00a0del municipi, Ferran Estruch, i la Presidenta de l&#8217;Acad\u00e8mia del Cinema Catal\u00e0, Isona &hellip; <a href=\"https:\/\/bisbalpenedes.com\/web\/2019\/10\/22\/la-regidoria-de-cultura-ha-participat-en-la-1a-trobada-de-sales-del-cicle-gaudi\/\" class=\"more-link\">Read More<\/a><\/p>\n","protected":false},"author":4,"featured_media":10995,"comment_status":"closed","ping_status":"closed","sticky":false,"template":"","format":"standard","meta":[],"categories":[13],"tags":[308,307,3291],"_links":{"self":[{"href":"https:\/\/bisbalpenedes.com\/web\/wp-json\/wp\/v2\/posts\/10991"}],"collection":[{"href":"https:\/\/bisbalpenedes.com\/web\/wp-json\/wp\/v2\/posts"}],"about":[{"href":"https:\/\/bisbalpenedes.com\/web\/wp-json\/wp\/v2\/types\/post"}],"author":[{"embeddable":true,"href":"https:\/\/bisbalpenedes.com\/web\/wp-json\/wp\/v2\/users\/4"}],"replies":[{"embeddable":true,"href":"https:\/\/bisbalpenedes.com\/web\/wp-json\/wp\/v2\/comments?post=10991"}],"version-history":[{"count":5,"href":"https:\/\/bisbalpenedes.com\/web\/wp-json\/wp\/v2\/posts\/10991\/revisions"}],"predecessor-version":[{"id":11009,"href":"https:\/\/bisbalpenedes.com\/web\/wp-json\/wp\/v2\/posts\/10991\/revisions\/11009"}],"wp:featuredmedia":[{"embeddable":true,"href":"https:\/\/bisbalpenedes.com\/web\/wp-json\/wp\/v2\/media\/10995"}],"wp:attachment":[{"href":"https:\/\/bisbalpenedes.com\/web\/wp-json\/wp\/v2\/media?parent=10991"}],"wp:term":[{"taxonomy":"category","embeddable":true,"href":"https:\/\/bisbalpenedes.com\/web\/wp-json\/wp\/v2\/categories?post=10991"},{"taxonomy":"post_tag","embeddable":true,"href":"https:\/\/bisbalpenedes.com\/web\/wp-json\/wp\/v2\/tags?post=10991"}],"curies":[{"name":"wp","href":"https:\/\/api.w.org\/{rel}","templated":true}]}}