{"id":10987,"date":"2019-10-22T13:00:51","date_gmt":"2019-10-22T12:00:51","guid":{"rendered":"http:\/\/bisbalpenedes.com\/web\/?p=10987"},"modified":"2019-10-22T13:01:12","modified_gmt":"2019-10-22T12:01:12","slug":"10987","status":"publish","type":"post","link":"https:\/\/bisbalpenedes.com\/web\/2019\/10\/22\/10987\/","title":{"rendered":"Aquest dilluns 21 d\u2019octubre s\u2019ha celebrat un Ple extraordinari a l\u2019Ajuntament de la Bisbal del Pened\u00e8s"},"content":{"rendered":"<p style=\"text-align: center;\"><a href=\"http:\/\/bisbalpenedes.com\/web\/wp-content\/uploads\/2019\/10\/PLE-EXTRAORDINARI-21-10-19.jpg\"><img loading=\"lazy\" class=\"alignnone size-large wp-image-10988\" src=\"http:\/\/bisbalpenedes.com\/web\/wp-content\/uploads\/2019\/10\/PLE-EXTRAORDINARI-21-10-19-1024x768.jpg\" alt=\"PLE EXTRAORDINARI 21-10-19\" width=\"630\" height=\"473\" srcset=\"https:\/\/bisbalpenedes.com\/web\/wp-content\/uploads\/2019\/10\/PLE-EXTRAORDINARI-21-10-19-1024x768.jpg 1024w, https:\/\/bisbalpenedes.com\/web\/wp-content\/uploads\/2019\/10\/PLE-EXTRAORDINARI-21-10-19-600x450.jpg 600w, https:\/\/bisbalpenedes.com\/web\/wp-content\/uploads\/2019\/10\/PLE-EXTRAORDINARI-21-10-19-300x225.jpg 300w, https:\/\/bisbalpenedes.com\/web\/wp-content\/uploads\/2019\/10\/PLE-EXTRAORDINARI-21-10-19-768x576.jpg 768w\" sizes=\"(max-width: 630px) 100vw, 630px\" \/><\/a><\/p>\n<p style=\"text-align: justify;\"><span style=\"color: #000000;\">Aquest dilluns 21 d\u2019octubre, a les 19h, s\u2019ha celebrat un Ple extraordinari a l\u2019Ajuntament de la Bisbal del Pened\u00e8s. S\u2019hi ha tractat els punts seg\u00fcents:<\/span><\/p>\n<p style=\"text-align: justify;\"><span style=\"color: #000000;\"><b>1.-Exp. 1329\/2019 Adhesi\u00f3 al sistema d\u2019adquisici\u00f3 centralitzada de l\u2019ACM (Associaci\u00f3 Catalana de Municipis i Comarques) i del CCDL (Consorci Catal\u00e0 pel Desenvolupament Local)<\/b><\/span><\/p>\n<p style=\"text-align: justify;\"><span style=\"color: #000000;\">S\u2019ha aprovat per unanimitat amb els vots a favor de Comprom\u00eds amb la Bisbal (6), PSC (2), Units per la Bisbal-FIC (1), Ara la Bisbal (1) i ERC-AM (1).<\/span><\/p>\n<p style=\"text-align: justify;\"><span style=\"color: #000000;\">L\u2019Ajuntament de la Bisbal del Pened\u00e8s s\u2019ha adherit al sistema d\u2019adquisici\u00f3 centralitzada de l\u2019ACM i el CCDL amb l\u2019objectiu de facilitar la tramitaci\u00f3 administrativa de determinades contractacions de productes i serveis i aconseguir millors preus. La central de compres es basa en el text ref\u00f3s de la Llei de contractes del sector p\u00fablic (TRLCSP) i el 2014 l\u2019ACM va aprovar el seu reglament de funcionament. L\u2019adhesi\u00f3 a la central de compres no suposa cap despesa ni obligaci\u00f3.<\/span><\/p>\n<p style=\"text-align: justify;\"><span style=\"color: #000000;\">Fins a la data, l\u2019Ajuntament de la Bisbal ha accedit a la Central de compres per adquirir el servei de v\u00eddeoactes, el contracte de consum d\u2019electricitat, la compra d\u2019equips inform\u00e0tics i el r\u00e8nting de vehicles municipals.<\/span><\/p>\n<p style=\"text-align: justify;\"><span style=\"color: #000000;\"><b>2.-Designaci\u00f3 dels membres de les meses electorals, per les eleccions generals del 10 de novembre de 2019<\/b><\/span><\/p>\n<p style=\"text-align: justify;\"><span style=\"color: #000000;\"><b>3.-Exp. 1424\/2019 Reconeixement extrajudicial de cr\u00e8dits: liquidaci\u00f3 del 4rt trimestre de 2018 del conveni de serveis socials amb el Consell Comarcal del Baix Pened\u00e8s<\/b><\/span><\/p>\n<p style=\"text-align: justify;\"><span style=\"color: #000000;\">S\u2019ha aprovat per unanimitat amb els vots a favor de Comprom\u00eds amb la Bisbal (6), PSC (2), Units per la Bisbal-FIC (1), Ara la Bisbal (1) i ERC-AM (1).<\/span><\/p>\n<p style=\"text-align: justify;\"><span style=\"color: #000000;\">S\u2019aprova per Ple el pagament de 12.977,21\u20ac corresponents a la liquidaci\u00f3 del 4t trimestre de 2018 del conveni de serveis socials del Consell Comarcal del Baix Pened\u00e8s. Aquest import es correspon a:<\/span><\/p>\n<p style=\"text-align: justify;\"><span style=\"color: #000000;\">\u00b7\u00a0\u00a0\u00a0\u00a0\u00a0\u00a0\u00a0\u00a0 Professionals del servei b\u00e0sic: 7.639,43\u20ac<\/span><\/p>\n<p style=\"text-align: justify;\"><span style=\"color: #000000;\">\u00b7\u00a0\u00a0\u00a0\u00a0\u00a0\u00a0\u00a0\u00a0 Servei d\u2019ajut a domicili (SAD): 2.386,11\u20ac<\/span><\/p>\n<p style=\"text-align: justify;\"><span style=\"color: #000000;\">\u00b7\u00a0\u00a0\u00a0\u00a0\u00a0\u00a0\u00a0\u00a0 Servei de transport adaptat: 710,59\u20ac<\/span><\/p>\n<p style=\"text-align: justify;\"><span style=\"color: #000000;\">\u00b7\u00a0\u00a0\u00a0\u00a0\u00a0\u00a0\u00a0\u00a0 Educadors de carrer (a la Cova Jove )(van comen\u00e7ar l\u201911\/10\/18): 1.150\u20ac<\/span><\/p>\n<p style=\"text-align: justify;\"><span style=\"color: #000000;\">\u00b7\u00a0\u00a0\u00a0\u00a0\u00a0\u00a0\u00a0\u00a0 Centre obert: 600\u20ac<\/span><\/p>\n<p style=\"text-align: justify;\"><span style=\"color: #000000;\">\u00b7\u00a0\u00a0\u00a0\u00a0\u00a0\u00a0\u00a0\u00a0 Servei d\u2019informaci\u00f3 i Atenci\u00f3 a les Dones (SIAD): 197,79\u20ac<\/span><\/p>\n<p style=\"text-align: justify;\"><span style=\"color: #000000;\">\u00b7\u00a0\u00a0\u00a0\u00a0\u00a0\u00a0\u00a0\u00a0 Servei d\u2019immigraci\u00f3 (inici l\u20191\/09\/18): 293,29\u20ac<\/span><\/p>\n<p style=\"text-align: justify;\"><span style=\"color: #000000;\">El pagament es far\u00e0 durant aquest 2019 per\u00f2, en tractar-se d\u2019un import de l\u2019any anterior, era necess\u00e0ria l\u2019aprovaci\u00f3 per Ple.<\/span><\/p>\n<p style=\"text-align: justify;\"><span style=\"color: #000000;\"><b>4.-Exp. 1405\/2019 Periodicitat dels pagaments de les indemnitzacions per assist\u00e8ncies a les sessions dels \u00f2rgans col\u00b7legiats a favor dels\/les regidors\/es sense dedicaci\u00f3 espec\u00edfica<\/b><\/span><\/p>\n<p style=\"text-align: justify;\"><span style=\"color: #000000;\">S\u2019ha aprovat per unanimitat amb els vots a favor de Comprom\u00eds amb la Bisbal (6), PSC (2), Units per la Bisbal-FIC (1), Ara la Bisbal (1) i ERC-AM (1).<\/span><\/p>\n<p style=\"text-align: justify;\"><span style=\"color: #000000;\">Durant el darrer mandat, els regidors i les regidores que no tenen una dedicaci\u00f3 espec\u00edfica percebien les indemnitzacions per Plens, Juntes de Govern o la Comissi\u00f3 de comptes de forma trimestral. Ara, el Ple ha aprovat el pagament mensual (cada dia 25 del mes es cobrar\u00e0 el mes anterior) de les esmentades indemnitzacions. En l\u2019actualitat les perceben els\/les seg\u00fcents regidors\/es: F\u00e9lix Villaz\u00e1n (Comprom\u00eds amb la Bisbal), Daniel Caballero i Jos\u00e9 Maria Cuadros (PSC), Xavier Faura (Units per la Bisbal-FIC), Maguy Antol\u00edn (Ara la Bisbal) i S\u00edlvia Monfort (ERC-AM).<\/span><\/p>\n<hr \/>\n<p style=\"text-align: justify;\"><span style=\"color: #000000;\"><b>CASTELLANO |<\/b>\u00a0Este lunes 21 de octubre, a las 19h, se ha celebrado un Pleno extraordinario en el Ayuntamiento de la Bisbal del Pened\u00e8s. Se han tratado los puntos siguientes:<\/span><\/p>\n<p style=\"text-align: justify;\"><span style=\"color: #000000;\"><b>1.-Exp. 1329\/2019 Adhesi\u00f3n al sistema de adquisici\u00f3n centralizada de la ACM (Associaci\u00f3 Catalana de Municipis i Comarques) y del CCDL (Consorci Catal\u00e0 pel Desenvolupament Local).<\/b><\/span><\/p>\n<p style=\"text-align: justify;\"><span style=\"color: #000000;\">Se ha aprobado por unanimidad con los votos a favor de Comprom\u00eds amb la Bisbal (6), PSC (2), Units per la Bisbal-FIC (1), Ara la Bisbal (1) y \u00a0\u00a0\u00a0 ERC-AM (1).<\/span><\/p>\n<p style=\"text-align: justify;\"><span style=\"color: #000000;\">El Ayuntamiento de la Bisbal del Pened\u00e8s se ha adherido al sistema de adquisici\u00f3n centralizada de la ACM y el CCDL con el objetivo de facilitar la tramitaci\u00f3n administrativa de determinadas contrataciones de productos y servicios y conseguir mejores precios. La central de compras se basa en el texto refundido de la Ley de contratos del sector p\u00fablico (TRLCSP) y el 2014 l\u2019ACM aprob\u00f3 su reglamento de funcionamiento. La adhesi\u00f3n a la central de compras no supone ning\u00fan gasto ni obligaci\u00f3n.<\/span><\/p>\n<p style=\"text-align: justify;\"><span style=\"color: #000000;\">Hasta la fecha, el Ayuntamiento de la Bisbal ha accedido a la Central de Compras para adquirir el servicio de videoactas, el contrato de consumo de electricidad, la compra de equipos inform\u00e1ticos y el renting de veh\u00edculos municipales.<\/span><\/p>\n<p style=\"text-align: justify;\"><span style=\"color: #000000;\"><b>2.-Designaci\u00f3n de los miembros de las mesas electorales, para las elecciones generales del 10 de noviembre del 2019.<\/b><\/span><\/p>\n<p style=\"text-align: justify;\"><span style=\"color: #000000;\"><b>3.-Exp. 1424\/2019 Reconocimiento extrajudicial de cr\u00e9ditos: liquidaci\u00f3n del 4\u00ba trimestre de 2018 del convenio de servicios sociales con el Consell Comarcal del Baix Pened\u00e8s.<\/b><\/span><\/p>\n<p style=\"text-align: justify;\"><span style=\"color: #000000;\">Se ha aprobado por unanimidad con los votos a favor de Comprom\u00eds amb la Bisbal (6), PSC (2), Units pe la Bisbal-FIC (1), Ara la Bisbal (1) y ERC-AM (1).<\/span><\/p>\n<p style=\"text-align: justify;\"><span style=\"color: #000000;\">Se aprueba por Pleno el pago de 12.977,21\u20ac correspondientes a la liquidaci\u00f3n del 4\u00ba trimestre de 2018 del convenio de servicios sociales del Consell Comarcal del Baix Pened\u00e8s. Este importe se corresponde a:<\/span><\/p>\n<p style=\"text-align: justify;\"><span style=\"color: #000000;\">\u00b7\u00a0\u00a0\u00a0\u00a0\u00a0\u00a0\u00a0\u00a0 Profesionales del servicio b\u00e1sico: 7.639,43\u20ac<\/span><\/p>\n<p style=\"text-align: justify;\"><span style=\"color: #000000;\">\u00b7\u00a0\u00a0\u00a0\u00a0\u00a0\u00a0\u00a0\u00a0 Servicio de ayuda a domicilio (SAD): 2.386,11\u20ac<\/span><\/p>\n<p style=\"text-align: justify;\"><span style=\"color: #000000;\">\u00b7\u00a0\u00a0\u00a0\u00a0\u00a0\u00a0\u00a0\u00a0 Servicio de transporte adaptado: 710,59\u20ac<\/span><\/p>\n<p style=\"text-align: justify;\"><span style=\"color: #000000;\">\u00b7\u00a0\u00a0\u00a0\u00a0\u00a0\u00a0\u00a0\u00a0 Educadores de calle (en la Cova Jove) (empezaron el 11\/10\/18): 1.150\u20ac<\/span><\/p>\n<p style=\"text-align: justify;\"><span style=\"color: #000000;\">\u00b7\u00a0\u00a0\u00a0\u00a0\u00a0\u00a0\u00a0\u00a0 Centre obert: 600\u20ac<\/span><\/p>\n<p style=\"text-align: justify;\"><span style=\"color: #000000;\">\u00b7\u00a0\u00a0\u00a0\u00a0\u00a0\u00a0\u00a0\u00a0 Servei d\u2019informaci\u00f3 i Atenci\u00f3 a les Dones (SIAD): 197,79\u20ac<\/span><\/p>\n<p style=\"text-align: justify;\"><span style=\"color: #000000;\">\u00b7\u00a0\u00a0\u00a0\u00a0\u00a0\u00a0\u00a0\u00a0 Servicio de inmigraci\u00f3n (inicio el 1\/09\/18): 293,29\u20ac<\/span><\/p>\n<p style=\"text-align: justify;\"><span style=\"color: #000000;\">El pago se har\u00e1 durante este 2019 pero, en tratarse de un importe del a\u00f1o anterior, era necesaria la aprobaci\u00f3n por Pleno.<\/span><\/p>\n<p style=\"text-align: justify;\"><span style=\"color: #000000;\"><b>4.-Exp. 1405\/2019 Periodicidad de los pagos de las indemnizaciones por asistencias a las sesiones de \u00f3rganos colegiados a favor de los\/las concejales\/las sin dedicaci\u00f3n espec\u00edfica.<\/b><\/span><\/p>\n<p style=\"text-align: justify;\"><span style=\"color: #000000;\">Se ha aprobado por unanimidad con los votos a favor de Comprom\u00eds amb la Bisbal (6), PSC (2), Units per la Bisbal-FIC (1), Ara la Bisal (1) y ERC-AM (1).<\/span><\/p>\n<p style=\"text-align: justify;\"><span style=\"color: #000000;\">Durante el \u00faltimo mandato, los concejales y las concejalas que no ten\u00edan una dedicaci\u00f3n espec\u00edfica percib\u00edan las indemnizaciones para Plenos, Juntas de Gobierno o la Comisi\u00f3n de cuentas de forma trimestral. Ahora el Pleno ha aprobado el pago mensual (cada d\u00eda 25 del mes se cobrar\u00e1 el mes anterior) de dichas indemnizaciones. En la actualidad las perciben los\/las siguientes concejales\/las: F\u00e9lix Villaz\u00e1n (Comprom\u00eds amb la Bisbal), Daniel Caballero y Jos\u00e9 Mar\u00eda Cuadros (PSC), Xavier Faura (Units per la Bisbal-FIC), Maguy Antol\u00edn (Ara la Bisbal) y S\u00edlvia Monfort (ERC-AM).<\/span><\/p>\n<p>&nbsp;<\/p>\n<p>&nbsp;<\/p>\n","protected":false},"excerpt":{"rendered":"<p>Aquest dilluns 21 d\u2019octubre, a les 19h, s\u2019ha celebrat un Ple extraordinari a l\u2019Ajuntament de la Bisbal del Pened\u00e8s. S\u2019hi ha tractat els punts seg\u00fcents: 1.-Exp. 1329\/2019 Adhesi\u00f3 al sistema &hellip; <a href=\"https:\/\/bisbalpenedes.com\/web\/2019\/10\/22\/10987\/\" class=\"more-link\">Read More<\/a><\/p>\n","protected":false},"author":4,"featured_media":10988,"comment_status":"closed","ping_status":"closed","sticky":false,"template":"","format":"standard","meta":[],"categories":[2250],"tags":[874,3290,3288,3287,1056,2963,3289,946,423],"_links":{"self":[{"href":"https:\/\/bisbalpenedes.com\/web\/wp-json\/wp\/v2\/posts\/10987"}],"collection":[{"href":"https:\/\/bisbalpenedes.com\/web\/wp-json\/wp\/v2\/posts"}],"about":[{"href":"https:\/\/bisbalpenedes.com\/web\/wp-json\/wp\/v2\/types\/post"}],"author":[{"embeddable":true,"href":"https:\/\/bisbalpenedes.com\/web\/wp-json\/wp\/v2\/users\/4"}],"replies":[{"embeddable":true,"href":"https:\/\/bisbalpenedes.com\/web\/wp-json\/wp\/v2\/comments?post=10987"}],"version-history":[{"count":2,"href":"https:\/\/bisbalpenedes.com\/web\/wp-json\/wp\/v2\/posts\/10987\/revisions"}],"predecessor-version":[{"id":10990,"href":"https:\/\/bisbalpenedes.com\/web\/wp-json\/wp\/v2\/posts\/10987\/revisions\/10990"}],"wp:featuredmedia":[{"embeddable":true,"href":"https:\/\/bisbalpenedes.com\/web\/wp-json\/wp\/v2\/media\/10988"}],"wp:attachment":[{"href":"https:\/\/bisbalpenedes.com\/web\/wp-json\/wp\/v2\/media?parent=10987"}],"wp:term":[{"taxonomy":"category","embeddable":true,"href":"https:\/\/bisbalpenedes.com\/web\/wp-json\/wp\/v2\/categories?post=10987"},{"taxonomy":"post_tag","embeddable":true,"href":"https:\/\/bisbalpenedes.com\/web\/wp-json\/wp\/v2\/tags?post=10987"}],"curies":[{"name":"wp","href":"https:\/\/api.w.org\/{rel}","templated":true}]}}