{"id":10945,"date":"2019-10-21T17:23:55","date_gmt":"2019-10-21T16:23:55","guid":{"rendered":"http:\/\/bisbalpenedes.com\/web\/?p=10945"},"modified":"2019-10-21T17:28:03","modified_gmt":"2019-10-21T16:28:03","slug":"la-bisbal-del-penedes-acull-l11a-edicio-de-les-jornades-de-treball-del-servei-basic-datencio-social-del-consell-comarcal-del-baix-penedes","status":"publish","type":"post","link":"https:\/\/bisbalpenedes.com\/web\/2019\/10\/21\/la-bisbal-del-penedes-acull-l11a-edicio-de-les-jornades-de-treball-del-servei-basic-datencio-social-del-consell-comarcal-del-baix-penedes\/","title":{"rendered":"La Bisbal del Pened\u00e8s acull l\u201911\u00aa edici\u00f3 de les jornades de treball del Servei B\u00e0sic d\u2019Atenci\u00f3 Social del Consell Comarcal del Baix Pened\u00e8s"},"content":{"rendered":"<p style=\"text-align: justify;\"><a href=\"http:\/\/bisbalpenedes.com\/web\/wp-content\/uploads\/2019\/10\/BENVINGUDA-JORNADES-SERVEIS-SOCIALS-2-OPT.jpg\"><img loading=\"lazy\" class=\"aligncenter wp-image-10947 size-full\" src=\"http:\/\/bisbalpenedes.com\/web\/wp-content\/uploads\/2019\/10\/BENVINGUDA-JORNADES-SERVEIS-SOCIALS-2-OPT.jpg\" alt=\"BENVINGUDA JORNADES SERVEIS SOCIALS 2 OPT\" width=\"679\" height=\"453\" srcset=\"https:\/\/bisbalpenedes.com\/web\/wp-content\/uploads\/2019\/10\/BENVINGUDA-JORNADES-SERVEIS-SOCIALS-2-OPT.jpg 679w, https:\/\/bisbalpenedes.com\/web\/wp-content\/uploads\/2019\/10\/BENVINGUDA-JORNADES-SERVEIS-SOCIALS-2-OPT-600x400.jpg 600w, https:\/\/bisbalpenedes.com\/web\/wp-content\/uploads\/2019\/10\/BENVINGUDA-JORNADES-SERVEIS-SOCIALS-2-OPT-300x200.jpg 300w\" sizes=\"(max-width: 679px) 100vw, 679px\" \/><\/a><\/p>\n<p style=\"text-align: justify;\"><span style=\"color: #000000;\">Aquest dilluns al mat\u00ed s\u2019ha donat inici, al Centre Municipal de Cultura de la Bisbal, a l\u201911\u00aa edici\u00f3 de les jornades de treball del Servei B\u00e0sic d\u2019Atenci\u00f3 Social del Consell Comarcal del Baix Pened\u00e8s. M\u00e9s d\u2019una vintena de professionals de l\u2019\u00e0rea d\u2019Atenci\u00f3 Social que treballen en diversos municipis de la comarca prenen part, durant tres dies consecutius, d\u2019unes jornades que persegueixen l\u2019objectiu de potenciar el vincle i la cohesi\u00f3 de l\u2019equip. Segons la directora t\u00e8cnica del Servei B\u00e0sic d\u2019Atenci\u00f3 Social del Consell Comarcal, Maribel Zabal, \u201cdurant la primera jornada s\u2019ha treballat el model de funcionament que t\u00e9 el Servei; aquest dimarts es tractar\u00e0 la difer\u00e8ncia entre les disciplines de treball social, educaci\u00f3 social i psicologia, alhora que s\u2019analitzar\u00e0 la forma en qu\u00e8 es fa xarxa i com es construeixen els diferents casos que es tracten des del Servei d\u2019Atenci\u00f3 Social; i, per \u00faltim, la jornada de dimecres se centrar\u00e0 en la xarxa que es construeix entre les disciplines del Servei d\u2019Atenci\u00f3 Social i la resta de serveis amb els quals conflueixen\u201d.<\/span><\/p>\n<p style=\"text-align: justify;\"><span style=\"color: #000000;\">Zabal ha explicat que \u201cprenen part d\u2019aquestes jornades els professionals que treballen en tots els municipis on presta servei el Consell Comarcal en mat\u00e8ria de Serveis Socials, \u00e9s a dir, tots els pobles de la comarca a excepci\u00f3 del Vendrell i Calafell\u201d.<\/span><\/p>\n<p style=\"text-align: justify;\"><span style=\"color: #000000;\">L\u2019alcaldessa Agn\u00e8s Ferr\u00e9 i la regidora de Benestar Social, Paqui Cepas, han donat la benvinguda a les participants, aquest dilluns al mat\u00ed, en una recepci\u00f3 que ha comptat tamb\u00e9 amb la pres\u00e8ncia de la directora t\u00e8cnica del Servei B\u00e0sic d\u2019Atenci\u00f3 Social del Consell Comarcal del Baix Pened\u00e8s,\u00a0 Maribel Zabal.<\/span><\/p>\n<hr \/>\n<p style=\"text-align: justify;\"><span style=\"color: #000000;\"><strong>CASTELLANO |<\/strong> Este lunes por la ma\u00f1ana se ha dado inicio, en el Centro Municipal de Cultura de la Bisbal, a la 11\u00aa edici\u00f3n de las jornadas de trabajo del Servicio B\u00e1sico de Atenci\u00f3n Social del Consell Comarcal del Baix Pened\u00e8s. M\u00e1s de una veintena de profesionales del \u00e1rea de Atenci\u00f3n Social que trabajan en varios municipios de la comarca toman parte, durante tres d\u00edas consecutivos, de unas jornadas que persiguen el objetivo de potenciar el v\u00ednculo y la cohesi\u00f3n del equipo. Seg\u00fan la directora t\u00e9cnica del Servicio B\u00e1sico de Atenci\u00f3n Social del Consell Comarcal, Maribel Zabal, \u201cdurante la primera jornada se ha trabajado el modelo de funcionamiento que tiene el Servicio; este martes se tratar\u00e1 la diferencia entre las disciplinas de trabajo social, educaci\u00f3n social y psicolog\u00eda, a la vez que se analizar\u00e1 la forma en la que se hace red y c\u00f3mo se construyen los distintos casos que se tratan desde el Servicio de Atenci\u00f3n Social; y, por \u00faltimo, la jornada del mi\u00e9rcoles ser centrar\u00e1 en la red que se construye entre las disciplinas del Servicio de Atenci\u00f3n Social y el resto de servicios con los que confluyen\u201d.<\/span><\/p>\n<p style=\"text-align: justify;\"><span style=\"color: #000000;\">Zabal ha explicado que \u201ctoman parte de estas jornadas los profesionales que trabajan en todos los municipios donde presta servicio el Consell Comarcal en materia de Servicios Sociales, es decir, todos los pueblos de la comarca a excepci\u00f3n de El Vendrell y Calafell\u201d.<\/span><\/p>\n<p style=\"text-align: justify;\"><span style=\"color: #000000;\">La alcaldesa Agn\u00e8s Ferr\u00e9 y la regidora de Bienestar Social, Paqui Cepas, han dado la bienvenida a las participantes, este lunes por la ma\u00f1ana, en una recepci\u00f3n que ha contado tambi\u00e9n con la presencia de la directora t\u00e9cnica del Servicio B\u00e1sico de Atenci\u00f3n Social del Consell Comarcal del Baix Pened\u00e8s, Maribel Zabal.<\/span><\/p>\n<p>&nbsp;<\/p>\n","protected":false},"excerpt":{"rendered":"<p>Aquest dilluns al mat\u00ed s\u2019ha donat inici, al Centre Municipal de Cultura de la Bisbal, a l\u201911\u00aa edici\u00f3 de les jornades de treball del Servei B\u00e0sic d\u2019Atenci\u00f3 Social del Consell &hellip; <a href=\"https:\/\/bisbalpenedes.com\/web\/2019\/10\/21\/la-bisbal-del-penedes-acull-l11a-edicio-de-les-jornades-de-treball-del-servei-basic-datencio-social-del-consell-comarcal-del-baix-penedes\/\" class=\"more-link\">Read More<\/a><\/p>\n","protected":false},"author":4,"featured_media":10947,"comment_status":"closed","ping_status":"closed","sticky":false,"template":"","format":"standard","meta":[],"categories":[17],"tags":[2930,226,1056,3286,268],"_links":{"self":[{"href":"https:\/\/bisbalpenedes.com\/web\/wp-json\/wp\/v2\/posts\/10945"}],"collection":[{"href":"https:\/\/bisbalpenedes.com\/web\/wp-json\/wp\/v2\/posts"}],"about":[{"href":"https:\/\/bisbalpenedes.com\/web\/wp-json\/wp\/v2\/types\/post"}],"author":[{"embeddable":true,"href":"https:\/\/bisbalpenedes.com\/web\/wp-json\/wp\/v2\/users\/4"}],"replies":[{"embeddable":true,"href":"https:\/\/bisbalpenedes.com\/web\/wp-json\/wp\/v2\/comments?post=10945"}],"version-history":[{"count":3,"href":"https:\/\/bisbalpenedes.com\/web\/wp-json\/wp\/v2\/posts\/10945\/revisions"}],"predecessor-version":[{"id":10949,"href":"https:\/\/bisbalpenedes.com\/web\/wp-json\/wp\/v2\/posts\/10945\/revisions\/10949"}],"wp:featuredmedia":[{"embeddable":true,"href":"https:\/\/bisbalpenedes.com\/web\/wp-json\/wp\/v2\/media\/10947"}],"wp:attachment":[{"href":"https:\/\/bisbalpenedes.com\/web\/wp-json\/wp\/v2\/media?parent=10945"}],"wp:term":[{"taxonomy":"category","embeddable":true,"href":"https:\/\/bisbalpenedes.com\/web\/wp-json\/wp\/v2\/categories?post=10945"},{"taxonomy":"post_tag","embeddable":true,"href":"https:\/\/bisbalpenedes.com\/web\/wp-json\/wp\/v2\/tags?post=10945"}],"curies":[{"name":"wp","href":"https:\/\/api.w.org\/{rel}","templated":true}]}}