{"id":10941,"date":"2019-10-21T17:03:03","date_gmt":"2019-10-21T16:03:03","guid":{"rendered":"http:\/\/bisbalpenedes.com\/web\/?p=10941"},"modified":"2019-10-21T17:03:03","modified_gmt":"2019-10-21T16:03:03","slug":"les-obres-de-rehabilitacio-de-les-cases-dels-mestres-per-convertir-les-en-habitatge-social-comencaran-al-novembre-i-tindran-una-durada-aproximada-de-tres-mesos","status":"publish","type":"post","link":"https:\/\/bisbalpenedes.com\/web\/2019\/10\/21\/les-obres-de-rehabilitacio-de-les-cases-dels-mestres-per-convertir-les-en-habitatge-social-comencaran-al-novembre-i-tindran-una-durada-aproximada-de-tres-mesos\/","title":{"rendered":"Les obres de rehabilitaci\u00f3 de les cases dels mestres per convertir-les en habitatge social comen\u00e7aran al novembre i tindran una durada aproximada de tres mesos"},"content":{"rendered":"<p style=\"text-align: center;\"><a href=\"http:\/\/bisbalpenedes.com\/web\/wp-content\/uploads\/2018\/01\/cases-dels-mestres-e1560243306900.jpg\"><img loading=\"lazy\" class=\"alignnone size-medium wp-image-4408\" src=\"http:\/\/bisbalpenedes.com\/web\/wp-content\/uploads\/2018\/01\/cases-dels-mestres-e1560243306900-300x185.jpg\" alt=\"cases dels mestres\" width=\"300\" height=\"185\" srcset=\"https:\/\/bisbalpenedes.com\/web\/wp-content\/uploads\/2018\/01\/cases-dels-mestres-e1560243306900-300x185.jpg 300w, https:\/\/bisbalpenedes.com\/web\/wp-content\/uploads\/2018\/01\/cases-dels-mestres-e1560243306900-600x370.jpg 600w, https:\/\/bisbalpenedes.com\/web\/wp-content\/uploads\/2018\/01\/cases-dels-mestres-e1560243306900-768x473.jpg 768w, https:\/\/bisbalpenedes.com\/web\/wp-content\/uploads\/2018\/01\/cases-dels-mestres-e1560243306900-1024x631.jpg 1024w\" sizes=\"(max-width: 300px) 100vw, 300px\" \/><\/a><\/p>\n<p style=\"text-align: justify;\"><span style=\"color: #000000;\">La Junta de Govern del 14 d\u2019octubre de 2019 ha adjudicat les obres de rehabilitaci\u00f3 de les cases dels mestres per convertir-les en habitatge social. Les obres han estat adjudicades a l\u2019empresa Tecnologia de firmes S.A. per un import total de 73.676,27\u20ac (IVA incl\u00f2s) i comen\u00e7aran durant el mes de novembre.<\/span><\/p>\n<p style=\"text-align: justify;\"><span style=\"color: #000000;\">El passat mes d\u2019agost de 2019 es va aprovar la licitaci\u00f3 de les obres de dos habitatges socials a les antigues cases dels mestres per un import de 76.746,11\u20ac. Un total de tres empreses van presentar les seves propostes fins al 7 de setembre, data l\u00edmit per presentar la documentaci\u00f3. Posteriorment la Mesa va valorar les tres propostes, d\u2019acord amb el plec de cl\u00e0usules, i es va triar l\u2019empresa guanyadora.<\/span><\/p>\n<p style=\"text-align: justify;\"><span style=\"color: #000000;\">El projecte de rehabilitaci\u00f3 de les cases dels mestres compta amb una subvenci\u00f3 de 20.000\u20ac de la Diputaci\u00f3 de Tarragona. Els 53.676,27\u20ac restants s\u2019abonaran amb una part de l\u2019import que l\u2019Ajuntament ha obtingut per la venda d\u2019un percentatge d\u2019una parcel\u00b7la del pol\u00edgon industrial que era de propietat municipal i que s\u2019ha consignat a la partida d\u2019habitatges socials. La durada prevista de les obres \u00e9s de tres mesos.<\/span><\/p>\n<hr \/>\n<p style=\"text-align: justify;\"><span style=\"color: #000000;\"><strong>CASTELLANO |<\/strong> La Junta de Gobierno del 14 de octubre de 2019 ha adjudicado las obras de rehabilitaci\u00f3n de las casas de los maestros para convertirlas en vivienda social. Las obras se han adjudicado a la empresa Tecnolog\u00eda de firmes S.A. por un importe total de 73.676,27\u20ac (IVA incluido) i empezar\u00e1n durante el mes de noviembre.<\/span><\/p>\n<p style=\"text-align: justify;\"><span style=\"color: #000000;\">El pasado mes de agosto del 2019 se aprob\u00f3 la licitaci\u00f3n de las obras de dos viviendas sociales en las antiguas casas de los maestros por un importe de 76.745,11\u20ac. Un total de tres empresas presentaron sus propuestas hasta el 7 de septiembre, fecha l\u00edmite para presentar la documentaci\u00f3n. Posteriormente la Mesa valor\u00f3 las tres propuestas, de acuerdo con el pliego de cl\u00e1usulas, y se escogi\u00f3 la empresa ganadora.<\/span><\/p>\n<p style=\"text-align: justify;\"><span style=\"color: #000000;\">El proyecto de rehabilitaci\u00f3n de las casas de los maestros cuenta con una subvenci\u00f3n de 20.000\u20ac de la Diputaci\u00f3n de Tarragona. Los 53.676,27\u20ac restantes se abonar\u00e1n con una parte del importe que el Ayuntamiento ha obtenido por la venta de un porcentaje de una parcela del pol\u00edgono industrial que era de propiedad municipal y que se ha consignado en la partida de viviendas sociales. La duraci\u00f3n prevista de las obras es de tres meses.<\/span><\/p>\n","protected":false},"excerpt":{"rendered":"<p>La Junta de Govern del 14 d\u2019octubre de 2019 ha adjudicat les obres de rehabilitaci\u00f3 de les cases dels mestres per convertir-les en habitatge social. Les obres han estat adjudicades &hellip; <a href=\"https:\/\/bisbalpenedes.com\/web\/2019\/10\/21\/les-obres-de-rehabilitacio-de-les-cases-dels-mestres-per-convertir-les-en-habitatge-social-comencaran-al-novembre-i-tindran-una-durada-aproximada-de-tres-mesos\/\" class=\"more-link\">Read More<\/a><\/p>\n","protected":false},"author":4,"featured_media":4408,"comment_status":"closed","ping_status":"closed","sticky":false,"template":"","format":"standard","meta":[],"categories":[17,15],"tags":[384,385,394,268,199,3285],"_links":{"self":[{"href":"https:\/\/bisbalpenedes.com\/web\/wp-json\/wp\/v2\/posts\/10941"}],"collection":[{"href":"https:\/\/bisbalpenedes.com\/web\/wp-json\/wp\/v2\/posts"}],"about":[{"href":"https:\/\/bisbalpenedes.com\/web\/wp-json\/wp\/v2\/types\/post"}],"author":[{"embeddable":true,"href":"https:\/\/bisbalpenedes.com\/web\/wp-json\/wp\/v2\/users\/4"}],"replies":[{"embeddable":true,"href":"https:\/\/bisbalpenedes.com\/web\/wp-json\/wp\/v2\/comments?post=10941"}],"version-history":[{"count":1,"href":"https:\/\/bisbalpenedes.com\/web\/wp-json\/wp\/v2\/posts\/10941\/revisions"}],"predecessor-version":[{"id":10942,"href":"https:\/\/bisbalpenedes.com\/web\/wp-json\/wp\/v2\/posts\/10941\/revisions\/10942"}],"wp:featuredmedia":[{"embeddable":true,"href":"https:\/\/bisbalpenedes.com\/web\/wp-json\/wp\/v2\/media\/4408"}],"wp:attachment":[{"href":"https:\/\/bisbalpenedes.com\/web\/wp-json\/wp\/v2\/media?parent=10941"}],"wp:term":[{"taxonomy":"category","embeddable":true,"href":"https:\/\/bisbalpenedes.com\/web\/wp-json\/wp\/v2\/categories?post=10941"},{"taxonomy":"post_tag","embeddable":true,"href":"https:\/\/bisbalpenedes.com\/web\/wp-json\/wp\/v2\/tags?post=10941"}],"curies":[{"name":"wp","href":"https:\/\/api.w.org\/{rel}","templated":true}]}}