{"id":10937,"date":"2019-10-19T14:15:05","date_gmt":"2019-10-19T13:15:05","guid":{"rendered":"http:\/\/bisbalpenedes.com\/web\/?p=10937"},"modified":"2019-10-19T14:16:40","modified_gmt":"2019-10-19T13:16:40","slug":"aqualia-ha-desinfectat-i-netejat-el-diposit-daigua-de-lesplai-aquesta-setmana","status":"publish","type":"post","link":"https:\/\/bisbalpenedes.com\/web\/2019\/10\/19\/aqualia-ha-desinfectat-i-netejat-el-diposit-daigua-de-lesplai-aquesta-setmana\/","title":{"rendered":"Aqualia ha desinfectat i netejat el dip\u00f2sit d&#8217;aigua de l&#8217;Esplai aquesta setmana"},"content":{"rendered":"<p style=\"text-align: justify;\"><a href=\"http:\/\/bisbalpenedes.com\/web\/wp-content\/uploads\/2019\/10\/PHOTO-2019-10-16-13-05-27.jpg\"><img loading=\"lazy\" class=\"aligncenter size-medium wp-image-10938\" src=\"http:\/\/bisbalpenedes.com\/web\/wp-content\/uploads\/2019\/10\/PHOTO-2019-10-16-13-05-27-225x300.jpg\" alt=\"neteja pou esplai\" width=\"225\" height=\"300\" srcset=\"https:\/\/bisbalpenedes.com\/web\/wp-content\/uploads\/2019\/10\/PHOTO-2019-10-16-13-05-27-225x300.jpg 225w, https:\/\/bisbalpenedes.com\/web\/wp-content\/uploads\/2019\/10\/PHOTO-2019-10-16-13-05-27-600x800.jpg 600w, https:\/\/bisbalpenedes.com\/web\/wp-content\/uploads\/2019\/10\/PHOTO-2019-10-16-13-05-27-768x1024.jpg 768w, https:\/\/bisbalpenedes.com\/web\/wp-content\/uploads\/2019\/10\/PHOTO-2019-10-16-13-05-27.jpg 1200w\" sizes=\"(max-width: 225px) 100vw, 225px\" \/><\/a><\/p>\n<p style=\"text-align: justify;\"><span style=\"color: #000000;\">L\u2019empresa que gestiona el Servei Municipal d\u2019Aig\u00fces a la Bisbal del Pened\u00e8s, Aqualia, ha realitzat les tasques de desinfecci\u00f3 i neteja del dip\u00f2sit de l\u2019Esplai aquest dimecres 16 d\u2019octubre. Segons expliquen des d\u2019Aqualia \u201cs\u2019est\u00e0 executant el Pla de Neteja i Desinfecci\u00f3 dels Dip\u00f2sits d\u2019Aigua que abasteixen al municipi de la Bisbal del Pened\u00e8s. Aquestes tasques formen part del Pla d\u2019Autocontrol i Gesti\u00f3 del Subministrament del Servei Municipal d\u2019Aig\u00fces i d\u2019aquesta manera, l\u2019empresa d\u00f3na compliment al Pla de Vigil\u00e0ncia de Control Sanitari d\u2019Aigua de Consum Hum\u00e0 de Catalunya\u201d.<\/span><\/p>\n<p style=\"text-align: justify;\"><span style=\"color: #000000;\">El dip\u00f2sit de l\u2019Esplai t\u00e9 una capacitat de 500m<sup>3<\/sup> d\u2019aigua potable i les tasques de desinfecci\u00f3 i neteja han consistit a realitzar la neteja hidromec\u00e0nica per extreure els s\u00f2lids de les parets i del terra; la revisi\u00f3 de les v\u00e0lvules, arquetes, canonades i altres elements, aprofitant que el dip\u00f2sit estava buit; la desinfecci\u00f3 de l\u2019interior del dip\u00f2sit; i la comprovaci\u00f3 de la qualitat de l\u2019aigua abans de restablir el subministrament.<\/span><\/p>\n<p style=\"text-align: justify;\"><span style=\"color: #000000;\">L\u2019alcaldessa de la Bisbal del Pened\u00e8s, Agn\u00e8s Ferr\u00e9, ha explicat que \u201caquests treballs tenen com a objectiu assegurar la qualitat de l\u2019aigua emmagatzemada en els dip\u00f2sits, una aigua que, posteriorment, es distribueix entre les llars dels ve\u00efns del municipi\u201d. Ferr\u00e9 ha afegit que \u201cdurant l\u2019any es duen a terme diverses comprovacions, mitjan\u00e7ant controls anal\u00edtics, per garantir la qualitat de l\u2019aigua destinada al consum\u201d.<\/span><\/p>\n<p style=\"text-align: justify;\"><a href=\"http:\/\/bisbalpenedes.com\/web\/wp-content\/uploads\/2019\/10\/PHOTO-2019-10-16-13-05-26-e1571490872301.jpg\"><img loading=\"lazy\" class=\"aligncenter size-medium wp-image-10939\" src=\"http:\/\/bisbalpenedes.com\/web\/wp-content\/uploads\/2019\/10\/PHOTO-2019-10-16-13-05-26-e1571490872301-300x225.jpg\" alt=\"neteja dip\u00f2sit esplai\" width=\"300\" height=\"225\" srcset=\"https:\/\/bisbalpenedes.com\/web\/wp-content\/uploads\/2019\/10\/PHOTO-2019-10-16-13-05-26-e1571490872301-300x225.jpg 300w, https:\/\/bisbalpenedes.com\/web\/wp-content\/uploads\/2019\/10\/PHOTO-2019-10-16-13-05-26-e1571490872301-600x449.jpg 600w, https:\/\/bisbalpenedes.com\/web\/wp-content\/uploads\/2019\/10\/PHOTO-2019-10-16-13-05-26-e1571490872301-768x575.jpg 768w, https:\/\/bisbalpenedes.com\/web\/wp-content\/uploads\/2019\/10\/PHOTO-2019-10-16-13-05-26-e1571490872301-1024x767.jpg 1024w, https:\/\/bisbalpenedes.com\/web\/wp-content\/uploads\/2019\/10\/PHOTO-2019-10-16-13-05-26-e1571490872301.jpg 1196w\" sizes=\"(max-width: 300px) 100vw, 300px\" \/><\/a><\/p>\n<hr \/>\n<p style=\"text-align: justify;\"><a href=\"http:\/\/bisbalpenedes.com\/web\/wp-content\/uploads\/2019\/10\/PHOTO-2019-10-16-13-05-27.jpg\"><img loading=\"lazy\" class=\"aligncenter size-medium wp-image-10938\" src=\"http:\/\/bisbalpenedes.com\/web\/wp-content\/uploads\/2019\/10\/PHOTO-2019-10-16-13-05-27-225x300.jpg\" alt=\"neteja pou esplai\" width=\"225\" height=\"300\" srcset=\"https:\/\/bisbalpenedes.com\/web\/wp-content\/uploads\/2019\/10\/PHOTO-2019-10-16-13-05-27-225x300.jpg 225w, https:\/\/bisbalpenedes.com\/web\/wp-content\/uploads\/2019\/10\/PHOTO-2019-10-16-13-05-27-600x800.jpg 600w, https:\/\/bisbalpenedes.com\/web\/wp-content\/uploads\/2019\/10\/PHOTO-2019-10-16-13-05-27-768x1024.jpg 768w, https:\/\/bisbalpenedes.com\/web\/wp-content\/uploads\/2019\/10\/PHOTO-2019-10-16-13-05-27.jpg 1200w\" sizes=\"(max-width: 225px) 100vw, 225px\" \/><\/a><\/p>\n<p style=\"text-align: justify;\"><span style=\"color: #000000;\"><strong>CASTELLANO |<\/strong> La empresa que gestiona el Servicio Municipal de Aguas en la Bisbal del Pened\u00e8s, Aqualia, ha realizado los trabajos de desinfecci\u00f3n y limpieza del dep\u00f3sito de l\u2019Esplai este mi\u00e9rcoles 16 de octubre. Seg\u00fan explican desde Aqualia, \u201cse est\u00e1 ejecutando el Plan de Limpieza y Desinfecci\u00f3n de los Dep\u00f3sitos de Agua que abastecen el municipio de la Bisbal del Pened\u00e8s. Estos trabajos forman parte del Plan de Autocontrol y Gesti\u00f3n del Suministro del Servicio Municipal de Aguas y de esta manera, la empresa da cumplimiento al Plan de Vigilancia de Control Sanitario de Agua de Consumo Humano de Catalunya\u201d.<\/span><\/p>\n<p style=\"text-align: justify;\"><span style=\"color: #000000;\">El dep\u00f3sito de l\u2019Esplai tiene una capacidad de 500m<sup>3 <\/sup>de agua potable y los trabajos de desinfecci\u00f3n y limpieza han consistido en realizar la limpieza hidromec\u00e1nica para extraer los s\u00f3lidos de las paredes y del suelo; la revisi\u00f3n de v\u00e1lvulas, arquetas, tuber\u00edas y otros elementos, aprovechando que el dep\u00f3sito estaba vac\u00edo, la desinfecci\u00f3n del interior del dep\u00f3sito; y la comprobaci\u00f3n de la calidad del agua antes de restablecer el suministro.<\/span><\/p>\n<p style=\"text-align: justify;\"><span style=\"color: #000000;\">La alcaldesa de la Bisbal del Pened\u00e8s, Agn\u00e8s Ferr\u00e9, ha explicado que \u201cestos trabajos tienen como objetivo asegurar la calidad del agua almacenada en los dep\u00f3sitos, una agua que, posteriormente, se distribuye entre las viviendas de los vecinos del municipio\u201d. Ferr\u00e9 ha a\u00f1adido que \u201cdurante el a\u00f1o se llevan a cabo varias comprobaciones, mediante controles anal\u00edticos, para garantizar la calidad del agua destinada al consumo\u201d.<\/span><\/p>\n<p style=\"text-align: justify;\"><a href=\"http:\/\/bisbalpenedes.com\/web\/wp-content\/uploads\/2019\/10\/PHOTO-2019-10-16-13-05-26-e1571490872301.jpg\"><img loading=\"lazy\" class=\"aligncenter size-medium wp-image-10939\" src=\"http:\/\/bisbalpenedes.com\/web\/wp-content\/uploads\/2019\/10\/PHOTO-2019-10-16-13-05-26-e1571490872301-300x225.jpg\" alt=\"neteja dip\u00f2sit esplai\" width=\"300\" height=\"225\" srcset=\"https:\/\/bisbalpenedes.com\/web\/wp-content\/uploads\/2019\/10\/PHOTO-2019-10-16-13-05-26-e1571490872301-300x225.jpg 300w, https:\/\/bisbalpenedes.com\/web\/wp-content\/uploads\/2019\/10\/PHOTO-2019-10-16-13-05-26-e1571490872301-600x449.jpg 600w, https:\/\/bisbalpenedes.com\/web\/wp-content\/uploads\/2019\/10\/PHOTO-2019-10-16-13-05-26-e1571490872301-768x575.jpg 768w, https:\/\/bisbalpenedes.com\/web\/wp-content\/uploads\/2019\/10\/PHOTO-2019-10-16-13-05-26-e1571490872301-1024x767.jpg 1024w, https:\/\/bisbalpenedes.com\/web\/wp-content\/uploads\/2019\/10\/PHOTO-2019-10-16-13-05-26-e1571490872301.jpg 1196w\" sizes=\"(max-width: 300px) 100vw, 300px\" \/><\/a><\/p>\n","protected":false},"excerpt":{"rendered":"<p>L\u2019empresa que gestiona el Servei Municipal d\u2019Aig\u00fces a la Bisbal del Pened\u00e8s, Aqualia, ha realitzat les tasques de desinfecci\u00f3 i neteja del dip\u00f2sit de l\u2019Esplai aquest dimecres 16 d\u2019octubre. Segons &hellip; <a href=\"https:\/\/bisbalpenedes.com\/web\/2019\/10\/19\/aqualia-ha-desinfectat-i-netejat-el-diposit-daigua-de-lesplai-aquesta-setmana\/\" class=\"more-link\">Read More<\/a><\/p>\n","protected":false},"author":4,"featured_media":10938,"comment_status":"closed","ping_status":"closed","sticky":false,"template":"","format":"standard","meta":[],"categories":[3208],"tags":[161,649,3284,3283,254,276,361,275,224],"_links":{"self":[{"href":"https:\/\/bisbalpenedes.com\/web\/wp-json\/wp\/v2\/posts\/10937"}],"collection":[{"href":"https:\/\/bisbalpenedes.com\/web\/wp-json\/wp\/v2\/posts"}],"about":[{"href":"https:\/\/bisbalpenedes.com\/web\/wp-json\/wp\/v2\/types\/post"}],"author":[{"embeddable":true,"href":"https:\/\/bisbalpenedes.com\/web\/wp-json\/wp\/v2\/users\/4"}],"replies":[{"embeddable":true,"href":"https:\/\/bisbalpenedes.com\/web\/wp-json\/wp\/v2\/comments?post=10937"}],"version-history":[{"count":1,"href":"https:\/\/bisbalpenedes.com\/web\/wp-json\/wp\/v2\/posts\/10937\/revisions"}],"predecessor-version":[{"id":10940,"href":"https:\/\/bisbalpenedes.com\/web\/wp-json\/wp\/v2\/posts\/10937\/revisions\/10940"}],"wp:featuredmedia":[{"embeddable":true,"href":"https:\/\/bisbalpenedes.com\/web\/wp-json\/wp\/v2\/media\/10938"}],"wp:attachment":[{"href":"https:\/\/bisbalpenedes.com\/web\/wp-json\/wp\/v2\/media?parent=10937"}],"wp:term":[{"taxonomy":"category","embeddable":true,"href":"https:\/\/bisbalpenedes.com\/web\/wp-json\/wp\/v2\/categories?post=10937"},{"taxonomy":"post_tag","embeddable":true,"href":"https:\/\/bisbalpenedes.com\/web\/wp-json\/wp\/v2\/tags?post=10937"}],"curies":[{"name":"wp","href":"https:\/\/api.w.org\/{rel}","templated":true}]}}