{"id":10935,"date":"2019-10-19T13:57:13","date_gmt":"2019-10-19T12:57:13","guid":{"rendered":"http:\/\/bisbalpenedes.com\/web\/?p=10935"},"modified":"2019-10-19T13:57:52","modified_gmt":"2019-10-19T12:57:52","slug":"saproven-les-liquidacions-del-1r-i-2n-trimestre-de-2019-del-conveni-de-serveis-socials-del-consell-comarcal","status":"publish","type":"post","link":"https:\/\/bisbalpenedes.com\/web\/2019\/10\/19\/saproven-les-liquidacions-del-1r-i-2n-trimestre-de-2019-del-conveni-de-serveis-socials-del-consell-comarcal\/","title":{"rendered":"S&#8217;aproven les liquidacions del 1r i 2n trimestre de 2019 del Conveni de Serveis Socials del Consell Comarcal"},"content":{"rendered":"<p style=\"text-align: justify;\"><span style=\"color: #000000;\">L\u2019Ajuntament de la Bisbal del Pened\u00e8s ha aprovat les liquidacions del 1r i 2n trimestre de 2019 del Conveni de Serveis Socials del Consell Comarcal del Baix Pened\u00e8s. Els serveis socials de l\u2019Ajuntament de la Bisbal del Pened\u00e8s estan delegats al Consell Comarcal del Baix Pened\u00e8s, ja que ofereix els serveis socials b\u00e0sics i espec\u00edfics amb els seus professionals.<\/span><\/p>\n<p style=\"text-align: justify;\"><span style=\"color: #000000;\">La Junta de Govern del 14 d\u2019octubre de 2019 ha aprovat la liquidaci\u00f3 del 1r i el 2n trimestre del conveni amb Serveis Socials del Consell comarcal del Baix Pened\u00e8s per un import de 34.203,72\u20ac que es desglossen de la seg\u00fcent manera:<\/span><\/p>\n<p style=\"text-align: justify; padding-left: 30px;\"><span style=\"color: #000000;\">-26.833,72\u20ac corresponents al 1r i 2n trimestre de 2019<\/span><\/p>\n<p style=\"padding-left: 60px;\"><span style=\"color: #000000;\">\u00b713.262,68\u20ac corresponents al 1r trimestre de 2019<\/span><\/p>\n<p style=\"padding-left: 60px;\"><span style=\"color: #000000;\">\u00b713.571,04\u20ac corresponents al 2n trimestre de 2019<\/span><\/p>\n<p style=\"text-align: justify; padding-left: 60px;\"><span style=\"color: #000000;\">Els serveis que s\u2019han realitzat corresponen a: professionals de serveis socials, serveis d\u2019ajuts a domicili, serveis, servei d\u2019acolliment residencial d\u2019urg\u00e8ncia, servei de transport adaptat, servei d\u2019intervenci\u00f3 socioeducativa, assegurances del voluntariat (assegurances del voluntariat del servei bon dia i del rebost solidari), servei d\u2019informaci\u00f3 i atenci\u00f3 a les dones i serveis d\u2019immigraci\u00f3.<\/span><\/p>\n<p style=\"text-align: justify; padding-left: 30px;\"><span style=\"color: #000000;\">-2.770\u20ac corresponents al 1r i al 2n trimestre (1.385\u20ac per trimestre) del centre obert, un servei que s\u2019ofereix des del curs 2017\/2019 als menors de les fam\u00edlies que reben el seguiment des de Serveis Socials. El servei t\u00e9 l\u2019objectiu de donar resposta a les necessitats socioeducatives dels menors i educar-los en el temps lliure amb valors i s\u2019ofereix durant una hora i mitja al dia en acabar l\u2019escola.<\/span><\/p>\n<p style=\"text-align: justify; padding-left: 30px;\"><span style=\"color: #000000;\">-4.600\u20ac corresponents al 1r i al 2n trimestre (2.300\u20ac cada trimestre) dels educadors de carrer. Es tracta del servei que s\u2019ofereix a la Cova Jove.<\/span><\/p>\n<hr \/>\n<p style=\"text-align: justify;\"><span style=\"color: #000000;\"><strong>CASTELLANO |<\/strong> El Ayuntamiento de la Bisbal del Pened\u00e8s ha aprobado las liquidaciones del 1\u00ba y el 2\u00ba trimestre del 2019 del Convenio de Servicios Sociales del Consell Comarcal del Baix Pened\u00e8s. Los servicios sociales del Ayuntamiento de la Bisbal est\u00e1n delegados al Consell Comarcal del Baix Pened\u00e8s, ya que ofrece los servicios sociales b\u00e1sicos y espec\u00edficos con sus profesionales.<\/span><\/p>\n<p style=\"text-align: justify;\"><span style=\"color: #000000;\">La Junta de Gobierno del 14 de octubre del 2019 ha aprobado la liquidaci\u00f3n del 1\u00ba y el 2\u00ba trimestre del convenio con Servicios Sociales del Consell comarcal del Baix Pened\u00e8s por un importe de 34.203,72\u20ac que se desglosan de la siguiente manera:<\/span><\/p>\n<p style=\"padding-left: 30px; text-align: justify;\"><span style=\"color: #000000;\">-26.833,72\u20ac correspondientes al 1\u00ba y al 2\u00ba trimestre del 2019.<\/span><\/p>\n<p style=\"padding-left: 60px; text-align: justify;\"><span style=\"color: #000000;\">\u00b713.262,68\u20ac correspondientes al 1\u00ba trimestre del 2019<\/span><\/p>\n<p style=\"padding-left: 60px; text-align: justify;\"><span style=\"color: #000000;\">\u00b713.571,04\u20ac correspondientes al 2\u00ba trimestre del 2019<\/span><\/p>\n<p style=\"padding-left: 60px; text-align: justify;\"><span style=\"color: #000000;\">Los servicios que se han realizado corresponden a: profesionales de servicios sociales, servicios de ayudas a domicilio, servicios, servicio de acogida residencial de urgencia, servicio de transporte adaptado, servicio de intervenci\u00f3n socioeducativa, seguros del voluntariado (seguros del voluntariado del servicio \u2018bon dia\u2019 y del \u2018rebost solidari\u2019), servicio de informaci\u00f3n y atenci\u00f3n a las mujeres y servicios de inmigraci\u00f3n.<\/span><\/p>\n<p style=\"padding-left: 30px; text-align: justify;\"><span style=\"color: #000000;\">-2.770\u20ac correspondientes al 1\u00ba y al 2\u00ba trimestre (1.385\u20ac por trimestre) del <em>centre obert<\/em>, un servicio que se ofrece desde el curso 2017\/2019 a los menores de las familias que reciben el seguimiento desde Servicios Sociales. El servicio tiene el objetivo de dar respuesta a las necesidades socioeducativas de los menores y educarlos en el tiempo libre con valores y se ofrece durante una hora y media al d\u00eda al finalizar el colegio.<\/span><\/p>\n<p style=\"padding-left: 30px; text-align: justify;\"><span style=\"color: #000000;\">-4.600\u20ac correspondientes al 1\u00ba y al 2\u00ba trimestre (2.300\u20ac cada trimestre) de los educadores de calle. Se trata del servicio que se ofrece en la Cova Jove.<\/span><\/p>\n<p>&nbsp;<\/p>\n<p>&nbsp;<\/p>\n","protected":false},"excerpt":{"rendered":"<p>L\u2019Ajuntament de la Bisbal del Pened\u00e8s ha aprovat les liquidacions del 1r i 2n trimestre de 2019 del Conveni de Serveis Socials del Consell Comarcal del Baix Pened\u00e8s. Els serveis &hellip; <a href=\"https:\/\/bisbalpenedes.com\/web\/2019\/10\/19\/saproven-les-liquidacions-del-1r-i-2n-trimestre-de-2019-del-conveni-de-serveis-socials-del-consell-comarcal\/\" class=\"more-link\">Read More<\/a><\/p>\n","protected":false},"author":4,"featured_media":3590,"comment_status":"closed","ping_status":"closed","sticky":false,"template":"","format":"standard","meta":[],"categories":[17],"tags":[400,3282,465,844,396,3281,1509,2644,268,1505],"_links":{"self":[{"href":"https:\/\/bisbalpenedes.com\/web\/wp-json\/wp\/v2\/posts\/10935"}],"collection":[{"href":"https:\/\/bisbalpenedes.com\/web\/wp-json\/wp\/v2\/posts"}],"about":[{"href":"https:\/\/bisbalpenedes.com\/web\/wp-json\/wp\/v2\/types\/post"}],"author":[{"embeddable":true,"href":"https:\/\/bisbalpenedes.com\/web\/wp-json\/wp\/v2\/users\/4"}],"replies":[{"embeddable":true,"href":"https:\/\/bisbalpenedes.com\/web\/wp-json\/wp\/v2\/comments?post=10935"}],"version-history":[{"count":1,"href":"https:\/\/bisbalpenedes.com\/web\/wp-json\/wp\/v2\/posts\/10935\/revisions"}],"predecessor-version":[{"id":10936,"href":"https:\/\/bisbalpenedes.com\/web\/wp-json\/wp\/v2\/posts\/10935\/revisions\/10936"}],"wp:featuredmedia":[{"embeddable":true,"href":"https:\/\/bisbalpenedes.com\/web\/wp-json\/wp\/v2\/media\/3590"}],"wp:attachment":[{"href":"https:\/\/bisbalpenedes.com\/web\/wp-json\/wp\/v2\/media?parent=10935"}],"wp:term":[{"taxonomy":"category","embeddable":true,"href":"https:\/\/bisbalpenedes.com\/web\/wp-json\/wp\/v2\/categories?post=10935"},{"taxonomy":"post_tag","embeddable":true,"href":"https:\/\/bisbalpenedes.com\/web\/wp-json\/wp\/v2\/tags?post=10935"}],"curies":[{"name":"wp","href":"https:\/\/api.w.org\/{rel}","templated":true}]}}