{"id":10918,"date":"2019-10-17T10:43:26","date_gmt":"2019-10-17T09:43:26","guid":{"rendered":"http:\/\/bisbalpenedes.com\/web\/?p=10918"},"modified":"2019-10-17T10:43:26","modified_gmt":"2019-10-17T09:43:26","slug":"senderistes-bisbalencs-ha-organitzat-una-sortida-al-pont-darmentera-per-al-diumenge-27-doctubre","status":"publish","type":"post","link":"https:\/\/bisbalpenedes.com\/web\/2019\/10\/17\/senderistes-bisbalencs-ha-organitzat-una-sortida-al-pont-darmentera-per-al-diumenge-27-doctubre\/","title":{"rendered":"Senderistes Bisbalencs ha organitzat una sortida al Pont d&#8217;Armentera per al diumenge 27 d&#8217;octubre"},"content":{"rendered":"<p style=\"text-align: justify;\"><span style=\"color: #000000;\">El proper diumenge 27 d&#8217;octubre de 2019 Senderistes Bisbalencs far\u00e0 una sortida al Pont d&#8217;Armentera. Se sortir\u00e0 a les 8h de l&#8217;Era de Batre amb cotxes particulars. Cal portar esmorzar, aigua i la roba i l&#8217;equipaci\u00f3 adequada per al tipus d&#8217;activitat. Per a m\u00e9s informaci\u00f3, adreceu-vos a l&#8217;entitat a trav\u00e9s de les vies de contacte que s&#8217;indiquen al cartell.<\/span><\/p>\n<hr \/>\n<p style=\"text-align: justify;\"><span style=\"color: #000000;\">El pr\u00f3ximo domingo 27 de octubre de 2019 Senderistas Bisbalencs har\u00e1 una salida al Pont d&#8217;Armentera. Se saldr\u00e1 a las 8h de la Era de Batre con coches particulares. Hay que traer desayuno, agua y\u00a0la ropa y la equipaci\u00f3n adecuada para el tipo de actividad. Para m\u00e1s informaci\u00f3n, dirig\u00edos a la entidad a trav\u00e9s de las v\u00edas de contacto que se indican en el cartel.<\/span><\/p>\n<p style=\"text-align: justify;\"><a href=\"http:\/\/bisbalpenedes.com\/web\/wp-content\/uploads\/2019\/10\/SENDERISTES-PONT-DARMENTERA-27-DOCTUBRE.jpg\"><img loading=\"lazy\" class=\"aligncenter size-full wp-image-10919\" src=\"http:\/\/bisbalpenedes.com\/web\/wp-content\/uploads\/2019\/10\/SENDERISTES-PONT-DARMENTERA-27-DOCTUBRE.jpg\" alt=\"SENDERISTES PONT D'ARMENTERA 27 D'OCTUBRE\" width=\"626\" height=\"960\" srcset=\"https:\/\/bisbalpenedes.com\/web\/wp-content\/uploads\/2019\/10\/SENDERISTES-PONT-DARMENTERA-27-DOCTUBRE.jpg 626w, https:\/\/bisbalpenedes.com\/web\/wp-content\/uploads\/2019\/10\/SENDERISTES-PONT-DARMENTERA-27-DOCTUBRE-600x920.jpg 600w, https:\/\/bisbalpenedes.com\/web\/wp-content\/uploads\/2019\/10\/SENDERISTES-PONT-DARMENTERA-27-DOCTUBRE-196x300.jpg 196w\" sizes=\"(max-width: 626px) 100vw, 626px\" \/><\/a><\/p>\n","protected":false},"excerpt":{"rendered":"<p>El proper diumenge 27 d&#8217;octubre de 2019 Senderistes Bisbalencs far\u00e0 una sortida al Pont d&#8217;Armentera. Se sortir\u00e0 a les 8h de l&#8217;Era de Batre amb cotxes particulars. Cal portar esmorzar, &hellip; <a href=\"https:\/\/bisbalpenedes.com\/web\/2019\/10\/17\/senderistes-bisbalencs-ha-organitzat-una-sortida-al-pont-darmentera-per-al-diumenge-27-doctubre\/\" class=\"more-link\">Read More<\/a><\/p>\n","protected":false},"author":4,"featured_media":10919,"comment_status":"closed","ping_status":"closed","sticky":false,"template":"","format":"standard","meta":[],"categories":[20],"tags":[565,3277,856,175],"_links":{"self":[{"href":"https:\/\/bisbalpenedes.com\/web\/wp-json\/wp\/v2\/posts\/10918"}],"collection":[{"href":"https:\/\/bisbalpenedes.com\/web\/wp-json\/wp\/v2\/posts"}],"about":[{"href":"https:\/\/bisbalpenedes.com\/web\/wp-json\/wp\/v2\/types\/post"}],"author":[{"embeddable":true,"href":"https:\/\/bisbalpenedes.com\/web\/wp-json\/wp\/v2\/users\/4"}],"replies":[{"embeddable":true,"href":"https:\/\/bisbalpenedes.com\/web\/wp-json\/wp\/v2\/comments?post=10918"}],"version-history":[{"count":1,"href":"https:\/\/bisbalpenedes.com\/web\/wp-json\/wp\/v2\/posts\/10918\/revisions"}],"predecessor-version":[{"id":10920,"href":"https:\/\/bisbalpenedes.com\/web\/wp-json\/wp\/v2\/posts\/10918\/revisions\/10920"}],"wp:featuredmedia":[{"embeddable":true,"href":"https:\/\/bisbalpenedes.com\/web\/wp-json\/wp\/v2\/media\/10919"}],"wp:attachment":[{"href":"https:\/\/bisbalpenedes.com\/web\/wp-json\/wp\/v2\/media?parent=10918"}],"wp:term":[{"taxonomy":"category","embeddable":true,"href":"https:\/\/bisbalpenedes.com\/web\/wp-json\/wp\/v2\/categories?post=10918"},{"taxonomy":"post_tag","embeddable":true,"href":"https:\/\/bisbalpenedes.com\/web\/wp-json\/wp\/v2\/tags?post=10918"}],"curies":[{"name":"wp","href":"https:\/\/api.w.org\/{rel}","templated":true}]}}