{"id":10913,"date":"2019-10-17T10:16:42","date_gmt":"2019-10-17T09:16:42","guid":{"rendered":"http:\/\/bisbalpenedes.com\/web\/?p=10913"},"modified":"2019-10-17T10:16:42","modified_gmt":"2019-10-17T09:16:42","slug":"sobren-les-preinscripcions-per-als-nous-tallers-dordre-i-organitzacio-organitzats-per-la-regidoria-de-cultura","status":"publish","type":"post","link":"https:\/\/bisbalpenedes.com\/web\/2019\/10\/17\/sobren-les-preinscripcions-per-als-nous-tallers-dordre-i-organitzacio-organitzats-per-la-regidoria-de-cultura\/","title":{"rendered":"S&#8217;obren les preinscripcions per als nous tallers d&#8217;ordre i organitzaci\u00f3 organitzats per la Regidoria de Cultura"},"content":{"rendered":"<p><a href=\"http:\/\/bisbalpenedes.com\/web\/wp-content\/uploads\/2019\/10\/gloria_organiza_flyer_4.jpg\"><img loading=\"lazy\" class=\"size-large wp-image-10914 aligncenter\" src=\"http:\/\/bisbalpenedes.com\/web\/wp-content\/uploads\/2019\/10\/gloria_organiza_flyer_4-724x1024.jpg\" alt=\"gloria_organiza_flyer_4\" width=\"630\" height=\"891\" srcset=\"https:\/\/bisbalpenedes.com\/web\/wp-content\/uploads\/2019\/10\/gloria_organiza_flyer_4-724x1024.jpg 724w, https:\/\/bisbalpenedes.com\/web\/wp-content\/uploads\/2019\/10\/gloria_organiza_flyer_4-600x849.jpg 600w, https:\/\/bisbalpenedes.com\/web\/wp-content\/uploads\/2019\/10\/gloria_organiza_flyer_4-212x300.jpg 212w, https:\/\/bisbalpenedes.com\/web\/wp-content\/uploads\/2019\/10\/gloria_organiza_flyer_4-768x1086.jpg 768w, https:\/\/bisbalpenedes.com\/web\/wp-content\/uploads\/2019\/10\/gloria_organiza_flyer_4.jpg 1240w\" sizes=\"(max-width: 630px) 100vw, 630px\" \/><\/a><\/p>\n<p><span style=\"color: #000000;\">La Regidoria de Cultura ha organitzat quatre tallers adre\u00e7ats a totes aquelles persones que vulguin millorar el seu ordre i la seva organitzaci\u00f3. S&#8217;oferiran quatre sessions, totes elles en dimarts: el 29 d&#8217;octubre i els dies 5, 12 i 19 de novembre. Tots els tallers es faran a les 20h al Centre Municipal de Cultura. La tem\u00e0tica dels tallers ser\u00e0 la seg\u00fcent:<\/span><\/p>\n<ul>\n<li><span style=\"color: #000000;\">Ordre saludable i efica\u00e7<\/span><\/li>\n<li><span style=\"color: #000000;\">Ordre a l&#8217;armari, com gestionar la roba<\/span><\/li>\n<li><span style=\"color: #000000;\">Ordre i manteniment de la cuina i el rebost<\/span><\/li>\n<li><span style=\"color: #000000;\">Organitzaci\u00f3 i gesti\u00f3 del dia a dia: agendes, documents, planners, men\u00fas, papers i records.<\/span><\/li>\n<\/ul>\n<p><span style=\"color: #000000;\">La inscripci\u00f3 t\u00e9 un preu \u00fanic de 15\u20ac que inclou els 4 tallers i les preinscripcions es poden fer a les oficines municipals abans del dia 26 d&#8217;octubre.<\/span><\/p>\n<hr \/>\n<p><span style=\"color: #000000;\"><strong>CASTELLANO |<\/strong> La Concejal\u00eda de Cultura ha organizado cuatro talleres dirigidos a todas aquellas personas que quieran mejorar su orden y su organizaci\u00f3n. Se ofrecer\u00e1n cuatro sesiones, todas ellas en martes: el 29 de octubre y los d\u00edas 5, 12 y 19 de noviembre. Todos los talleres se har\u00e1n a las 20h en el Centre Municipal de Cultura. La tem\u00e1tica de los talleres ser\u00e1 la siguiente:<\/span><\/p>\n<ul>\n<li><span style=\"color: #000000;\">Orden saludable y eficaz<\/span><\/li>\n<li><span style=\"color: #000000;\">Orden en el armario, como gestionar la roba<\/span><\/li>\n<li><span style=\"color: #000000;\">Orden y mantenimiento de la cocina y la despensa<\/span><\/li>\n<li><span style=\"color: #000000;\">Organizaci\u00f3n y gesti\u00f3n del d\u00eda a d\u00eda: agendas, documentos, planners, men\u00fa, papeles y recuerdos.<\/span><\/li>\n<\/ul>\n<p><span style=\"color: #000000;\">La inscripci\u00f3n tiene un precio \u00fanico de 15\u20ac que incluye los 4 talleres y las preinscripciones se pueden hacer en las oficinas municipales\u00a0antes del d\u00eda 26 de octubre.<\/span><\/p>\n<p>&nbsp;<\/p>\n<p>&nbsp;<\/p>\n<p>&nbsp;<\/p>\n<p>&nbsp;<\/p>\n<p>&nbsp;<\/p>\n<p>&nbsp;<\/p>\n<p>&nbsp;<\/p>\n","protected":false},"excerpt":{"rendered":"<p>La Regidoria de Cultura ha organitzat quatre tallers adre\u00e7ats a totes aquelles persones que vulguin millorar el seu ordre i la seva organitzaci\u00f3. S&#8217;oferiran quatre sessions, totes elles en dimarts: &hellip; <a href=\"https:\/\/bisbalpenedes.com\/web\/2019\/10\/17\/sobren-les-preinscripcions-per-als-nous-tallers-dordre-i-organitzacio-organitzats-per-la-regidoria-de-cultura\/\" class=\"more-link\">Read More<\/a><\/p>\n","protected":false},"author":4,"featured_media":10915,"comment_status":"closed","ping_status":"closed","sticky":false,"template":"","format":"standard","meta":[],"categories":[13],"tags":[3274,3273,993,3275,3276,3271,750,3272,257,508],"_links":{"self":[{"href":"https:\/\/bisbalpenedes.com\/web\/wp-json\/wp\/v2\/posts\/10913"}],"collection":[{"href":"https:\/\/bisbalpenedes.com\/web\/wp-json\/wp\/v2\/posts"}],"about":[{"href":"https:\/\/bisbalpenedes.com\/web\/wp-json\/wp\/v2\/types\/post"}],"author":[{"embeddable":true,"href":"https:\/\/bisbalpenedes.com\/web\/wp-json\/wp\/v2\/users\/4"}],"replies":[{"embeddable":true,"href":"https:\/\/bisbalpenedes.com\/web\/wp-json\/wp\/v2\/comments?post=10913"}],"version-history":[{"count":1,"href":"https:\/\/bisbalpenedes.com\/web\/wp-json\/wp\/v2\/posts\/10913\/revisions"}],"predecessor-version":[{"id":10916,"href":"https:\/\/bisbalpenedes.com\/web\/wp-json\/wp\/v2\/posts\/10913\/revisions\/10916"}],"wp:featuredmedia":[{"embeddable":true,"href":"https:\/\/bisbalpenedes.com\/web\/wp-json\/wp\/v2\/media\/10915"}],"wp:attachment":[{"href":"https:\/\/bisbalpenedes.com\/web\/wp-json\/wp\/v2\/media?parent=10913"}],"wp:term":[{"taxonomy":"category","embeddable":true,"href":"https:\/\/bisbalpenedes.com\/web\/wp-json\/wp\/v2\/categories?post=10913"},{"taxonomy":"post_tag","embeddable":true,"href":"https:\/\/bisbalpenedes.com\/web\/wp-json\/wp\/v2\/tags?post=10913"}],"curies":[{"name":"wp","href":"https:\/\/api.w.org\/{rel}","templated":true}]}}