{"id":10911,"date":"2019-10-17T09:58:29","date_gmt":"2019-10-17T08:58:29","guid":{"rendered":"http:\/\/bisbalpenedes.com\/web\/?p=10911"},"modified":"2019-10-17T10:29:37","modified_gmt":"2019-10-17T09:29:37","slug":"sha-convocat-un-ple-extraordinari-per-al-dilluns-21-doctubre-a-les-19h","status":"publish","type":"post","link":"https:\/\/bisbalpenedes.com\/web\/2019\/10\/17\/sha-convocat-un-ple-extraordinari-per-al-dilluns-21-doctubre-a-les-19h\/","title":{"rendered":"S&#8217;ha convocat un ple extraordinari per al dilluns 21 d&#8217;octubre a les 19h"},"content":{"rendered":"<p style=\"text-align: justify;\"><span style=\"color: #000000;\">S\u2019ha convocat un Ple extraordinari per al dilluns 21 d\u2019octubre de 2019 a les 19h amb els seg\u00fcents punts a l\u2019ordre del dia:<\/span><\/p>\n<p style=\"padding-left: 30px; text-align: justify;\"><span style=\"color: #000000;\">1.-Adhesi\u00f3 al sistema d\u2019adquisici\u00f3 centralitzada de l\u2019ACM (Associaci\u00f3 Catalana de Municipis i Comarques) i del CCDL (Consorci Catal\u00e0 pel Desenvolupament Local).<\/span><\/p>\n<p style=\"padding-left: 30px; text-align: justify;\"><span style=\"color: #000000;\">2.-Designaci\u00f3 dels membres de les meses electorals, per les eleccions generals del 10 de novembre de 2019.<\/span><\/p>\n<p style=\"padding-left: 30px; text-align: justify;\"><span style=\"color: #000000;\">3.-Reconeixement extrajudicial de cr\u00e8dits: liquidaci\u00f3 del 4rt trimestre de 2018 del conveni de serveis socials amb el Consell Comarcal del Baix Pened\u00e8s.<\/span><\/p>\n<p style=\"padding-left: 30px; text-align: justify;\"><span style=\"color: #000000;\">4.-Periodicitat dels pagaments de les indemnitzacions per assist\u00e8ncies, a les sessions dels \u00f2rgans col\u00b7legiats a favor dels\/les regidors\/es sense dedicaci\u00f3 espec\u00edfica.<\/span><\/p>\n<p style=\"text-align: justify;\"><span style=\"color: #000000;\">\u00a0<\/span><\/p>\n<hr \/>\n<p style=\"text-align: justify;\"><span style=\"color: #000000;\"><strong>CASTELLANO |<\/strong> Se ha publicado un Pleno extraordinario para el lunes 21 de octubre de 2019 a las 19h con los siguientes puntos en el orden del d\u00eda:<\/span><\/p>\n<p style=\"padding-left: 30px; text-align: justify;\"><span style=\"color: #000000;\">1.-Adhesi\u00f3n al sistema de adquisici\u00f3n centralizada de la ACM (Associaci\u00f3 Catalana de Municipis i Comarques) y del CCDL (Consorci Catal\u00e0 pel Desenvolupament Local).<\/span><\/p>\n<p style=\"padding-left: 30px; text-align: justify;\"><span style=\"color: #000000;\">2.-Designaci\u00f3n de los miembros de las mesas electorales, para las elecciones generales del 10 de noviembre del 2019.<\/span><\/p>\n<p style=\"padding-left: 30px; text-align: justify;\"><span style=\"color: #000000;\">3.-Reconocimiento extrajudicial de cr\u00e9ditos: liquidaci\u00f3n del 4\u00ba trimestre del 2018 del convenio de servicios sociales con el Consell Comarcal del Baix Pened\u00e8s.<\/span><\/p>\n<p style=\"padding-left: 30px; text-align: justify;\"><span style=\"color: #000000;\">4.-Periodicidad de los pagos de las indemnizaciones por asistencias, a las sesiones de los \u00f3rganos colegiados a favor de los\/las concejales\/las sin dedicaci\u00f3n espec\u00edfica.<\/span><\/p>\n<p>&nbsp;<\/p>\n","protected":false},"excerpt":{"rendered":"<p>S\u2019ha convocat un Ple extraordinari per al dilluns 21 d\u2019octubre de 2019 a les 19h amb els seg\u00fcents punts a l\u2019ordre del dia: 1.-Adhesi\u00f3 al sistema d\u2019adquisici\u00f3 centralitzada de l\u2019ACM &hellip; <a href=\"https:\/\/bisbalpenedes.com\/web\/2019\/10\/17\/sha-convocat-un-ple-extraordinari-per-al-dilluns-21-doctubre-a-les-19h\/\" class=\"more-link\">Read More<\/a><\/p>\n","protected":false},"author":4,"featured_media":10917,"comment_status":"closed","ping_status":"closed","sticky":false,"template":"","format":"standard","meta":[],"categories":[2250],"tags":[874,3269,322,1790,946,3270],"_links":{"self":[{"href":"https:\/\/bisbalpenedes.com\/web\/wp-json\/wp\/v2\/posts\/10911"}],"collection":[{"href":"https:\/\/bisbalpenedes.com\/web\/wp-json\/wp\/v2\/posts"}],"about":[{"href":"https:\/\/bisbalpenedes.com\/web\/wp-json\/wp\/v2\/types\/post"}],"author":[{"embeddable":true,"href":"https:\/\/bisbalpenedes.com\/web\/wp-json\/wp\/v2\/users\/4"}],"replies":[{"embeddable":true,"href":"https:\/\/bisbalpenedes.com\/web\/wp-json\/wp\/v2\/comments?post=10911"}],"version-history":[{"count":1,"href":"https:\/\/bisbalpenedes.com\/web\/wp-json\/wp\/v2\/posts\/10911\/revisions"}],"predecessor-version":[{"id":10912,"href":"https:\/\/bisbalpenedes.com\/web\/wp-json\/wp\/v2\/posts\/10911\/revisions\/10912"}],"wp:featuredmedia":[{"embeddable":true,"href":"https:\/\/bisbalpenedes.com\/web\/wp-json\/wp\/v2\/media\/10917"}],"wp:attachment":[{"href":"https:\/\/bisbalpenedes.com\/web\/wp-json\/wp\/v2\/media?parent=10911"}],"wp:term":[{"taxonomy":"category","embeddable":true,"href":"https:\/\/bisbalpenedes.com\/web\/wp-json\/wp\/v2\/categories?post=10911"},{"taxonomy":"post_tag","embeddable":true,"href":"https:\/\/bisbalpenedes.com\/web\/wp-json\/wp\/v2\/tags?post=10911"}],"curies":[{"name":"wp","href":"https:\/\/api.w.org\/{rel}","templated":true}]}}