{"id":10908,"date":"2019-10-16T21:42:41","date_gmt":"2019-10-16T20:42:41","guid":{"rendered":"http:\/\/bisbalpenedes.com\/web\/?p=10908"},"modified":"2019-10-16T21:42:41","modified_gmt":"2019-10-16T20:42:41","slug":"aquest-dimecres-16-doctubre-de-2019-sha-celebrat-un-ple-extraordinari-i-urgent-a-lajuntament-de-la-bisbal-del-penedes","status":"publish","type":"post","link":"https:\/\/bisbalpenedes.com\/web\/2019\/10\/16\/aquest-dimecres-16-doctubre-de-2019-sha-celebrat-un-ple-extraordinari-i-urgent-a-lajuntament-de-la-bisbal-del-penedes\/","title":{"rendered":"Aquest dimecres 16 d&#8217;octubre de 2019 s&#8217;ha celebrat un Ple extraordinari i urgent a l&#8217;Ajuntament de la Bisbal del Pened\u00e8s"},"content":{"rendered":"<p><a href=\"http:\/\/bisbalpenedes.com\/web\/wp-content\/uploads\/2019\/10\/191016-PLE-EXTRAORDINARI-I-URGENT.jpg\"><img loading=\"lazy\" class=\"aligncenter size-large wp-image-10909\" src=\"http:\/\/bisbalpenedes.com\/web\/wp-content\/uploads\/2019\/10\/191016-PLE-EXTRAORDINARI-I-URGENT-1024x768.jpg\" alt=\"191016 PLE EXTRAORDINARI I URGENT\" width=\"630\" height=\"473\" srcset=\"https:\/\/bisbalpenedes.com\/web\/wp-content\/uploads\/2019\/10\/191016-PLE-EXTRAORDINARI-I-URGENT-1024x768.jpg 1024w, https:\/\/bisbalpenedes.com\/web\/wp-content\/uploads\/2019\/10\/191016-PLE-EXTRAORDINARI-I-URGENT-600x450.jpg 600w, https:\/\/bisbalpenedes.com\/web\/wp-content\/uploads\/2019\/10\/191016-PLE-EXTRAORDINARI-I-URGENT-300x225.jpg 300w, https:\/\/bisbalpenedes.com\/web\/wp-content\/uploads\/2019\/10\/191016-PLE-EXTRAORDINARI-I-URGENT-768x576.jpg 768w\" sizes=\"(max-width: 630px) 100vw, 630px\" \/><\/a><\/p>\n<p><span style=\"color: #000000;\">Aquest dimecres 16 d\u2019octubre de 2019, a les 21h, ha tingut lloc un Ple extraordinari a l\u2019Ajuntament de la Bisbal del Pened\u00e8s convocat de manera urgent amb motiu de \u201cMostrar rebuig a la sent\u00e8ncia del Tribunal Suprem contra les persones jutjades per organitzar el refer\u00e8ndum de l\u20191 d\u2019Octubre\u201d.<\/span><\/p>\n<p><span style=\"color: #000000;\">L\u2019ordre del dia constava d\u2019un punt:<\/span><\/p>\n<p><span style=\"color: #000000;\"><strong><u>1.-Moci\u00f3 presentada pel grup Comprom\u00eds amb la Bisbal.<\/u><\/strong><\/span><\/p>\n<p><span style=\"color: #000000;\">El grup municipal de Comprom\u00eds amb la Bisbal ha presentat la \u201cMoci\u00f3 de resposta a la sent\u00e8ncia del Tribunal Suprem i per demanar l\u2019amnistia per a les persones preses pol\u00edtiques catalanes i en defensa del dret a l\u2019autodeterminaci\u00f3\u201d proposada per l\u2019Associaci\u00f3 Catalana de Municipis (ACM) i l\u2019Associaci\u00f3 de Municipis per la Independ\u00e8ncia (AMI)<\/span><\/p>\n<p><span style=\"color: #000000;\"><strong>S\u2019ha aprovat<\/strong> amb els vots a favor de Comprom\u00eds amb la Bisbal (6), Units per la Bisbal \u2013 FIC (1) i ERC-AM (1) i els vots en contra del PSC (2) i Ara la Bisbal (1)<\/span><\/p>\n<p><span style=\"color: #000000;\">Els acords que s\u2019han pres en el Ple, s\u00f3n:<\/span><\/p>\n<p style=\"padding-left: 30px;\"><span style=\"color: #000000;\"><strong>\u201cPRIMER. <\/strong>Manifestar el rebuig a la sent\u00e8ncia condemnat\u00f2ria emesa pel Tribunal Suprem en relaci\u00f3 al judici de l\u20191 d\u2019octubre i la causa independentista, constatant que representa una regressi\u00f3 dels drets i les llibertats de la ciutadania de Catalunya.<\/span><\/p>\n<p style=\"padding-left: 30px;\"><span style=\"color: #000000;\"><strong>SEGON. <\/strong>Reclamar la llibertat immediata de tots els presos i preses pol\u00edtiques i exigir l\u2019amnistia de tots ells i elles, i de tots els exiliats i exiliades, com a reconeixement de l\u2019abs\u00e8ncia de cap delicte vinculat a la celebraci\u00f3 del refer\u00e8ndum de l\u20191 d\u2019octubre i a qualsevol altra acci\u00f3 pol\u00edtica celebrada durant els dies previs i posteriors a aquesta data.<\/span><\/p>\n<p style=\"padding-left: 30px;\"><span style=\"color: #000000;\"><strong>TERCER. <\/strong>Mostrar el comprom\u00eds amb el dret a l\u2019autodeterminaci\u00f3, dret pol\u00edtic fonamental recollit en tractats internacionals com la Carta de les Nacions Unides i el Pacte Internacional de Drets Civils i Pol\u00edtics, signats tamb\u00e9 per l\u2019Estat espanyol, i reivindicar-lo com a dret en virtut del qual resoldre el conflicte pol\u00edtic existent, per via democr\u00e0tica i pac\u00edfica.<\/span><\/p>\n<p style=\"padding-left: 30px;\"><span style=\"color: #000000;\"><strong>QUART<\/strong>. Reafirmar-nos en el car\u00e0cter pac\u00edfic i no violent del moviment independentista catal\u00e0. Condemnar tots els intents de criminalitzaci\u00f3 del moviment independentista que les seves diferents institucions, \u00f2rgans, poders i alguns mitjans de comunicaci\u00f3 volen construir.<\/span><\/p>\n<p style=\"padding-left: 30px;\"><span style=\"color: #000000;\"><strong>CINQU\u00c8. <\/strong>Exigir al govern de l\u2019Estat espanyol que respecti la legitimitat de les persones escollides democr\u00e0ticament a les diferents institucions catalanes, aix\u00ed com les decisions i acords que se\u2019n derivin, com a m\u00e0xima expressi\u00f3 de la sobirania popular.<\/span><\/p>\n<p style=\"padding-left: 30px;\"><span style=\"color: #000000;\"><strong>SIS\u00c8. <\/strong>Comprometre\u2019ns a treballar conjuntament amb el Parlament de Catalunya, del Govern de la Generalitat de Catalunya i convocar-nos a participar, com a representants leg\u00edtims de la ciutadania, en una assemblea d\u2019electes a favor dels drets pol\u00edtics i la llibertat.<\/span><\/p>\n<p style=\"padding-left: 30px;\"><span style=\"color: #000000;\"><strong>SET\u00c8. <\/strong>Mostrar l\u2019adhesi\u00f3 de l\u2019Ajuntament de la Bisbal del Pened\u00e8s a totes les mobilitzacions de rebuig a la sent\u00e8ncia del Tribunal Suprem, tant a nivell nacional com internacional, i convidar la ciutadania a participar en totes les lluites compartides i pac\u00edfiques a favor dels drets i les llibertats. I comprometre\u2019ns a participar en l\u2019acte convocat pel President de la Generalitat el dia 26 d\u2019octubre al Palau de la Generalitat.<\/span><\/p>\n<p style=\"padding-left: 30px;\"><span style=\"color: #000000;\"><strong>VUIT\u00c8. <\/strong>Expressar la m\u00e9s ferma voluntat de seguir treballant, dia rere dia, per garantir els drets i les llibertats de tota la ciutadania de la Bisbal del Pened\u00e8s, la defensa del di\u00e0leg i dels principis democr\u00e0tics i la pluralitat pol\u00edtica, aix\u00ed com el respecte a la separaci\u00f3 de poders, imprescindible en qualsevol estat de dret.<\/span><\/p>\n<p style=\"padding-left: 30px;\"><span style=\"color: #000000;\"><strong>NOV\u00c8. <\/strong>Fer avinent la situaci\u00f3 de repressi\u00f3 pol\u00edtica i de vulneraci\u00f3 de drets fonamentals que estem vivint com a ciutadania i com a pa\u00eds als municipis agermanats.<\/span><\/p>\n<p style=\"padding-left: 30px;\"><span style=\"color: #000000;\"><strong>DES\u00c8. <\/strong>Fer arribar aquest acord a la Presid\u00e8ncia del Parlament de Catalunya, a la Presid\u00e8ncia de la Generalitat de Catalunya, a la Presid\u00e8ncia del Congr\u00e9s de Diputats, a la Presid\u00e8ncia del Govern de l\u2019estat, a la Presid\u00e8ncia del Parlament Europeu, a l\u2019Associaci\u00f3 Catalana de Municipis i a l\u2019Associaci\u00f3 de Municipis per la Independ\u00e8ncia. I donar con\u00e8ixer el contingut d\u2019aquesta moci\u00f3 a la ciutadania del municipi pels mitjans que es creguin oportuns\u201d.<\/span><\/p>\n<hr \/>\n<p><span style=\"color: #000000;\">Traducci\u00f3n al <strong>CASTELLANO:<\/strong><\/span><\/p>\n<p><span style=\"color: #000000;\">Este mi\u00e9rcoles 16 de octubre de 2019, a las 21h, ha tenido lugar un Pleno extraordinario en el Ayuntamiento de la Bisbal del Pened\u00e8s convocado de forma urgente con motivo de \u201cMostrar rechazo a la sentencia del Tribunal Supremo contra las personas juzgadas por organizar el refer\u00e9ndum del 1 de Octubre\u201d.<\/span><\/p>\n<p><span style=\"color: #000000;\">El orden del d\u00eda constaba de un punto:<\/span><\/p>\n<p><span style=\"color: #000000;\"><strong><span style=\"text-decoration: underline;\">1.-Moci\u00f3n presentada por el grupo Comprom\u00eds amb la Bisbal.<\/span><\/strong><\/span><\/p>\n<p><span style=\"color: #000000;\">El grupo municipal de Comprom\u00eds amb la Bisbal ha presentado la \u201cMoci\u00f3n de respuesta a la sentencia del Tribunal Supremo y pedir la amnist\u00eda de las personas presas pol\u00edticas catalanas y en defensa del derecho a la autodeterminaci\u00f3n\u201d propuesta por la Associaci\u00f3 Catalana de Municipis (ACM) y la Associaci\u00f3 de Municipis per la Independ\u00e8ncia (AMI).<\/span><\/p>\n<p><span style=\"color: #000000;\"><strong>Se ha aprobado<\/strong> con los votos a favor de Comprom\u00eds amb la Bisbal (6), Units per la Bisbal \u2013 FIC (1) y ERC-AM (1) y los votos en contra del PSC (2) i Ara la Bisbal (1).<\/span><\/p>\n<p><span style=\"color: #000000;\">Los acuerdos que se han tomado en el Pleno, son:<\/span><\/p>\n<p style=\"padding-left: 30px;\"><span style=\"color: #000000;\">\u201c<strong>PRIMERO<\/strong>. Manifestar el rechazo a la sentencia condenatoria emitida por el Tribunal Supremo en relaci\u00f3n con el juicio del 1 de octubre y la causa independentista, constatando que representa una regresi\u00f3n de los derechos y las libertades de la ciudadan\u00eda de Catalunya.<\/span><\/p>\n<p style=\"padding-left: 30px;\"><span style=\"color: #000000;\"><strong>SEGUNDO.<\/strong> Reclamar la libertad inmediata de todos los presos y presas pol\u00edticas y exigir la amnist\u00eda de todos ellos y ellas, y de todos los exiliados y exiliadas, como reconocimiento de la ausencia de delito alguno vinculado a la celebraci\u00f3n del refer\u00e9ndum del 1 de octubre y a cualquier otra acci\u00f3n pol\u00edtica celebrada durante los d\u00edas previos y posteriores a esta fecha.<\/span><\/p>\n<p style=\"padding-left: 30px;\"><span style=\"color: #000000;\"><strong>TERCERO<\/strong>. Mostrar el compromiso con el derecho a la autodeterminaci\u00f3n, derecho pol\u00edtico fundamental recogido en tratados internacionales como la Carta de las Naciones Unidas y el Pacto Internacional de Derechos Civiles y Pol\u00edticos, firmados tambi\u00e9n por el Estado espa\u00f1ol, y reivindicarlo como derecho en virtud del cual resolver el conflicto pol\u00edtico existente, por v\u00eda democr\u00e1tica y pac\u00edfica.<\/span><\/p>\n<p style=\"padding-left: 30px;\"><span style=\"color: #000000;\"><strong>CUARTO.<\/strong> Reafirmarnos en el car\u00e1cter pac\u00edfico y no violento del movimiento independentista catal\u00e1n. Condenar todos los intentos de criminalizaci\u00f3n del movimiento independentista que sus diferentes instituciones, \u00f3rganos, poderes y algunos medios de comunicaci\u00f3n quieren construir.<\/span><\/p>\n<p style=\"padding-left: 30px;\"><span style=\"color: #000000;\"><strong>QUINTO.<\/strong> Exigir al gobierno del Estado espa\u00f1ol que respete la legitimidad de las personas escogidas democr\u00e1ticamente en las distintas instituciones catalanas, as\u00ed como las decisiones y acuerdos que se deriven, como m\u00e1xima expresi\u00f3n de la soberan\u00eda popular.<\/span><\/p>\n<p style=\"padding-left: 30px;\"><span style=\"color: #000000;\"><strong>SEXTO. <\/strong>Comprometernos a trabajar conjuntamente con el Parlamento de Catalunya, del Gobierno de la Generalitat de Catalunya y convocarnos a participar, como representantes leg\u00edtimos de la ciudadan\u00eda, en una asamblea de electos a favor de los derechos pol\u00edticos y de la libertad.<\/span><\/p>\n<p style=\"padding-left: 30px;\"><span style=\"color: #000000;\"><strong>SEPTIMO.<\/strong> Mostrar la adhesi\u00f3n del Ayuntamiento de la Bisbal del Pened\u00e8s a todas las movilizaciones de rechazo a la sentencia del Tribunal Supremo, tanto a nivel nacional como internacional, e invitar a la ciudadan\u00eda a participar en todas las luchas compartidas y pac\u00edficas a favor de los derechos y las libertades. Y comprometernos a participar en el acto convocado por el Presidente de la Generalitat el d\u00eda 26 de octubre en el Palau de la Generalitat.<\/span><\/p>\n<p style=\"padding-left: 30px;\"><span style=\"color: #000000;\"><strong>OCTAVO.<\/strong> Expresar la m\u00e1s firme voluntad de seguir trabajando, d\u00eda tras d\u00eda, por garantizar los derechos y las libertades de toda la ciudadan\u00eda de la Bisbal del Pened\u00e8s, la defensa del di\u00e1logo y de los principios democr\u00e1ticos y la pluralidad pol\u00edtica, as\u00ed como el respeto a la separaci\u00f3n de poderes, imprescindible en cualquier estado de derecho.<\/span><\/p>\n<p style=\"padding-left: 30px;\"><span style=\"color: #000000;\"><strong>NOVENO.<\/strong> Dar conocimiento de la situaci\u00f3n de represi\u00f3n pol\u00edtica y de vulneraci\u00f3n de derechos fundamentales que estamos viviendo como ciudadan\u00eda y como pa\u00eds en los municipios hermanados.<\/span><\/p>\n<p style=\"padding-left: 30px;\"><span style=\"color: #000000;\"><strong>D\u00c9CIMO.<\/strong> Hacer llegar este acuerdo a la Presidencia del Parlament de Catalunya, a la Presidencia de la Generalitat de Catalunya, a la Presidencia del Congreso de los Diputados, a la Presidencia del Gobierno del estado, a la Presidencia del Parlamento Europeo, a la Associaci\u00f3 Catalana de Municipis y a la Associaci\u00f3 de Municipis per la Independ\u00e8ncia.\u00a0 Y dar a conocer el contenido de esta moci\u00f3n a la ciudadan\u00eda del municipio a trav\u00e9s de los medios que se crean oportunos\u201d.<\/span><\/p>\n<p>&nbsp;<\/p>\n","protected":false},"excerpt":{"rendered":"<p>Aquest dimecres 16 d\u2019octubre de 2019, a les 21h, ha tingut lloc un Ple extraordinari a l\u2019Ajuntament de la Bisbal del Pened\u00e8s convocat de manera urgent amb motiu de \u201cMostrar &hellip; <a href=\"https:\/\/bisbalpenedes.com\/web\/2019\/10\/16\/aquest-dimecres-16-doctubre-de-2019-sha-celebrat-un-ple-extraordinari-i-urgent-a-lajuntament-de-la-bisbal-del-penedes\/\" class=\"more-link\">Read More<\/a><\/p>\n","protected":false},"author":4,"featured_media":10909,"comment_status":"closed","ping_status":"closed","sticky":false,"template":"","format":"standard","meta":[],"categories":[2250],"tags":[243,423,3174],"_links":{"self":[{"href":"https:\/\/bisbalpenedes.com\/web\/wp-json\/wp\/v2\/posts\/10908"}],"collection":[{"href":"https:\/\/bisbalpenedes.com\/web\/wp-json\/wp\/v2\/posts"}],"about":[{"href":"https:\/\/bisbalpenedes.com\/web\/wp-json\/wp\/v2\/types\/post"}],"author":[{"embeddable":true,"href":"https:\/\/bisbalpenedes.com\/web\/wp-json\/wp\/v2\/users\/4"}],"replies":[{"embeddable":true,"href":"https:\/\/bisbalpenedes.com\/web\/wp-json\/wp\/v2\/comments?post=10908"}],"version-history":[{"count":1,"href":"https:\/\/bisbalpenedes.com\/web\/wp-json\/wp\/v2\/posts\/10908\/revisions"}],"predecessor-version":[{"id":10910,"href":"https:\/\/bisbalpenedes.com\/web\/wp-json\/wp\/v2\/posts\/10908\/revisions\/10910"}],"wp:featuredmedia":[{"embeddable":true,"href":"https:\/\/bisbalpenedes.com\/web\/wp-json\/wp\/v2\/media\/10909"}],"wp:attachment":[{"href":"https:\/\/bisbalpenedes.com\/web\/wp-json\/wp\/v2\/media?parent=10908"}],"wp:term":[{"taxonomy":"category","embeddable":true,"href":"https:\/\/bisbalpenedes.com\/web\/wp-json\/wp\/v2\/categories?post=10908"},{"taxonomy":"post_tag","embeddable":true,"href":"https:\/\/bisbalpenedes.com\/web\/wp-json\/wp\/v2\/tags?post=10908"}],"curies":[{"name":"wp","href":"https:\/\/api.w.org\/{rel}","templated":true}]}}