{"id":10897,"date":"2019-10-15T13:14:25","date_gmt":"2019-10-15T12:14:25","guid":{"rendered":"http:\/\/bisbalpenedes.com\/web\/?p=10897"},"modified":"2019-10-15T13:14:25","modified_gmt":"2019-10-15T12:14:25","slug":"sha-convocat-un-ple-extraordinari-de-caracter-urgent-per-a-aquest-dimecres-16-doctubre-a-les-21h","status":"publish","type":"post","link":"https:\/\/bisbalpenedes.com\/web\/2019\/10\/15\/sha-convocat-un-ple-extraordinari-de-caracter-urgent-per-a-aquest-dimecres-16-doctubre-a-les-21h\/","title":{"rendered":"S&#8217;ha convocat un Ple extraordinari de car\u00e0cter urgent per a aquest dimecres 16 d&#8217;octubre a les 21h"},"content":{"rendered":"<p style=\"text-align: justify;\"><span style=\"color: #000000;\">S&#8217;ha convocat un Ple extraordinari de car\u00e0cter urgent per a aquest dimecres 16 d&#8217;octubre a les 21h amb el seg\u00fcent motiu:<\/span><\/p>\n<p style=\"text-align: justify;\"><span style=\"color: #000000;\">&#8220;Mostrar rebuig a la sent\u00e8ncia del Tribunal Suprem contra les persones jutjades per organitzar el refer\u00e8ndum de l&#8217;1 d&#8217;Octubre&#8221;.<\/span><\/p>\n<p style=\"text-align: justify;\"><span style=\"color: #000000;\">L&#8217;ordre del dia\u00a0consta d&#8217;un punt:<\/span><\/p>\n<p style=\"text-align: justify; padding-left: 30px;\"><span style=\"color: #000000;\">1.-Moci\u00f3 presentada pel grup Comprom\u00eds amb la Bisbal.<\/span><\/p>\n<hr \/>\n<p style=\"text-align: justify;\"><span style=\"color: #000000;\"><strong>CASTELLANO |<\/strong> Se ha convocado un Pleno extraordinario de car\u00e1cter urgente para este mi\u00e9rcoles 16 de octubre a las 21h con el motivo siguiente:<\/span><\/p>\n<p style=\"text-align: justify;\"><span style=\"color: #000000;\">&#8220;Mostrar rechazo a la sentencia del Tribunal Supremo contra las personas juzgadas por organizar el refer\u00e9ndum del 1 de Octubre&#8221;.<\/span><\/p>\n<p style=\"text-align: justify;\"><span style=\"color: #000000;\">El orden del d\u00eda consta de un punto:<\/span><\/p>\n<p style=\"text-align: justify; padding-left: 30px;\"><span style=\"color: #000000;\">1.-Moci\u00f3n presentada por el grupo Comprom\u00eds amb la Bisbal.<\/span><\/p>\n","protected":false},"excerpt":{"rendered":"<p>S&#8217;ha convocat un Ple extraordinari de car\u00e0cter urgent per a aquest dimecres 16 d&#8217;octubre a les 21h amb el seg\u00fcent motiu: &#8220;Mostrar rebuig a la sent\u00e8ncia del Tribunal Suprem contra &hellip; <a href=\"https:\/\/bisbalpenedes.com\/web\/2019\/10\/15\/sha-convocat-un-ple-extraordinari-de-caracter-urgent-per-a-aquest-dimecres-16-doctubre-a-les-21h\/\" class=\"more-link\">Read More<\/a><\/p>\n","protected":false},"author":4,"featured_media":8717,"comment_status":"closed","ping_status":"closed","sticky":false,"template":"","format":"standard","meta":[],"categories":[2250],"tags":[243,139,423],"_links":{"self":[{"href":"https:\/\/bisbalpenedes.com\/web\/wp-json\/wp\/v2\/posts\/10897"}],"collection":[{"href":"https:\/\/bisbalpenedes.com\/web\/wp-json\/wp\/v2\/posts"}],"about":[{"href":"https:\/\/bisbalpenedes.com\/web\/wp-json\/wp\/v2\/types\/post"}],"author":[{"embeddable":true,"href":"https:\/\/bisbalpenedes.com\/web\/wp-json\/wp\/v2\/users\/4"}],"replies":[{"embeddable":true,"href":"https:\/\/bisbalpenedes.com\/web\/wp-json\/wp\/v2\/comments?post=10897"}],"version-history":[{"count":1,"href":"https:\/\/bisbalpenedes.com\/web\/wp-json\/wp\/v2\/posts\/10897\/revisions"}],"predecessor-version":[{"id":10901,"href":"https:\/\/bisbalpenedes.com\/web\/wp-json\/wp\/v2\/posts\/10897\/revisions\/10901"}],"wp:featuredmedia":[{"embeddable":true,"href":"https:\/\/bisbalpenedes.com\/web\/wp-json\/wp\/v2\/media\/8717"}],"wp:attachment":[{"href":"https:\/\/bisbalpenedes.com\/web\/wp-json\/wp\/v2\/media?parent=10897"}],"wp:term":[{"taxonomy":"category","embeddable":true,"href":"https:\/\/bisbalpenedes.com\/web\/wp-json\/wp\/v2\/categories?post=10897"},{"taxonomy":"post_tag","embeddable":true,"href":"https:\/\/bisbalpenedes.com\/web\/wp-json\/wp\/v2\/tags?post=10897"}],"curies":[{"name":"wp","href":"https:\/\/api.w.org\/{rel}","templated":true}]}}