{"id":10874,"date":"2019-10-15T12:53:53","date_gmt":"2019-10-15T11:53:53","guid":{"rendered":"http:\/\/bisbalpenedes.com\/web\/?p=10874"},"modified":"2019-10-17T10:57:05","modified_gmt":"2019-10-17T09:57:05","slug":"sobre-la-convocatoria-per-a-sollicitar-les-subvencions-per-al-menjador-escolar","status":"publish","type":"post","link":"https:\/\/bisbalpenedes.com\/web\/2019\/10\/15\/sobre-la-convocatoria-per-a-sollicitar-les-subvencions-per-al-menjador-escolar\/","title":{"rendered":"S\u2019obre la convocat\u00f2ria per a sol\u00b7licitar les subvencions per al menjador escolar"},"content":{"rendered":"<p><span style=\"color: #000000;\">La Regidoria d&#8217;Ensenyament informa que fins al 12 de novembre es poden demanar les subvencions per al menjador escolar.<\/span><\/p>\n<p><span style=\"color: #000000;\"><strong><u>SUBVENCIONS PER AL MENJADOR ESCOLAR<\/u><\/strong><\/span><\/p>\n<p><span style=\"color: #000000;\"><strong><u>Objecte i finalitat:<\/u><\/strong> Subvenci\u00f3 d\u2019una part dels rebuts del menjador escolar de l\u2019escola Ull de Vent per al curs 2019\/2020, amb l\u2019objectiu d\u2019ajudar les fam\u00edlies a fer front a aquest cost.<\/span><\/p>\n<p><span style=\"color: #000000;\"><strong><u>Quantia de la subvenci\u00f3:<\/u><\/strong> 1,70\u20ac per dia que l\u2019alumne assisteix al servei de menjador (aquestes subvencions estan subjectes a l\u2019IRPF)<\/span><\/p>\n<p><span style=\"color: #000000;\"><strong><u>Requisits per ser beneficiaris:<\/u><\/strong><\/span><\/p>\n<p style=\"padding-left: 30px;\"><span style=\"color: #000000;\">-Ser pare\/mare\/tutor legal de l\u2019alumne de l\u2019escola Ull de Vent.<\/span><\/p>\n<p style=\"padding-left: 30px;\"><span style=\"color: #000000;\">-Estar empadronats a la Bisbal del Pened\u00e8s l\u2019alumne i els seus progenitors o tutors legals. En cas que nom\u00e9s consti empadronat l\u2019alumne i un dels dos progenitors\/tutors, caldr\u00e0 justificar la seva gu\u00e0rdia i cust\u00f2dia.<\/span><\/p>\n<p style=\"padding-left: 30px;\"><span style=\"color: #000000;\">-Estar al corrent de pagament amb l\u2019Ajuntament de La Bisbal del Pened\u00e8s, Seguretat Social i l\u2019Ag\u00e8ncia tribut\u00e0ria estatal i auton\u00f2mica.<\/span><\/p>\n<p><span style=\"color: #000000;\"><strong><u>Pagament de la subvenci\u00f3:<\/u><\/strong><\/span><\/p>\n<p><span style=\"color: #000000;\">Es faran dos pagaments: un al febrer i un altre al juliol de 2020<\/span><\/p>\n<p><span style=\"color: #000000;\">Podeu consultar les bases completes d\u2019aquesta subvenci\u00f3 al BOP:<\/span> <a href=\"https:\/\/www.diputaciodetarragona.cat\/ebop\/index.php?op=anunci&amp;id=9171&amp;ebop_any=2019\">https:\/\/www.diputaciodetarragona.cat\/ebop\/index.php?op=anunci&amp;id=9171&amp;ebop_any=2019<\/a><\/p>\n<p><span style=\"color: #000000;\">Enlla\u00e7os als formularis que cal aportar per sol\u00b7licitar la subvenci\u00f3:\u00a0<a href=\"http:\/\/bisbalpenedes.com\/web\/subvencions-2019-2020\/\" target=\"_blank\">http:\/\/bisbalpenedes.com\/web\/subvencions-2019-2020\/<\/a>\u00a0<\/span><\/p>\n<hr \/>\n<p><span style=\"color: #000000;\"><strong>CASTELLANO |<\/strong>\u00a0La Concejal\u00eda de Educaci\u00f3n informa que hasta el 12 de noviembre se pueden pedir las subvenciones para el comedor escolar.<\/span><\/p>\n<p><span style=\"color: #000000;\"><strong><u>SUBVENCIONES PARA EL COMEDOR ESCOLAR<\/u><\/strong><\/span><\/p>\n<p><span style=\"color: #000000;\"><strong><u>Objeto y finalidad:<\/u><\/strong> Subvenci\u00f3n de una parte de los recibos del comedor escolar de la escuela Ull de Vent para el curso 2019\/2020, con el objetivo de ayudar a las familias a hacer frente a este coste.<\/span><\/p>\n<p><span style=\"color: #000000;\"><strong><u>Cuant\u00eda de la subvenci\u00f3n:<\/u><\/strong> 1,70\u20ac por d\u00eda que el alumno asiste al servicio de comedor (estas subvenciones est\u00e1n sujetas al IRPF).<\/span><\/p>\n<p><span style=\"color: #000000;\">Requisitos para ser beneficiarios:<\/span><\/p>\n<p style=\"padding-left: 30px;\"><span style=\"color: #000000;\">-Ser padre\/madre\/tutor legal del alumno de la escola Ull de Vent.<\/span><\/p>\n<p style=\"padding-left: 30px;\"><span style=\"color: #000000;\">-Estar empadronados en la Bisbal del Pened\u00e8s el alumno y sus progenitores o tutores legales. En caso que solo conste empadronado el alumno y uno de sus progenitores\/tutores, se deber\u00e1 justificar su guardia y custodia.<\/span><\/p>\n<p style=\"padding-left: 30px;\"><span style=\"color: #000000;\">-Estar al corriente de pago con el Ayuntamiento de La Bisbal del Pened\u00e8s, Seguridad Social y la Agencia Tributaria estatal y auton\u00f3mica.<\/span><\/p>\n<p><span style=\"color: #000000;\"><strong><u>Pago de la subvenci\u00f3n:<\/u><\/strong><\/span><\/p>\n<p><span style=\"color: #000000;\">Se har\u00e1n dos pagos: uno en febrero y el otro en julio del 2020.<\/span><\/p>\n<p><span style=\"color: #000000;\">Pod\u00e9is consultar las bases completas de esta subvenci\u00f3n en el BOP:\u00a0<\/span><a href=\"https:\/\/www.diputaciodetarragona.cat\/ebop\/index.php?op=anunci&amp;id=9171&amp;ebop_any=2019\">https:\/\/www.diputaciodetarragona.cat\/ebop\/index.php?op=anunci&amp;id=9171&amp;ebop_any=2019<\/a><\/p>\n<p><span style=\"color: #000000;\">Enlaces a los formularios que se deben aportar para solicitar la subvenci\u00f3n:<\/span>\u00a0<a href=\"http:\/\/bisbalpenedes.com\/web\/subvencions-2019-2020\/\" target=\"_blank\">http:\/\/bisbalpenedes.com\/web\/subvencions-2019-2020\/<\/a><\/p>\n","protected":false},"excerpt":{"rendered":"<p>La Regidoria d&#8217;Ensenyament informa que fins al 12 de novembre es poden demanar les subvencions per al menjador escolar. SUBVENCIONS PER AL MENJADOR ESCOLAR Objecte i finalitat: Subvenci\u00f3 d\u2019una part &hellip; <a href=\"https:\/\/bisbalpenedes.com\/web\/2019\/10\/15\/sobre-la-convocatoria-per-a-sollicitar-les-subvencions-per-al-menjador-escolar\/\" class=\"more-link\">Read More<\/a><\/p>\n","protected":false},"author":4,"featured_media":2319,"comment_status":"closed","ping_status":"closed","sticky":false,"template":"","format":"standard","meta":[],"categories":[2397,8,1576],"tags":[2088,862,336,102],"_links":{"self":[{"href":"https:\/\/bisbalpenedes.com\/web\/wp-json\/wp\/v2\/posts\/10874"}],"collection":[{"href":"https:\/\/bisbalpenedes.com\/web\/wp-json\/wp\/v2\/posts"}],"about":[{"href":"https:\/\/bisbalpenedes.com\/web\/wp-json\/wp\/v2\/types\/post"}],"author":[{"embeddable":true,"href":"https:\/\/bisbalpenedes.com\/web\/wp-json\/wp\/v2\/users\/4"}],"replies":[{"embeddable":true,"href":"https:\/\/bisbalpenedes.com\/web\/wp-json\/wp\/v2\/comments?post=10874"}],"version-history":[{"count":4,"href":"https:\/\/bisbalpenedes.com\/web\/wp-json\/wp\/v2\/posts\/10874\/revisions"}],"predecessor-version":[{"id":10921,"href":"https:\/\/bisbalpenedes.com\/web\/wp-json\/wp\/v2\/posts\/10874\/revisions\/10921"}],"wp:featuredmedia":[{"embeddable":true,"href":"https:\/\/bisbalpenedes.com\/web\/wp-json\/wp\/v2\/media\/2319"}],"wp:attachment":[{"href":"https:\/\/bisbalpenedes.com\/web\/wp-json\/wp\/v2\/media?parent=10874"}],"wp:term":[{"taxonomy":"category","embeddable":true,"href":"https:\/\/bisbalpenedes.com\/web\/wp-json\/wp\/v2\/categories?post=10874"},{"taxonomy":"post_tag","embeddable":true,"href":"https:\/\/bisbalpenedes.com\/web\/wp-json\/wp\/v2\/tags?post=10874"}],"curies":[{"name":"wp","href":"https:\/\/api.w.org\/{rel}","templated":true}]}}