{"id":10840,"date":"2019-10-14T17:40:47","date_gmt":"2019-10-14T16:40:47","guid":{"rendered":"http:\/\/bisbalpenedes.com\/web\/?p=10840"},"modified":"2019-10-14T17:40:47","modified_gmt":"2019-10-14T16:40:47","slug":"comunicat-de-lequip-de-govern-de-suspensio-de-lactivitat-institucional-dels-propers-dies","status":"publish","type":"post","link":"https:\/\/bisbalpenedes.com\/web\/2019\/10\/14\/comunicat-de-lequip-de-govern-de-suspensio-de-lactivitat-institucional-dels-propers-dies\/","title":{"rendered":"Comunicat de l&#8217;equip de govern de suspensi\u00f3 de l&#8217;activitat institucional dels propers dies"},"content":{"rendered":"<p style=\"text-align: justify;\"><span style=\"color: #000000;\">L&#8217;Ajuntament de La Bisbal del Pened\u00e8s susp\u00e8n l&#8217;activitat institucional dels propers dies. Properament convocarem un Ple extraordinari i urgent per presentar una moci\u00f3 de resposta a la sent\u00e8ncia del Tribunal Suprem, per l&#8217;amnistia de les persones preses pol\u00edtiques catalanes i en defensa del dret d&#8217;autodeterminaci\u00f3.<\/span><\/p>\n<p style=\"text-align: right;\"><span style=\"color: #000000;\"><b>Equip de govern de l&#8217;Ajuntament de La Bisbal del Pened\u00e8s<\/b><\/span><\/p>\n<hr \/>\n<p style=\"text-align: justify;\"><span style=\"color: #000000;\">El Ayuntamiento de La Bisbal del Pened\u00e8s suspende la actividad institucional de los pr\u00f3ximos d\u00edas. Pr\u00f3ximamente convocaremos un Pleno extraordinario y urgente para presentar una moci\u00f3n de respuesta a la sentencia del Tribunal Supremo, por la amnist\u00eda de las personas presas pol\u00edticas catalanas y en defensa del derecho de autodeterminaci\u00f3n.<\/span><\/p>\n<p style=\"text-align: right;\"><span style=\"color: #000000;\"><b>Equipo de gobierno del Ayuntamiento de La Bisbal del Pened\u00e8s<\/b><\/span><\/p>\n","protected":false},"excerpt":{"rendered":"<p>L&#8217;Ajuntament de La Bisbal del Pened\u00e8s susp\u00e8n l&#8217;activitat institucional dels propers dies. Properament convocarem un Ple extraordinari i urgent per presentar una moci\u00f3 de resposta a la sent\u00e8ncia del Tribunal &hellip; <a href=\"https:\/\/bisbalpenedes.com\/web\/2019\/10\/14\/comunicat-de-lequip-de-govern-de-suspensio-de-lactivitat-institucional-dels-propers-dies\/\" class=\"more-link\">Read More<\/a><\/p>\n","protected":false},"author":4,"featured_media":7089,"comment_status":"closed","ping_status":"closed","sticky":false,"template":"","format":"standard","meta":[],"categories":[2377],"tags":[],"_links":{"self":[{"href":"https:\/\/bisbalpenedes.com\/web\/wp-json\/wp\/v2\/posts\/10840"}],"collection":[{"href":"https:\/\/bisbalpenedes.com\/web\/wp-json\/wp\/v2\/posts"}],"about":[{"href":"https:\/\/bisbalpenedes.com\/web\/wp-json\/wp\/v2\/types\/post"}],"author":[{"embeddable":true,"href":"https:\/\/bisbalpenedes.com\/web\/wp-json\/wp\/v2\/users\/4"}],"replies":[{"embeddable":true,"href":"https:\/\/bisbalpenedes.com\/web\/wp-json\/wp\/v2\/comments?post=10840"}],"version-history":[{"count":1,"href":"https:\/\/bisbalpenedes.com\/web\/wp-json\/wp\/v2\/posts\/10840\/revisions"}],"predecessor-version":[{"id":10841,"href":"https:\/\/bisbalpenedes.com\/web\/wp-json\/wp\/v2\/posts\/10840\/revisions\/10841"}],"wp:featuredmedia":[{"embeddable":true,"href":"https:\/\/bisbalpenedes.com\/web\/wp-json\/wp\/v2\/media\/7089"}],"wp:attachment":[{"href":"https:\/\/bisbalpenedes.com\/web\/wp-json\/wp\/v2\/media?parent=10840"}],"wp:term":[{"taxonomy":"category","embeddable":true,"href":"https:\/\/bisbalpenedes.com\/web\/wp-json\/wp\/v2\/categories?post=10840"},{"taxonomy":"post_tag","embeddable":true,"href":"https:\/\/bisbalpenedes.com\/web\/wp-json\/wp\/v2\/tags?post=10840"}],"curies":[{"name":"wp","href":"https:\/\/api.w.org\/{rel}","templated":true}]}}