{"id":1084,"date":"2014-11-17T19:13:34","date_gmt":"2014-11-17T13:13:34","guid":{"rendered":"http:\/\/bisbalpenedes.com\/web\/?p=1084"},"modified":"2014-11-17T19:13:34","modified_gmt":"2014-11-17T13:13:34","slug":"sopar-de-nadal-per-als-jubilats","status":"publish","type":"post","link":"https:\/\/bisbalpenedes.com\/web\/2014\/11\/17\/sopar-de-nadal-per-als-jubilats\/","title":{"rendered":"Sopar de Nadal per als Jubilats"},"content":{"rendered":"<p>Benvolguts bisbalencs.<\/p>\n<p><span style=\"font-size: 13px;\">El temps passa tan depressa que sembla ahir quan vam celebrar el primer dinar de Nadal del Jubilats dela Bisbaldel Pened\u00e8s, a la qual li va seguir el dinar dela Primaveraque vam celebrar el maig passat.<\/span><\/p>\n<p><span style=\"font-size: 13px;\">Tornem a ser gaireb\u00e9 Nadal i volem celebrar-ho tots junts, amb alegria.<\/span><\/p>\n<p><span style=\"font-size: 13px;\">Us esperem en aquest dinar de germanor que hem preparat \u00fanicamente per a vosaltres, tots els bisbalencs jubilats i empadronats al municipi.<\/span><\/p>\n<p><span style=\"font-size: 13px;\">Com l\u2019any passat volem que aquest acte l\u00fadic serveixi tamb\u00e9 per a col\u00b7laborar en un acte solidari, per la qual cosa quan us apunteu se us lliurar\u00e0 un tiquet, havent d\u2019aportar un euro per a cada tiquet.<\/span><\/p>\n<p><span style=\"font-size: 13px;\">La totalitat dels euros recollits es lliurar\u00e0 \u00edntegrament ala Marat\u00f3de TV3, Malalties del Cor, especificant que procedeixen dels jubilats dela Bisbaldel Pened\u00e8s.<\/span><\/p>\n<p><span style=\"font-size: 13px;\">En full annex us facilito tota la informaci\u00f3 sobre aquest dinar.<\/span><\/p>\n<p><strong style=\"font-size: 13px;\"><em>En aquest dinar de Nadal tindreu una grata, i agradable sorpresa, anime-vos!!, veniu i compartirem un moment memorable<\/em><\/strong><\/p>\n<p><span style=\"font-size: 13px;\">Aprofito l\u2019ocasi\u00f3 per donar-vos una bona not\u00edcia: <\/span><strong style=\"font-size: 13px;\">Hem aprovat fer el Centre de Dia Municipal<\/strong><span style=\"font-size: 13px;\">, per als bisbalencs. Es comen\u00e7ar\u00e0 a fer el proper desembre\/gener, i ser\u00e0 una realitat abans d\u00b4acabar la legislatura.<\/span><\/p>\n<p><span style=\"font-size: 13px;\">Volem garantir que les persones grans que ho necessiteu tingueu un Centre de Dia, un\u00a0 espai de qualitat espec\u00edfic per a vosaltres.<\/span><\/p>\n<p><span style=\"font-size: 13px;\">Som persones del poble que treballem pel poble i no defallim!!. Vosaltres ens doneu la for\u00e7a. Junts s\u00f3m capa\u00e7os!!<\/span><\/p>\n<p><span style=\"font-size: 13px;\">Rebeu una molt cordial salutaci\u00f3<\/span><\/p>\n<p><span style=\"font-size: 13px;\">Josep M. Puigibet Mestre, Alcalde<\/span><\/p>\n<p>L<a href=\"http:\/\/bisbalpenedes.com\/web\/wp-content\/uploads\/2014\/11\/SOPAR-JUBILATS-14-NADAL-C.jpg\"><img loading=\"lazy\" class=\"aligncenter size-large wp-image-1085\" title=\"SOPAR-JUBILATS-14-NADAL-C\" src=\"http:\/\/bisbalpenedes.com\/web\/wp-content\/uploads\/2014\/11\/SOPAR-JUBILATS-14-NADAL-C-724x1024.jpg\" alt=\"\" width=\"630\" height=\"891\" srcset=\"https:\/\/bisbalpenedes.com\/web\/wp-content\/uploads\/2014\/11\/SOPAR-JUBILATS-14-NADAL-C-724x1024.jpg 724w, https:\/\/bisbalpenedes.com\/web\/wp-content\/uploads\/2014\/11\/SOPAR-JUBILATS-14-NADAL-C-600x848.jpg 600w, https:\/\/bisbalpenedes.com\/web\/wp-content\/uploads\/2014\/11\/SOPAR-JUBILATS-14-NADAL-C-212x300.jpg 212w, https:\/\/bisbalpenedes.com\/web\/wp-content\/uploads\/2014\/11\/SOPAR-JUBILATS-14-NADAL-C.jpg 827w\" sizes=\"(max-width: 630px) 100vw, 630px\" \/><\/a><span style=\"font-size: 13px;\">a Bisbal del Pened\u00e8s, 17 de novembre de 2014 \u00a0\u00a0<\/span><\/p>\n","protected":false},"excerpt":{"rendered":"<p>Benvolguts bisbalencs. El temps passa tan depressa que sembla ahir quan vam celebrar el primer dinar de Nadal del Jubilats dela Bisbaldel Pened\u00e8s, a la qual li va seguir el &hellip; <a href=\"https:\/\/bisbalpenedes.com\/web\/2014\/11\/17\/sopar-de-nadal-per-als-jubilats\/\" class=\"more-link\">Read More<\/a><\/p>\n","protected":false},"author":1,"featured_media":1086,"comment_status":"closed","ping_status":"open","sticky":false,"template":"","format":"standard","meta":[],"categories":[17,5],"tags":[127,126],"_links":{"self":[{"href":"https:\/\/bisbalpenedes.com\/web\/wp-json\/wp\/v2\/posts\/1084"}],"collection":[{"href":"https:\/\/bisbalpenedes.com\/web\/wp-json\/wp\/v2\/posts"}],"about":[{"href":"https:\/\/bisbalpenedes.com\/web\/wp-json\/wp\/v2\/types\/post"}],"author":[{"embeddable":true,"href":"https:\/\/bisbalpenedes.com\/web\/wp-json\/wp\/v2\/users\/1"}],"replies":[{"embeddable":true,"href":"https:\/\/bisbalpenedes.com\/web\/wp-json\/wp\/v2\/comments?post=1084"}],"version-history":[{"count":2,"href":"https:\/\/bisbalpenedes.com\/web\/wp-json\/wp\/v2\/posts\/1084\/revisions"}],"predecessor-version":[{"id":1088,"href":"https:\/\/bisbalpenedes.com\/web\/wp-json\/wp\/v2\/posts\/1084\/revisions\/1088"}],"wp:featuredmedia":[{"embeddable":true,"href":"https:\/\/bisbalpenedes.com\/web\/wp-json\/wp\/v2\/media\/1086"}],"wp:attachment":[{"href":"https:\/\/bisbalpenedes.com\/web\/wp-json\/wp\/v2\/media?parent=1084"}],"wp:term":[{"taxonomy":"category","embeddable":true,"href":"https:\/\/bisbalpenedes.com\/web\/wp-json\/wp\/v2\/categories?post=1084"},{"taxonomy":"post_tag","embeddable":true,"href":"https:\/\/bisbalpenedes.com\/web\/wp-json\/wp\/v2\/tags?post=1084"}],"curies":[{"name":"wp","href":"https:\/\/api.w.org\/{rel}","templated":true}]}}