{"id":10820,"date":"2019-10-14T09:22:37","date_gmt":"2019-10-14T08:22:37","guid":{"rendered":"http:\/\/bisbalpenedes.com\/web\/?p=10820"},"modified":"2019-10-14T09:43:02","modified_gmt":"2019-10-14T08:43:02","slug":"del-14-doctubre-a-l11-de-novembre-es-poden-presentar-sollicituds-per-a-la-convocatoria-de-subvencions-en-materia-de-cultura","status":"publish","type":"post","link":"https:\/\/bisbalpenedes.com\/web\/2019\/10\/14\/del-14-doctubre-a-l11-de-novembre-es-poden-presentar-sollicituds-per-a-la-convocatoria-de-subvencions-en-materia-de-cultura\/","title":{"rendered":"Del 14 d&#8217;octubre a l&#8217;11 de novembre es poden presentar sol\u00b7licituds per a la convocat\u00f2ria de subvencions en mat\u00e8ria de Cultura"},"content":{"rendered":"<p style=\"text-align: justify;\"><span style=\"color: #000000;\">Fins al dia 11 de novembre de 2019 es poden presentar sol\u00b7licituds per a la convocat\u00f2ria de subvencions en mat\u00e8ria de Cultura corresponents a l\u2019exercici 2019. Aquestes subvencions, que es convoquen d\u2019acord amb la Llei 38\/2003, de 17 de novembre, general de subvencions, s\u2019adrecen a totes les entitats, associacions sense \u00e0nim de lucre legalment constitu\u00efdes amb seu al municipi i que estiguin inscrites al Registre d\u2019Entitats, que estiguin al corrent de pagament amb l\u2019Ag\u00e8ncia Tribut\u00e0ria estatal i auton\u00f2mica, la Seguretat Social i l\u2019Ajuntament. La partida total del pressupost que es destina a aquestes subvencions ascendeix a 10.000\u20ac i les subvencions poden ser d\u2019un m\u00e0xim del 50% de les despeses subvencionables.<\/span><\/p>\n<p style=\"text-align: justify;\"><span style=\"color: #000000;\">La convocat\u00f2ria de subvencions en mat\u00e8ria de Cultura persegueix diverses finalitats:<\/span><\/p>\n<p style=\"padding-left: 30px; text-align: justify;\"><span style=\"color: #000000;\">-Donar suport a activitats i despeses ordin\u00e0ries<\/span><\/p>\n<p style=\"padding-left: 30px; text-align: justify;\"><span style=\"color: #000000;\">-Fomentar el desenvolupament d\u2019activitats, programes o projectes culturals, impulsats per la societat civil dins el municipi<\/span><\/p>\n<p style=\"padding-left: 30px; text-align: justify;\"><span style=\"color: #000000;\">-Millorar la qualitat de vida de la ciutadania, fomentant els valors de conviv\u00e8ncia i cohesi\u00f3 social<\/span><\/p>\n<p style=\"padding-left: 30px; text-align: justify;\"><span style=\"color: #000000;\">-Potenciar les diades i festes populars<\/span><\/p>\n<p style=\"text-align: justify;\"><span style=\"color: #000000;\">Aix\u00ed, poden ser objecte de la subvenci\u00f3:<\/span><\/p>\n<p style=\"padding-left: 30px; text-align: justify;\"><span style=\"color: #000000;\">&#8211; Les despeses de subministrament: aigua, llum, gas<\/span><br \/>\n<span style=\"color: #000000;\"> &#8211; Les despeses de manteniment i conservaci\u00f3<\/span><br \/>\n<span style=\"color: #000000;\"> &#8211; Les actuacions de grups, lloguers d\u2019equips&#8230;<\/span><br \/>\n<span style=\"color: #000000;\"> &#8211; Els lloguers d\u2019immobles<\/span><\/p>\n<p style=\"text-align: justify;\"><span style=\"color: #000000;\">No seran objecte de subvenci\u00f3:<br \/>\n<\/span><\/p>\n<p style=\"text-align: justify; padding-left: 30px;\"><span style=\"color: #000000;\">&#8211; Viatges<\/span><br \/>\n<span style=\"color: #000000;\"> &#8211; Indemnitzacions i dietes<\/span><br \/>\n<span style=\"color: #000000;\"> &#8211; Despeses de menjar<\/span><br \/>\n<span style=\"color: #000000;\"> &#8211; Impostos<\/span><br \/>\n<span style=\"color: #000000;\"> &#8211; Despeses de gestoria<\/span><\/p>\n<p style=\"text-align: justify;\"><span style=\"color: #000000;\">Les subvencions es van aprovar a la Junta de Govern del dia 30 de setembre de 2019 i ara s&#8217;han publicat les bases de la convocat\u00f2ria al BOP. Podeu consultar-les en aquest enlla\u00e7: <span style=\"color: #000080;\"><strong><a style=\"color: #000080;\" href=\"https:\/\/www.diputaciodetarragona.cat\/ebop\/index.php?op=anunci&amp;id=9107&amp;ebop_any=2019\">https:\/\/www.diputaciodetarragona.cat\/ebop\/index.php?op=anunci&amp;id=9107&amp;ebop_any=2019<\/a><\/strong><\/span><\/span><\/p>\n<p><span style=\"color: #000000;\"> <strong>CASTELLANO |<\/strong> Hasta el d\u00eda 11 de noviembre del 2019 se pueden presentar solicitudes para la convocatoria de subvenciones en materia de Cultura correspondientes al ejercicio 2019. Estas subvenciones, que se convocan de acuerdo con la Ley 38\/2003, de 17 de noviembre, general de subvenciones, se dirigen a todas las entidades, asociaciones sin \u00e1nimo de lucro legalmente constituidas con sede en el municipio y que est\u00e9n inscritas en el Registro de Entidades, que est\u00e9n al corriente de pago con la Agencia Tributaria estatal y auton\u00f3mica, la Seguridad Social y el Ayuntamiento. La partida total del presupuesto que se destina a estas subvenciones asciende a 10.000\u20ac y las subvenciones pueden ser de un m\u00e1ximo del 50% de los gastos subvencionables.<\/span><\/p>\n<p style=\"text-align: justify;\"><span style=\"color: #000000;\">La convocatoria de subvenciones en materia de Cultura persigue varias finalidades:<\/span><\/p>\n<p style=\"padding-left: 30px; text-align: justify;\"><span style=\"color: #000000;\">-Dar soporte a actividades y gastos ordinarios<\/span><\/p>\n<p style=\"padding-left: 30px;\"><span style=\"color: #000000;\"> -Fomentar el desarrollo de actividades, programas o proyectos culturales, impulsados por la sociedad civil dentro del municipio<\/span><\/p>\n<p style=\"padding-left: 30px; text-align: justify;\"><span style=\"color: #000000;\">-Mejorar la calidad de vida de la ciudadan\u00eda, fomentando los valores de convivencia y cohesi\u00f3n social<\/span><\/p>\n<p style=\"padding-left: 30px; text-align: justify;\"><span style=\"color: #000000;\">-Potenciar las <em>diadas<\/em> y fiestas populares<\/span><\/p>\n<p style=\"text-align: justify;\"><span style=\"color: #000000;\">\u00a0<\/span><\/p>\n<p style=\"text-align: justify;\"><span style=\"color: #000000;\">As\u00ed, pueden ser objeto de la subvenci\u00f3n:<\/span><\/p>\n<p style=\"padding-left: 30px; text-align: justify;\"><span style=\"color: #000000;\">-Los gastos de suministro: agua, luz, gas<\/span><\/p>\n<p style=\"padding-left: 30px; text-align: justify;\"><span style=\"color: #000000;\">-Los gastos de mantenimiento y conservaci\u00f3n<\/span><\/p>\n<p style=\"padding-left: 30px; text-align: justify;\"><span style=\"color: #000000;\">-Las actuaciones de grupos, alquileres de equipos&#8230;<\/span><\/p>\n<p style=\"padding-left: 30px; text-align: justify;\"><span style=\"color: #000000;\">-Los alquileres de inmuebles<\/span><\/p>\n<p style=\"text-align: justify;\"><span style=\"color: #000000;\">\u00a0<\/span><\/p>\n<p style=\"text-align: justify;\"><span style=\"color: #000000;\">No ser\u00e1n objeto de subvenci\u00f3n:<\/span><\/p>\n<p style=\"padding-left: 30px; text-align: justify;\"><span style=\"color: #000000;\">-Viajes<\/span><\/p>\n<p style=\"padding-left: 30px; text-align: justify;\"><span style=\"color: #000000;\">-Indemnizaciones y dietas<\/span><\/p>\n<p style=\"padding-left: 30px; text-align: justify;\"><span style=\"color: #000000;\">-Gastos de comida<\/span><\/p>\n<p style=\"padding-left: 30px; text-align: justify;\"><span style=\"color: #000000;\">-Impuestos<\/span><\/p>\n<p style=\"padding-left: 30px; text-align: justify;\"><span style=\"color: #000000;\">-Gastos de gestor\u00eda<\/span><\/p>\n<p style=\"text-align: justify;\"><span style=\"color: #000000;\">Las subvenciones se aprobaron en la Junta de Gobierno del pasado 30 de septiembre de 2019 y ahora se han publicado las bases de la convocatoria en el BOP. Las pod\u00e9is consultar en este enlace: <strong><span style=\"color: #000080;\"><a style=\"color: #000080;\" href=\"https:\/\/www.diputaciodetarragona.cat\/ebop\/index.php?op=anunci&amp;id=9107&amp;ebop_any=2019\">https:\/\/www.diputaciodetarragona.cat\/ebop\/index.php?op=anunci&amp;id=9107&amp;ebop_any=2019<\/a><\/span><\/strong><\/span><\/p>\n","protected":false},"excerpt":{"rendered":"<p>Fins al dia 11 de novembre de 2019 es poden presentar sol\u00b7licituds per a la convocat\u00f2ria de subvencions en mat\u00e8ria de Cultura corresponents a l\u2019exercici 2019. Aquestes subvencions, que es &hellip; <a href=\"https:\/\/bisbalpenedes.com\/web\/2019\/10\/14\/del-14-doctubre-a-l11-de-novembre-es-poden-presentar-sollicituds-per-a-la-convocatoria-de-subvencions-en-materia-de-cultura\/\" class=\"more-link\">Read More<\/a><\/p>\n","protected":false},"author":4,"featured_media":10821,"comment_status":"closed","ping_status":"closed","sticky":false,"template":"","format":"standard","meta":[],"categories":[1575],"tags":[470,225,351,102],"_links":{"self":[{"href":"https:\/\/bisbalpenedes.com\/web\/wp-json\/wp\/v2\/posts\/10820"}],"collection":[{"href":"https:\/\/bisbalpenedes.com\/web\/wp-json\/wp\/v2\/posts"}],"about":[{"href":"https:\/\/bisbalpenedes.com\/web\/wp-json\/wp\/v2\/types\/post"}],"author":[{"embeddable":true,"href":"https:\/\/bisbalpenedes.com\/web\/wp-json\/wp\/v2\/users\/4"}],"replies":[{"embeddable":true,"href":"https:\/\/bisbalpenedes.com\/web\/wp-json\/wp\/v2\/comments?post=10820"}],"version-history":[{"count":6,"href":"https:\/\/bisbalpenedes.com\/web\/wp-json\/wp\/v2\/posts\/10820\/revisions"}],"predecessor-version":[{"id":10828,"href":"https:\/\/bisbalpenedes.com\/web\/wp-json\/wp\/v2\/posts\/10820\/revisions\/10828"}],"wp:featuredmedia":[{"embeddable":true,"href":"https:\/\/bisbalpenedes.com\/web\/wp-json\/wp\/v2\/media\/10821"}],"wp:attachment":[{"href":"https:\/\/bisbalpenedes.com\/web\/wp-json\/wp\/v2\/media?parent=10820"}],"wp:term":[{"taxonomy":"category","embeddable":true,"href":"https:\/\/bisbalpenedes.com\/web\/wp-json\/wp\/v2\/categories?post=10820"},{"taxonomy":"post_tag","embeddable":true,"href":"https:\/\/bisbalpenedes.com\/web\/wp-json\/wp\/v2\/tags?post=10820"}],"curies":[{"name":"wp","href":"https:\/\/api.w.org\/{rel}","templated":true}]}}