{"id":10812,"date":"2019-10-11T08:33:18","date_gmt":"2019-10-11T07:33:18","guid":{"rendered":"http:\/\/bisbalpenedes.com\/web\/?p=10812"},"modified":"2019-10-11T09:23:04","modified_gmt":"2019-10-11T08:23:04","slug":"la-regidoria-de-gestio-de-residus-lamenta-que-algunes-persones-segueixin-fent-un-mal-us-dels-contenidors","status":"publish","type":"post","link":"https:\/\/bisbalpenedes.com\/web\/2019\/10\/11\/la-regidoria-de-gestio-de-residus-lamenta-que-algunes-persones-segueixin-fent-un-mal-us-dels-contenidors\/","title":{"rendered":"La Regidoria de Gesti\u00f3 de Residus lamenta que algunes persones segueixin fent un mal \u00fas dels contenidors"},"content":{"rendered":"<div id='gallery-1' class='gallery galleryid-10812 gallery-columns-2 gallery-size-medium'><figure class='gallery-item'>\n\t\t\t<div class='gallery-icon portrait'>\n\t\t\t\t<a href='https:\/\/bisbalpenedes.com\/web\/2019\/10\/11\/la-regidoria-de-gestio-de-residus-lamenta-que-algunes-persones-segueixin-fent-un-mal-us-dels-contenidors\/0cb85e81-af34-4ddd-958e-ec887683017d\/'><img width=\"225\" height=\"300\" src=\"https:\/\/bisbalpenedes.com\/web\/wp-content\/uploads\/2019\/10\/0cb85e81-af34-4ddd-958e-ec887683017d-225x300.jpg\" class=\"attachment-medium size-medium\" alt=\"\" loading=\"lazy\" srcset=\"https:\/\/bisbalpenedes.com\/web\/wp-content\/uploads\/2019\/10\/0cb85e81-af34-4ddd-958e-ec887683017d-225x300.jpg 225w, https:\/\/bisbalpenedes.com\/web\/wp-content\/uploads\/2019\/10\/0cb85e81-af34-4ddd-958e-ec887683017d-600x800.jpg 600w, https:\/\/bisbalpenedes.com\/web\/wp-content\/uploads\/2019\/10\/0cb85e81-af34-4ddd-958e-ec887683017d-768x1024.jpg 768w, https:\/\/bisbalpenedes.com\/web\/wp-content\/uploads\/2019\/10\/0cb85e81-af34-4ddd-958e-ec887683017d.jpg 1200w\" sizes=\"(max-width: 225px) 100vw, 225px\" \/><\/a>\n\t\t\t<\/div><\/figure><figure class='gallery-item'>\n\t\t\t<div class='gallery-icon landscape'>\n\t\t\t\t<a href='https:\/\/bisbalpenedes.com\/web\/2019\/10\/11\/la-regidoria-de-gestio-de-residus-lamenta-que-algunes-persones-segueixin-fent-un-mal-us-dels-contenidors\/726ffc07-b305-476a-a986-d3b74ccbe5e9\/'><img width=\"300\" height=\"225\" src=\"https:\/\/bisbalpenedes.com\/web\/wp-content\/uploads\/2019\/10\/726ffc07-b305-476a-a986-d3b74ccbe5e9-300x225.jpg\" class=\"attachment-medium size-medium\" alt=\"\" loading=\"lazy\" srcset=\"https:\/\/bisbalpenedes.com\/web\/wp-content\/uploads\/2019\/10\/726ffc07-b305-476a-a986-d3b74ccbe5e9-300x225.jpg 300w, https:\/\/bisbalpenedes.com\/web\/wp-content\/uploads\/2019\/10\/726ffc07-b305-476a-a986-d3b74ccbe5e9-600x450.jpg 600w, https:\/\/bisbalpenedes.com\/web\/wp-content\/uploads\/2019\/10\/726ffc07-b305-476a-a986-d3b74ccbe5e9-768x576.jpg 768w, https:\/\/bisbalpenedes.com\/web\/wp-content\/uploads\/2019\/10\/726ffc07-b305-476a-a986-d3b74ccbe5e9-1024x768.jpg 1024w, https:\/\/bisbalpenedes.com\/web\/wp-content\/uploads\/2019\/10\/726ffc07-b305-476a-a986-d3b74ccbe5e9.jpg 1600w\" sizes=\"(max-width: 300px) 100vw, 300px\" \/><\/a>\n\t\t\t<\/div><\/figure>\n\t\t<\/div>\n\n<p style=\"text-align: justify;\"><span style=\"color: #000000;\">Durant els darrers dies s\u2019ha realitzat la neteja de l\u2019exterior de les illes de contenidors del municipi. La neteja finalitzava el dimecres i, l\u2019endem\u00e0 dijous, aquests contenidors dels carrers Cinca i Francol\u00ed de Can Gordei ja presentaven aquest estat.<\/span><\/p>\n<p style=\"text-align: justify;\"><span style=\"color: #000000;\">Recordem a la ciutadania que el municipi disposa del Punt Verd, on es poden portar residus, voluminosos i andr\u00f2mines cada dia i a qualsevol hora. D\u2019altra banda, el primer dilluns de mes es du a terme una recollida de residus voluminosos per les cases que han avisat pr\u00e8viament a l\u2019Ajuntament.<\/span><\/p>\n<p style=\"text-align: justify;\"><span style=\"color: #000000;\">Des de l\u2019Ajuntament de la Bisbal del Pened\u00e8s s\u2019estan estudiant diverses mesures per mirar de pal\u00b7liar la xacra de l\u2019incivisme. Mentrestant, us demanem que, si veieu conductes inc\u00edviques, us poseu en contacte amb nosaltres amb el m\u00e0xim d\u2019informaci\u00f3 possible perqu\u00e8 puguem prendre les mesures oportunes. Gr\u00e0cies per la vostra col\u00b7laboraci\u00f3.<\/span><\/p>\n<p style=\"text-align: justify;\"><span style=\"color: #000000;\">Tel\u00e8fon del Servei d&#8217;Informaci\u00f3 i Inspecci\u00f3 Municipal: 678595959<\/span><\/p>\n<hr \/>\n<p style=\"text-align: justify;\"><span style=\"color: #000000;\"><strong>CASTELLANO |<\/strong> Durante los \u00faltimos d\u00edas se ha realizado la limpieza del exterior de las islas de contenedores del municipio. La limpieza finalizaba el mi\u00e9rcoles y, al d\u00eda siguiente, estos contenedores de las calles Cinca y Francol\u00ed de Can Gordei ya presentaban este estado.<\/span><\/p>\n<p style=\"text-align: justify;\"><span style=\"color: #000000;\">Recordamos a la ciudadan\u00eda que el municipio dispone del Punt Verd, donde se pueden llevar residuos, voluminosos y andr\u00f2mines cada d\u00eda y a cualquier hora. Por otro lado, el primer lunes de mes se lleva a cabo la recogida de residuos voluminosos por las casas que han avisado previamente al Ayuntamiento.<\/span><\/p>\n<p style=\"text-align: justify;\"><span style=\"color: #000000;\">Desde el Ayuntamiento de la Bisbal del Pened\u00e8s se est\u00e1n estudiando varias medidas para intentar paliar la chacra del incivismo. Mientras tanto, os pedimos que, si veis conductas inc\u00edvicas, os pong\u00e1is en contacto con nosotros con el m\u00e1ximo de informaci\u00f3n posible para que podamos tomar las medidas oportunas. Gracias por vuestra colaboraci\u00f3n.<\/span><\/p>\n<p style=\"text-align: justify;\"><span style=\"color: #000000;\">Tel\u00e9fono del Servicio de Inspecci\u00f3n e Informaci\u00f3n Municipal: 678595959<\/span><\/p>\n","protected":false},"excerpt":{"rendered":"<p>Durant els darrers dies s\u2019ha realitzat la neteja de l\u2019exterior de les illes de contenidors del municipi. La neteja finalitzava el dimecres i, l\u2019endem\u00e0 dijous, aquests contenidors dels carrers Cinca &hellip; <a href=\"https:\/\/bisbalpenedes.com\/web\/2019\/10\/11\/la-regidoria-de-gestio-de-residus-lamenta-que-algunes-persones-segueixin-fent-un-mal-us-dels-contenidors\/\" class=\"more-link\">Read More<\/a><\/p>\n","protected":false},"author":4,"featured_media":10813,"comment_status":"closed","ping_status":"closed","sticky":false,"template":"","format":"standard","meta":[],"categories":[3215],"tags":[625,1479,626,92,1729,1183],"_links":{"self":[{"href":"https:\/\/bisbalpenedes.com\/web\/wp-json\/wp\/v2\/posts\/10812"}],"collection":[{"href":"https:\/\/bisbalpenedes.com\/web\/wp-json\/wp\/v2\/posts"}],"about":[{"href":"https:\/\/bisbalpenedes.com\/web\/wp-json\/wp\/v2\/types\/post"}],"author":[{"embeddable":true,"href":"https:\/\/bisbalpenedes.com\/web\/wp-json\/wp\/v2\/users\/4"}],"replies":[{"embeddable":true,"href":"https:\/\/bisbalpenedes.com\/web\/wp-json\/wp\/v2\/comments?post=10812"}],"version-history":[{"count":4,"href":"https:\/\/bisbalpenedes.com\/web\/wp-json\/wp\/v2\/posts\/10812\/revisions"}],"predecessor-version":[{"id":10818,"href":"https:\/\/bisbalpenedes.com\/web\/wp-json\/wp\/v2\/posts\/10812\/revisions\/10818"}],"wp:featuredmedia":[{"embeddable":true,"href":"https:\/\/bisbalpenedes.com\/web\/wp-json\/wp\/v2\/media\/10813"}],"wp:attachment":[{"href":"https:\/\/bisbalpenedes.com\/web\/wp-json\/wp\/v2\/media?parent=10812"}],"wp:term":[{"taxonomy":"category","embeddable":true,"href":"https:\/\/bisbalpenedes.com\/web\/wp-json\/wp\/v2\/categories?post=10812"},{"taxonomy":"post_tag","embeddable":true,"href":"https:\/\/bisbalpenedes.com\/web\/wp-json\/wp\/v2\/tags?post=10812"}],"curies":[{"name":"wp","href":"https:\/\/api.w.org\/{rel}","templated":true}]}}