{"id":10802,"date":"2019-10-09T18:31:40","date_gmt":"2019-10-09T17:31:40","guid":{"rendered":"http:\/\/bisbalpenedes.com\/web\/?p=10802"},"modified":"2019-10-09T18:31:40","modified_gmt":"2019-10-09T17:31:40","slug":"lassociacio-de-la-gent-gran-ha-organitzat-una-sortida-a-lespluga-de-francoli-i-sarral-per-al-dimecres-30-doctubre","status":"publish","type":"post","link":"https:\/\/bisbalpenedes.com\/web\/2019\/10\/09\/lassociacio-de-la-gent-gran-ha-organitzat-una-sortida-a-lespluga-de-francoli-i-sarral-per-al-dimecres-30-doctubre\/","title":{"rendered":"L&#8217;Associaci\u00f3 de la Gent Gran ha organitzat una sortida a l&#8217;Espluga de Francol\u00ed i Sarral per al dimecres 30 d&#8217;octubre"},"content":{"rendered":"<p><a href=\"http:\/\/bisbalpenedes.com\/web\/wp-content\/uploads\/2019\/10\/excursio-ESPLUGA-FRANCOLI-30-OCTUBRE-ASS-JUBILAT.jpg\"><img loading=\"lazy\" class=\"alignnone size-large wp-image-10803\" src=\"http:\/\/bisbalpenedes.com\/web\/wp-content\/uploads\/2019\/10\/excursio-ESPLUGA-FRANCOLI-30-OCTUBRE-ASS-JUBILAT-724x1024.jpg\" alt=\"excursio-ESPLUGA-FRANCOLI-30-OCTUBRE-ASS JUBILAT\" width=\"630\" height=\"891\" srcset=\"https:\/\/bisbalpenedes.com\/web\/wp-content\/uploads\/2019\/10\/excursio-ESPLUGA-FRANCOLI-30-OCTUBRE-ASS-JUBILAT-724x1024.jpg 724w, https:\/\/bisbalpenedes.com\/web\/wp-content\/uploads\/2019\/10\/excursio-ESPLUGA-FRANCOLI-30-OCTUBRE-ASS-JUBILAT-600x848.jpg 600w, https:\/\/bisbalpenedes.com\/web\/wp-content\/uploads\/2019\/10\/excursio-ESPLUGA-FRANCOLI-30-OCTUBRE-ASS-JUBILAT-212x300.jpg 212w, https:\/\/bisbalpenedes.com\/web\/wp-content\/uploads\/2019\/10\/excursio-ESPLUGA-FRANCOLI-30-OCTUBRE-ASS-JUBILAT-768x1086.jpg 768w, https:\/\/bisbalpenedes.com\/web\/wp-content\/uploads\/2019\/10\/excursio-ESPLUGA-FRANCOLI-30-OCTUBRE-ASS-JUBILAT.jpg 827w\" sizes=\"(max-width: 630px) 100vw, 630px\" \/><\/a><\/p>\n<p style=\"text-align: justify;\"><span style=\"color: #000000;\">L&#8217;Associaci\u00f3 de la Gent Gran de la Bisbal del Pened\u00e8s ha organitzat una sortida a l&#8217;Espluga de Francol\u00ed i Sarral. La data prevista \u00e9s el 30 d&#8217;octubre i se sortir\u00e0 a les 8:00h des del Rac\u00f3 de la Gent Gran.\u00a0<\/span><\/p>\n<p style=\"text-align: justify;\"><span style=\"color: #000000;\">Les inscripcions es poden fer al Rac\u00f3 de la Gent Gran (despatx de l&#8217;Associaci\u00f3 de la Gent Gran) de dilluns a divendres a les tardes. Podeu trobar els detalls al cartell adjunt.<\/span><\/p>\n<p style=\"text-align: justify;\"><span style=\"color: #000000;\">Per a m\u00e9s informaci\u00f3 podeu trucar al tel\u00e8fon 9776884738 (extensi\u00f3 222).<\/span><\/p>\n<hr \/>\n<p style=\"text-align: justify;\"><span style=\"color: #000000;\"><strong>CASTELLANO |<\/strong> La Associaci\u00f3 de la Gent Gran de la Bisbal del Pened\u00e8s ha organizado una salida a l&#8217;Espluga de Francol\u00ed y Sarral. La fecha prevista es el 30 de octubre y se saldr\u00e1 a las 8:00h desde el Rac\u00f3 de la Gent Gran.<\/span><\/p>\n<p style=\"text-align: justify;\"><span style=\"color: #000000;\">Las inscripciones se pueden hacer en el Rac\u00f3 de la Gent Gran (despacho de la Associaci\u00f3 de la Gent Gran) de lunes a viernes por las tardes. Pod\u00e9is encontrar m\u00e1s detalles en el cartel adjunto.<\/span><\/p>\n<p style=\"text-align: justify;\"><span style=\"color: #000000;\">Para m\u00e1s informaci\u00f3n pod\u00e9is llamar al tel\u00e9fono\u00a09776884738 (extensi\u00f3 222).<\/span><\/p>\n","protected":false},"excerpt":{"rendered":"<p>L&#8217;Associaci\u00f3 de la Gent Gran de la Bisbal del Pened\u00e8s ha organitzat una sortida a l&#8217;Espluga de Francol\u00ed i Sarral. La data prevista \u00e9s el 30 d&#8217;octubre i se sortir\u00e0 &hellip; <a href=\"https:\/\/bisbalpenedes.com\/web\/2019\/10\/09\/lassociacio-de-la-gent-gran-ha-organitzat-una-sortida-a-lespluga-de-francoli-i-sarral-per-al-dimecres-30-doctubre\/\" class=\"more-link\">Read More<\/a><\/p>\n","protected":false},"author":4,"featured_media":10804,"comment_status":"closed","ping_status":"closed","sticky":false,"template":"","format":"standard","meta":[],"categories":[8],"tags":[950,565,305,3266,2115],"_links":{"self":[{"href":"https:\/\/bisbalpenedes.com\/web\/wp-json\/wp\/v2\/posts\/10802"}],"collection":[{"href":"https:\/\/bisbalpenedes.com\/web\/wp-json\/wp\/v2\/posts"}],"about":[{"href":"https:\/\/bisbalpenedes.com\/web\/wp-json\/wp\/v2\/types\/post"}],"author":[{"embeddable":true,"href":"https:\/\/bisbalpenedes.com\/web\/wp-json\/wp\/v2\/users\/4"}],"replies":[{"embeddable":true,"href":"https:\/\/bisbalpenedes.com\/web\/wp-json\/wp\/v2\/comments?post=10802"}],"version-history":[{"count":1,"href":"https:\/\/bisbalpenedes.com\/web\/wp-json\/wp\/v2\/posts\/10802\/revisions"}],"predecessor-version":[{"id":10805,"href":"https:\/\/bisbalpenedes.com\/web\/wp-json\/wp\/v2\/posts\/10802\/revisions\/10805"}],"wp:featuredmedia":[{"embeddable":true,"href":"https:\/\/bisbalpenedes.com\/web\/wp-json\/wp\/v2\/media\/10804"}],"wp:attachment":[{"href":"https:\/\/bisbalpenedes.com\/web\/wp-json\/wp\/v2\/media?parent=10802"}],"wp:term":[{"taxonomy":"category","embeddable":true,"href":"https:\/\/bisbalpenedes.com\/web\/wp-json\/wp\/v2\/categories?post=10802"},{"taxonomy":"post_tag","embeddable":true,"href":"https:\/\/bisbalpenedes.com\/web\/wp-json\/wp\/v2\/tags?post=10802"}],"curies":[{"name":"wp","href":"https:\/\/api.w.org\/{rel}","templated":true}]}}