{"id":10793,"date":"2019-10-09T11:54:51","date_gmt":"2019-10-09T10:54:51","guid":{"rendered":"http:\/\/bisbalpenedes.com\/web\/?p=10793"},"modified":"2019-10-09T18:22:34","modified_gmt":"2019-10-09T17:22:34","slug":"la-biblioteca-publica-de-la-bisbal-del-penedes-engega-un-nou-club-de-lectura-centrat-en-les-obres-de-teatre-que-es-representen-al-tnc","status":"publish","type":"post","link":"https:\/\/bisbalpenedes.com\/web\/2019\/10\/09\/la-biblioteca-publica-de-la-bisbal-del-penedes-engega-un-nou-club-de-lectura-centrat-en-les-obres-de-teatre-que-es-representen-al-tnc\/","title":{"rendered":"La Biblioteca p\u00fablica de la Bisbal del Pened\u00e8s engega un nou club de lectura centrat en el teatre"},"content":{"rendered":"<p style=\"text-align: center;\"><span style=\"color: #000000;\"><br \/>\n<a href=\"http:\/\/bisbalpenedes.com\/web\/wp-content\/uploads\/2019\/10\/triptic-envers_page-0001-1.jpg\"><img loading=\"lazy\" class=\" wp-image-10796 aligncenter\" src=\"http:\/\/bisbalpenedes.com\/web\/wp-content\/uploads\/2019\/10\/triptic-envers_page-0001-1-725x1024.jpg\" alt=\"triptic envers_page-0001\" width=\"440\" height=\"622\" srcset=\"https:\/\/bisbalpenedes.com\/web\/wp-content\/uploads\/2019\/10\/triptic-envers_page-0001-1-725x1024.jpg 725w, https:\/\/bisbalpenedes.com\/web\/wp-content\/uploads\/2019\/10\/triptic-envers_page-0001-1-600x848.jpg 600w, https:\/\/bisbalpenedes.com\/web\/wp-content\/uploads\/2019\/10\/triptic-envers_page-0001-1-212x300.jpg 212w, https:\/\/bisbalpenedes.com\/web\/wp-content\/uploads\/2019\/10\/triptic-envers_page-0001-1-768x1085.jpg 768w, https:\/\/bisbalpenedes.com\/web\/wp-content\/uploads\/2019\/10\/triptic-envers_page-0001-1.jpg 1241w\" sizes=\"(max-width: 440px) 100vw, 440px\" \/><\/a><\/span><\/p>\n<p style=\"text-align: justify;\"><span style=\"color: #000000;\">La Biblioteca p\u00fablica de la Bisbal del Pened\u00e8s engega un nou club de lectura aquest octubre. Es tracta de \u2018Llegir el Teatre\u2019, una proposta del Departament de Cultura de la Generalitat de Catalunya vinculada al Teatre Nacional de Catalunya (TNC) que consisteix a llegir i analitzar obres teatrals que es representen al TNC, amb l\u2019opci\u00f3 de poder anar al teatre, amb un preu especial, a veure una de les obres treballades en el club.<\/span><\/p>\n<p style=\"text-align: justify;\"><span style=\"color: #000000;\">Les trobades del club \u2018Llegir el Teatre\u2019 tindran lloc a la Biblioteca p\u00fablica els darrers dijous d\u2019octubre, febrer i abril, a les 19h. En aquestes trobades, que tindran una durada d\u2019una hora, es parlar\u00e0 de les obres que els participants hauran hagut de llegir pr\u00e8viament:<\/span><\/p>\n<p style=\"padding-left: 30px; text-align: justify;\"><span style=\"color: #000000;\">-Dijous 31 d\u2019octubre: \u201cLa Rambla de les Floristes\u201d de Josep Maria de Segarra.<\/span><\/p>\n<p style=\"padding-left: 30px; text-align: justify;\"><span style=\"color: #000000;\">-Dijous 27 de febrer: \u201cJust\u00edcia\u201d de Guillem Clua.<\/span><\/p>\n<p style=\"padding-left: 30px; text-align: justify;\"><span style=\"color: #000000;\">-Dijous 30 d\u2019abril: \u201cLes veus interiors\u201d d\u2019Eduardo de Filippo.<\/span><\/p>\n<p style=\"text-align: justify;\"><span style=\"color: #000000;\">A m\u00e9s, el dissabte 23 de maig de 2020 es far\u00e0 una sortida al TNC per veure l\u2019obra \u201cLes Veus interiors\u201d, que s\u2019haur\u00e0 treballat en la trobada del mes d\u2019abril.<\/span><\/p>\n<p style=\"text-align: justify;\"><span style=\"color: #000000;\">Aquelles persones interessades a participar en el club s\u2019han d\u2019inscriure, gratu\u00eftament, a la Biblioteca p\u00fablica de la Bisbal del Pened\u00e8s, on cadascun dels mesos que hi hagi club, hauran d\u2019anar a buscar el text de l\u2019obra corresponent.<\/span><\/p>\n<hr \/>\n<p style=\"text-align: justify;\"><span style=\"color: #000000;\"><strong>CASTELL\u00c0 |<\/strong> La Biblioteca p\u00fablica de la Bisbal del Pened\u00e8s arranca un nuevo club de lectura este octubre. Se trata de \u2018Llegir el Teatre\u2019, una propuesta del Departament de Cultura de la Generalitat de Catalunya vinculada al Teatre\u00a0 Nacional de Catalunya (TNC) que consiste en leer y analizar obras teatrales que se representan en el TNC, con la opci\u00f3n de poder ir al teatro, con un precio especial, a ver una de las obras trabajadas en el club.<\/span><\/p>\n<p style=\"text-align: justify;\"><span style=\"color: #000000;\">Las reuniones del club \u2018Llegir el Teatre\u2019 tendr\u00e1n lugar en la Biblioteca p\u00fablica los \u00faltimos jueves de los meses de octubre, febrero y abril, a las 19h. En estos encuentros, que tendr\u00e1n una duraci\u00f3n de una hora, se hablar\u00e1 de las obras que los participantes habr\u00e1n le\u00eddo previamente:<\/span><\/p>\n<p style=\"padding-left: 30px; text-align: justify;\"><span style=\"color: #000000;\">-Jueves 31 de octubre: \u201cLa Rambla de les Floristes\u201d de Josep Maria de Segarra.<\/span><\/p>\n<p style=\"padding-left: 30px; text-align: justify;\"><span style=\"color: #000000;\">-Jueves 27 de febrero: \u201cJust\u00edcia\u201d de Guillem Clua.<\/span><\/p>\n<p style=\"padding-left: 30px; text-align: justify;\"><span style=\"color: #000000;\">-Jueves 30 de abril: \u201cles veus interiors\u201d de Eduardo de Filippo.<\/span><\/p>\n<p style=\"text-align: justify;\"><span style=\"color: #000000;\">Adem\u00e1s, el s\u00e1bado 23 de mayo de 2020 se har\u00e1 una salida al teatro para ver la obra \u201cLes veus interiors\u201d, que se habr\u00e1 trabajado en la reuni\u00f3n del mes de abril.<\/span><\/p>\n<p style=\"text-align: justify;\"><span style=\"color: #000000;\">Aquellas personas interesadas en participar en el club se tienen que inscribir, de forma gratuita, en la Biblioteca p\u00fablica de la Bisbal del Pened\u00e8s, donde cada uno de los meses que haya club, podr\u00e1n ir a buscar el texto de la obra correspondiente.<\/span><\/p>\n<p style=\"text-align: justify;\"><a href=\"http:\/\/bisbalpenedes.com\/web\/wp-content\/uploads\/2019\/10\/triptic-revers_page-0001.jpg\"><img loading=\"lazy\" class=\"aligncenter wp-image-10795 \" src=\"http:\/\/bisbalpenedes.com\/web\/wp-content\/uploads\/2019\/10\/triptic-revers_page-0001-725x1024.jpg\" alt=\"triptic revers_page-0001\" width=\"532\" height=\"752\" srcset=\"https:\/\/bisbalpenedes.com\/web\/wp-content\/uploads\/2019\/10\/triptic-revers_page-0001-725x1024.jpg 725w, https:\/\/bisbalpenedes.com\/web\/wp-content\/uploads\/2019\/10\/triptic-revers_page-0001-600x848.jpg 600w, https:\/\/bisbalpenedes.com\/web\/wp-content\/uploads\/2019\/10\/triptic-revers_page-0001-212x300.jpg 212w, https:\/\/bisbalpenedes.com\/web\/wp-content\/uploads\/2019\/10\/triptic-revers_page-0001-768x1085.jpg 768w, https:\/\/bisbalpenedes.com\/web\/wp-content\/uploads\/2019\/10\/triptic-revers_page-0001.jpg 1241w\" sizes=\"(max-width: 532px) 100vw, 532px\" \/><\/a><\/p>\n<p>&nbsp;<\/p>\n","protected":false},"excerpt":{"rendered":"<p>La Biblioteca p\u00fablica de la Bisbal del Pened\u00e8s engega un nou club de lectura aquest octubre. Es tracta de \u2018Llegir el Teatre\u2019, una proposta del Departament de Cultura de la &hellip; <a href=\"https:\/\/bisbalpenedes.com\/web\/2019\/10\/09\/la-biblioteca-publica-de-la-bisbal-del-penedes-engega-un-nou-club-de-lectura-centrat-en-les-obres-de-teatre-que-es-representen-al-tnc\/\" class=\"more-link\">Read More<\/a><\/p>\n","protected":false},"author":4,"featured_media":10794,"comment_status":"closed","ping_status":"closed","sticky":false,"template":"","format":"standard","meta":[],"categories":[2478,13],"tags":[3207,412,3265,285],"_links":{"self":[{"href":"https:\/\/bisbalpenedes.com\/web\/wp-json\/wp\/v2\/posts\/10793"}],"collection":[{"href":"https:\/\/bisbalpenedes.com\/web\/wp-json\/wp\/v2\/posts"}],"about":[{"href":"https:\/\/bisbalpenedes.com\/web\/wp-json\/wp\/v2\/types\/post"}],"author":[{"embeddable":true,"href":"https:\/\/bisbalpenedes.com\/web\/wp-json\/wp\/v2\/users\/4"}],"replies":[{"embeddable":true,"href":"https:\/\/bisbalpenedes.com\/web\/wp-json\/wp\/v2\/comments?post=10793"}],"version-history":[{"count":2,"href":"https:\/\/bisbalpenedes.com\/web\/wp-json\/wp\/v2\/posts\/10793\/revisions"}],"predecessor-version":[{"id":10801,"href":"https:\/\/bisbalpenedes.com\/web\/wp-json\/wp\/v2\/posts\/10793\/revisions\/10801"}],"wp:featuredmedia":[{"embeddable":true,"href":"https:\/\/bisbalpenedes.com\/web\/wp-json\/wp\/v2\/media\/10794"}],"wp:attachment":[{"href":"https:\/\/bisbalpenedes.com\/web\/wp-json\/wp\/v2\/media?parent=10793"}],"wp:term":[{"taxonomy":"category","embeddable":true,"href":"https:\/\/bisbalpenedes.com\/web\/wp-json\/wp\/v2\/categories?post=10793"},{"taxonomy":"post_tag","embeddable":true,"href":"https:\/\/bisbalpenedes.com\/web\/wp-json\/wp\/v2\/tags?post=10793"}],"curies":[{"name":"wp","href":"https:\/\/api.w.org\/{rel}","templated":true}]}}