{"id":10755,"date":"2019-10-09T09:22:17","date_gmt":"2019-10-09T08:22:17","guid":{"rendered":"http:\/\/bisbalpenedes.com\/web\/?p=10755"},"modified":"2019-10-09T10:12:52","modified_gmt":"2019-10-09T09:12:52","slug":"el-regidor-de-joventut-va-participar-en-la-trobada-de-regidors-i-regidores-de-joventut-2019-el-passat-dissabte","status":"publish","type":"post","link":"https:\/\/bisbalpenedes.com\/web\/2019\/10\/09\/el-regidor-de-joventut-va-participar-en-la-trobada-de-regidors-i-regidores-de-joventut-2019-el-passat-dissabte\/","title":{"rendered":"El regidor de Joventut va participar en la Trobada de Regidors i Regidores de Joventut 2019 el passat dissabte"},"content":{"rendered":"<p style=\"text-align: center;\"><a href=\"http:\/\/bisbalpenedes.com\/web\/wp-content\/uploads\/2019\/10\/PHOTO-2019-10-05-18-10-36.jpg\"><img loading=\"lazy\" class=\"alignnone size-large wp-image-10758\" src=\"http:\/\/bisbalpenedes.com\/web\/wp-content\/uploads\/2019\/10\/PHOTO-2019-10-05-18-10-36-1024x706.jpg\" alt=\"TOBADA JOVENTUT 2019 OCTUBRE\" width=\"630\" height=\"434\" srcset=\"https:\/\/bisbalpenedes.com\/web\/wp-content\/uploads\/2019\/10\/PHOTO-2019-10-05-18-10-36-1024x706.jpg 1024w, https:\/\/bisbalpenedes.com\/web\/wp-content\/uploads\/2019\/10\/PHOTO-2019-10-05-18-10-36-600x414.jpg 600w, https:\/\/bisbalpenedes.com\/web\/wp-content\/uploads\/2019\/10\/PHOTO-2019-10-05-18-10-36-300x207.jpg 300w, https:\/\/bisbalpenedes.com\/web\/wp-content\/uploads\/2019\/10\/PHOTO-2019-10-05-18-10-36-768x529.jpg 768w, https:\/\/bisbalpenedes.com\/web\/wp-content\/uploads\/2019\/10\/PHOTO-2019-10-05-18-10-36.jpg 1391w\" sizes=\"(max-width: 630px) 100vw, 630px\" \/><\/a><\/p>\n<p style=\"text-align: justify;\"><span style=\"color: #000000;\">El regidor de Joventut de l\u2019Ajuntament de la Bisbal del Pened\u00e8s, F\u00e9lix Villaz\u00e1n, va participar el passat dissabte 5 d\u2019octubre a la Trobada de Regidors i Regidores de Joventut 2019 que van organitzar la Direcci\u00f3 General de Joventut i l\u2019Ag\u00e8ncia Catalana de Joventut. La Trobada, que va tenir lloc a l&#8217;Espluga de Francol\u00ed, s\u2019adre\u00e7ava a les regidories i conselleries de joventut que ara han estrenat mandat i perseguia el prop\u00f2sit que tots els agents participants poguessin compartir incerteses, dubtes, reptes i objectius en mat\u00e8ria de joventut.<\/span><\/p>\n<p style=\"text-align: justify;\"><span style=\"color: #000000;\">Durant la trobada s\u2019ha treballat el context actual i els recursos disponibles per desplegar pol\u00edtiques locals de joventut amb relaci\u00f3 als reptes identificats i s\u2019han dut a terme els tallers \u201cDes d\u2019on ens relacionem amb les persones joves\u201d, \u201cIntroduir la perspectiva juvenil a l\u2019Ajuntament\u201d i \u201cDel programa pol\u00edtic al pla local de joventut\u201d. Durant la trobada, tamb\u00e9 s\u2019han fet grups entorn de diferents experi\u00e8ncies de regidors i regidores que han estat responsables de joventut durant el darrer mandat.<\/span><\/p>\n<p style=\"text-align: justify;\"><span style=\"color: #000000;\">Es d\u00f3na el cas que, en l\u2019actualitat, s\u2019est\u00e0 comen\u00e7ant a elaborar el nou Pla nacional de Joventut de Catalunya, que requerir\u00e0 la implicaci\u00f3 de tots els agents de les pol\u00edtiques de joventut per poder identificar i impulsar el treball sobre els nous reptes de les pol\u00edtiques de joventut.<\/span><\/p>\n<p style=\"text-align: justify;\"><span style=\"color: #000000;\">Segons el regidor de Joventut, F\u00e9lix Villaz\u00e1n, \u201cla Trobada de Regidors i Regidores de Joventut 2019 ha estat molt profitosa i ens ha perm\u00e8s descobrir i con\u00e8ixer altres maneres de fer. Participar en aquest tipus d\u2019esdeveniments sempre \u00e9s molt enriquidor perqu\u00e8 ens permet proposar temes, agafar idees, treballar nous plantejaments i idees i con\u00e8ixer altres experi\u00e8ncies\u201d. Villaz\u00e1n ha afegit que \u201cdes de la Regidoria de Joventut estem treballant en noves propostes adre\u00e7ades al nostre jovent, sempre tenint en compte les seves inquietuds i peticions\u201d. El regidor ha explicat que per a aquest trimestre s\u2019han programat els seg\u00fcents tallers i activitats a la Cova Jove:<\/span><\/p>\n<p style=\"padding-left: 30px; text-align: justify;\"><span style=\"color: #000000;\">-Taller de defensa personal femenina<\/span><\/p>\n<p style=\"padding-left: 30px; text-align: justify;\"><span style=\"color: #000000;\">-Taller de fotografia<\/span><\/p>\n<p style=\"padding-left: 30px; text-align: justify;\"><span style=\"color: #000000;\">-Taller per fer el logo de la Cova Jove<\/span><\/p>\n<p style=\"padding-left: 30px; text-align: justify;\"><span style=\"color: #000000;\">-Taller de percussi\u00f3<\/span><\/p>\n<p style=\"padding-left: 30px; text-align: justify;\"><span style=\"color: #000000;\">-Taller vivencial: com parlaries als teus pares?<\/span><\/p>\n<p style=\"padding-left: 30px; text-align: justify;\"><span style=\"color: #000000;\">-Taller de <em>graffiti<\/em><\/span><\/p>\n<p style=\"padding-left: 30px; text-align: justify;\"><span style=\"color: #000000;\">-Taller d\u2019ordre i organitzaci\u00f3<\/span><\/p>\n<p style=\"padding-left: 30px; text-align: justify;\"><span style=\"color: #000000;\">-Taller: ens decorem les samarretes<\/span><\/p>\n<p style=\"padding-left: 30px; text-align: justify;\"><span style=\"color: #000000;\">-Refor\u00e7 escolar<\/span><\/p>\n<p style=\"text-align: justify;\"><span style=\"color: #000000;\">Villaz\u00e1n ha recordat que \u201cla Cova Jove \u00e9s un espai especialment creat i pensat per als joves. Est\u00e0 ubicat al CMC i s\u2019hi pot accedir de dilluns a divendres a les tardes, a excepci\u00f3 dels dimecres. En aquest espai hi ha una dinamitzadora que at\u00e9n totes les q\u00fcestions relacionades amb joventut i pren nota de les propostes i idees dels joves\u201d.<\/span><\/p>\n<p style=\"text-align: center;\">\n<hr \/>\n<p><a href=\"http:\/\/bisbalpenedes.com\/web\/wp-content\/uploads\/2019\/10\/PHOTO-2019-10-05-18-10-36.jpg\"><img loading=\"lazy\" class=\"alignnone wp-image-10758 size-large aligncenter\" src=\"http:\/\/bisbalpenedes.com\/web\/wp-content\/uploads\/2019\/10\/PHOTO-2019-10-05-18-10-36-1024x706.jpg\" alt=\"TOBADA JOVENTUT 2019 OCTUBRE\" width=\"630\" height=\"434\" srcset=\"https:\/\/bisbalpenedes.com\/web\/wp-content\/uploads\/2019\/10\/PHOTO-2019-10-05-18-10-36-1024x706.jpg 1024w, https:\/\/bisbalpenedes.com\/web\/wp-content\/uploads\/2019\/10\/PHOTO-2019-10-05-18-10-36-600x414.jpg 600w, https:\/\/bisbalpenedes.com\/web\/wp-content\/uploads\/2019\/10\/PHOTO-2019-10-05-18-10-36-300x207.jpg 300w, https:\/\/bisbalpenedes.com\/web\/wp-content\/uploads\/2019\/10\/PHOTO-2019-10-05-18-10-36-768x529.jpg 768w, https:\/\/bisbalpenedes.com\/web\/wp-content\/uploads\/2019\/10\/PHOTO-2019-10-05-18-10-36.jpg 1391w\" sizes=\"(max-width: 630px) 100vw, 630px\" \/><\/a><\/p>\n<p style=\"text-align: justify;\"><span style=\"color: #000000;\"><strong>CASTELLANO |<\/strong> El concejal de Juventud del Ayuntamiento de la Bisbal del Pened\u00e8s, F\u00e9lix Villaz\u00e1n, particip\u00f3 el pasado s\u00e1bado 5 de octubre en la Trobada de Regidors i Regidores de Joventut 2019 que organizaron la Direcci\u00f3 General de Joventut y la Ag\u00e8ncia Catalana de Joventut. El encuentro, que tuvo lugar en l&#8217;Espluga de Francol\u00ed, se dirig\u00eda a las concejal\u00edas y <em>conselleries<\/em> de juventud que ahora han estrenado mandato y persegu\u00eda el prop\u00f3sito de que todos los participantes pudiesen compartir dudas, retos y objetivos en materia de juventud.<\/span><\/p>\n<p style=\"text-align: justify;\"><span style=\"color: #000000;\">Durante el encuentro se ha trabajado el contexto actual y los recursos disponibles para desplegar pol\u00edticas locales de juventud con relaci\u00f3n a los retos identificados y se han llevado a cabo los talleres \u201cdesde donde nos relacionamos con las personas j\u00f3venes\u201d, \u201cintroducir la perspectiva juvenil del Ayuntamiento\u201d y \u201cDel programa pol\u00edtico al plan local de juventud\u201d. Durante el encuentro, tambi\u00e9n se han hecho grupos al entorno de distintas experiencias de concejales y concejalas que han sido responsables de juventud durante el \u00faltimo mandato.<\/span><\/p>\n<p style=\"text-align: justify;\"><span style=\"color: #000000;\">Se da el caso que, en la actualidad, se est\u00e1 empezando a elaborar el nuevo Plan nacional de Juventud de Catalunya, que requerir\u00e1 la implicaci\u00f3n de todos los agentes de las pol\u00edticas de juventud para poder identificar e impulsar el trabajo sobre los nuevos retos de las pol\u00edticas de juventud.<\/span><\/p>\n<p style=\"text-align: justify;\"><span style=\"color: #000000;\">Seg\u00fan el concejal de Juventud, F\u00e9lix Villaz\u00e1n, \u201cla Trobada de Regidors i Regidores de Joventut 2019 ha sido muy provechosa y nos ha permitido descubrir y conocer otras formas de hacer. Participar en este tipo de eventos siempre es muy enriquecedor porqu\u00e9 nos permite proponer temas, coger ideas, trabajar nuevos planteamientos e ideas y conocer otras experiencias\u201d. Villaz\u00e1n ha a\u00f1adido que \u201cdesde la Concejal\u00eda de Juventud estamos trabajando en nuevas propuestas dirigidas a nuestra juventud, siempre teniendo en cuenta sus inquietudes y peticiones\u201d. El concejal ha explicado que para este trimestre se han programado los siguientes talleres y actividades en la Cova Jove:<\/span><\/p>\n<p style=\"padding-left: 30px; text-align: justify;\"><span style=\"color: #000000;\">-Taller de defensa personal femenina<\/span><\/p>\n<p style=\"padding-left: 30px; text-align: justify;\"><span style=\"color: #000000;\">-Taller de fotograf\u00eda<\/span><\/p>\n<p style=\"padding-left: 30px; text-align: justify;\"><span style=\"color: #000000;\">-Taller para hacer el logo de la Cova Jove<\/span><\/p>\n<p style=\"padding-left: 30px; text-align: justify;\"><span style=\"color: #000000;\">-Taller de percusi\u00f3n<\/span><\/p>\n<p style=\"padding-left: 30px; text-align: justify;\"><span style=\"color: #000000;\">-Taller vivencial: \u00bfC\u00f3mo le hablar\u00edas a tus padres?<\/span><\/p>\n<p style=\"padding-left: 30px; text-align: justify;\"><span style=\"color: #000000;\">-Taller de <em>graffiti<\/em><\/span><\/p>\n<p style=\"padding-left: 30px; text-align: justify;\"><span style=\"color: #000000;\">-Taller de orden y organizaci\u00f3n<\/span><\/p>\n<p style=\"padding-left: 30px; text-align: justify;\"><span style=\"color: #000000;\">-Taller: nos decoramos las camisetas<\/span><\/p>\n<p style=\"padding-left: 30px; text-align: justify;\"><span style=\"color: #000000;\">-Refuerzo escolar<\/span><\/p>\n<p style=\"text-align: justify;\"><span style=\"color: #000000;\">Villaz\u00e1n ha recordado que \u201cla Cova Jove es un espacio especialmente creado y pensado par los j\u00f3venes. Est\u00e1 ubicado en el CMC y se puede acceder de lunes a viernes por las tardes, a excepci\u00f3n de los mi\u00e9rcoles. En este espacio hay una dinamizadora que atiende todas las consulta relacionadas con juventud y toma nota de las propuestas e ideas de los j\u00f3venes\u201d.<\/span><\/p>\n<p>&nbsp;<\/p>\n","protected":false},"excerpt":{"rendered":"<p>El regidor de Joventut de l\u2019Ajuntament de la Bisbal del Pened\u00e8s, F\u00e9lix Villaz\u00e1n, va participar el passat dissabte 5 d\u2019octubre a la Trobada de Regidors i Regidores de Joventut 2019 &hellip; <a href=\"https:\/\/bisbalpenedes.com\/web\/2019\/10\/09\/el-regidor-de-joventut-va-participar-en-la-trobada-de-regidors-i-regidores-de-joventut-2019-el-passat-dissabte\/\" class=\"more-link\">Read More<\/a><\/p>\n","protected":false},"author":4,"featured_media":10758,"comment_status":"closed","ping_status":"closed","sticky":false,"template":"","format":"standard","meta":[],"categories":[1486],"tags":[3086,210,505,1509],"_links":{"self":[{"href":"https:\/\/bisbalpenedes.com\/web\/wp-json\/wp\/v2\/posts\/10755"}],"collection":[{"href":"https:\/\/bisbalpenedes.com\/web\/wp-json\/wp\/v2\/posts"}],"about":[{"href":"https:\/\/bisbalpenedes.com\/web\/wp-json\/wp\/v2\/types\/post"}],"author":[{"embeddable":true,"href":"https:\/\/bisbalpenedes.com\/web\/wp-json\/wp\/v2\/users\/4"}],"replies":[{"embeddable":true,"href":"https:\/\/bisbalpenedes.com\/web\/wp-json\/wp\/v2\/comments?post=10755"}],"version-history":[{"count":7,"href":"https:\/\/bisbalpenedes.com\/web\/wp-json\/wp\/v2\/posts\/10755\/revisions"}],"predecessor-version":[{"id":10777,"href":"https:\/\/bisbalpenedes.com\/web\/wp-json\/wp\/v2\/posts\/10755\/revisions\/10777"}],"wp:featuredmedia":[{"embeddable":true,"href":"https:\/\/bisbalpenedes.com\/web\/wp-json\/wp\/v2\/media\/10758"}],"wp:attachment":[{"href":"https:\/\/bisbalpenedes.com\/web\/wp-json\/wp\/v2\/media?parent=10755"}],"wp:term":[{"taxonomy":"category","embeddable":true,"href":"https:\/\/bisbalpenedes.com\/web\/wp-json\/wp\/v2\/categories?post=10755"},{"taxonomy":"post_tag","embeddable":true,"href":"https:\/\/bisbalpenedes.com\/web\/wp-json\/wp\/v2\/tags?post=10755"}],"curies":[{"name":"wp","href":"https:\/\/api.w.org\/{rel}","templated":true}]}}