{"id":10747,"date":"2019-10-08T19:49:37","date_gmt":"2019-10-08T18:49:37","guid":{"rendered":"http:\/\/bisbalpenedes.com\/web\/?p=10747"},"modified":"2019-10-08T19:49:37","modified_gmt":"2019-10-08T18:49:37","slug":"se-celebra-la-1a-reunio-del-comite-executiu-de-lassociacio-catalana-de-municipis-amb-lalcaldessa-agnes-ferre-com-a-vocal","status":"publish","type":"post","link":"https:\/\/bisbalpenedes.com\/web\/2019\/10\/08\/se-celebra-la-1a-reunio-del-comite-executiu-de-lassociacio-catalana-de-municipis-amb-lalcaldessa-agnes-ferre-com-a-vocal\/","title":{"rendered":"Se celebra la 1a reuni\u00f3 del Comit\u00e8 Executiu de l\u2019Associaci\u00f3 Catalana de Municipis amb l\u2019alcaldessa Agn\u00e8s Ferr\u00e9 com a vocal"},"content":{"rendered":"<p style=\"text-align: center;\"><span style=\"color: #000000;\"><a style=\"color: #000000;\" href=\"http:\/\/bisbalpenedes.com\/web\/wp-content\/uploads\/2019\/10\/ACM1.jpg\"><img loading=\"lazy\" class=\"alignnone size-full wp-image-10752\" src=\"http:\/\/bisbalpenedes.com\/web\/wp-content\/uploads\/2019\/10\/ACM1.jpg\" alt=\"ACM1 PRIMERA REUNIO EXECUTIVA\" width=\"448\" height=\"262\" srcset=\"https:\/\/bisbalpenedes.com\/web\/wp-content\/uploads\/2019\/10\/ACM1.jpg 448w, https:\/\/bisbalpenedes.com\/web\/wp-content\/uploads\/2019\/10\/ACM1-300x175.jpg 300w\" sizes=\"(max-width: 448px) 100vw, 448px\" \/><\/a><\/span><\/p>\n<p style=\"text-align: justify;\"><span style=\"color: #000000;\">El nou Comit\u00e8 Executiu de l\u2019Associaci\u00f3 Catalana de Municipis i Comarques (ACM) s\u2019ha reunit, per primera vegada, aquest dilluns 7 d\u2019octubre, despr\u00e9s que el passat 20 de setembre es constitu\u00eds i es nomen\u00e9s president l\u2019alcalde de Deltebre, Llu\u00eds Soler. En la sessi\u00f3 d\u2019aquest dilluns s\u2019ha nomenat la nova secret\u00e0ria general de l\u2019ACM i s\u2019ha donat compte del nomenament de les vicepresid\u00e8ncies de l\u2019entitat, a proposta del President.<\/span><\/p>\n<p style=\"text-align: justify;\"><span style=\"color: #000000;\">L\u2019ACM est\u00e0 formada per 934 ajuntaments associats, tots els consells comarcals, les quatre diputacions catalanes i altres entitats. Quant a l\u2019Executiva, aquesta est\u00e0 formada per una trentena d\u2019alcaldes i alcaldesses, entre les quals s\u2019hi troba l\u2019alcaldessa de la Bisbal del Pened\u00e8s, Agn\u00e8s Ferr\u00e9, que n\u2019\u00e9s vocal.<\/span><\/p>\n<hr \/>\n<p style=\"text-align: justify;\"><span style=\"color: #000000;\"><strong>CASTELLANO |<\/strong> El nuevo Comit\u00e9 Ejecutivo de la Associaci\u00f3 Catalana de Municipis i Comarques (ACM) se ha reunido, por primera vez, este lunes 7 de octubre, despu\u00e9s de que el pasado 20 de septiembre se constituyese y se nombrase presidente al alcalde de Deltebre, Llu\u00eds Soler. En la sesi\u00f3n de este lunes se ha nombrado la nueva secretaria general de la ACM y se ha dado cuenta del nombramiento de las vicepresidencias de la entidad, a propuesta del Presidente.<\/span><\/p>\n<p style=\"text-align: justify;\"><span style=\"color: #000000;\">La ACM est\u00e1 formada por 934 ayuntamientos asociados, todos los consells comarcals, las cuatro diputaciones catalanas y otras entidades. En cuanto a la Ejecutiva, esta est\u00e1 formada por una treintena de alcaldes y alcaldesas, entre las que se encuentra la alcaldesa de la Bisbal del Pened\u00e8s, Agn\u00e8s Ferr\u00e9, que es vocal.<\/span><\/p>\n","protected":false},"excerpt":{"rendered":"<p>El nou Comit\u00e8 Executiu de l\u2019Associaci\u00f3 Catalana de Municipis i Comarques (ACM) s\u2019ha reunit, per primera vegada, aquest dilluns 7 d\u2019octubre, despr\u00e9s que el passat 20 de setembre es constitu\u00eds &hellip; <a href=\"https:\/\/bisbalpenedes.com\/web\/2019\/10\/08\/se-celebra-la-1a-reunio-del-comite-executiu-de-lassociacio-catalana-de-municipis-amb-lalcaldessa-agnes-ferre-com-a-vocal\/\" class=\"more-link\">Read More<\/a><\/p>\n","protected":false},"author":4,"featured_media":10752,"comment_status":"closed","ping_status":"closed","sticky":false,"template":"","format":"standard","meta":[],"categories":[2057],"tags":[874,1151,2092,3263,3264],"_links":{"self":[{"href":"https:\/\/bisbalpenedes.com\/web\/wp-json\/wp\/v2\/posts\/10747"}],"collection":[{"href":"https:\/\/bisbalpenedes.com\/web\/wp-json\/wp\/v2\/posts"}],"about":[{"href":"https:\/\/bisbalpenedes.com\/web\/wp-json\/wp\/v2\/types\/post"}],"author":[{"embeddable":true,"href":"https:\/\/bisbalpenedes.com\/web\/wp-json\/wp\/v2\/users\/4"}],"replies":[{"embeddable":true,"href":"https:\/\/bisbalpenedes.com\/web\/wp-json\/wp\/v2\/comments?post=10747"}],"version-history":[{"count":4,"href":"https:\/\/bisbalpenedes.com\/web\/wp-json\/wp\/v2\/posts\/10747\/revisions"}],"predecessor-version":[{"id":10754,"href":"https:\/\/bisbalpenedes.com\/web\/wp-json\/wp\/v2\/posts\/10747\/revisions\/10754"}],"wp:featuredmedia":[{"embeddable":true,"href":"https:\/\/bisbalpenedes.com\/web\/wp-json\/wp\/v2\/media\/10752"}],"wp:attachment":[{"href":"https:\/\/bisbalpenedes.com\/web\/wp-json\/wp\/v2\/media?parent=10747"}],"wp:term":[{"taxonomy":"category","embeddable":true,"href":"https:\/\/bisbalpenedes.com\/web\/wp-json\/wp\/v2\/categories?post=10747"},{"taxonomy":"post_tag","embeddable":true,"href":"https:\/\/bisbalpenedes.com\/web\/wp-json\/wp\/v2\/tags?post=10747"}],"curies":[{"name":"wp","href":"https:\/\/api.w.org\/{rel}","templated":true}]}}