{"id":10729,"date":"2019-10-04T11:49:21","date_gmt":"2019-10-04T10:49:21","guid":{"rendered":"http:\/\/bisbalpenedes.com\/web\/?p=10729"},"modified":"2019-10-04T11:51:11","modified_gmt":"2019-10-04T10:51:11","slug":"lequip-de-govern-sha-reunit-amb-representants-de-la-mancomunitat-penedes-garraf-aquest-dijous","status":"publish","type":"post","link":"https:\/\/bisbalpenedes.com\/web\/2019\/10\/04\/lequip-de-govern-sha-reunit-amb-representants-de-la-mancomunitat-penedes-garraf-aquest-dijous\/","title":{"rendered":"L\u2019equip de govern s&#8217;ha reunit amb els representants de la Mancomunitat Pened\u00e8s-Garraf aquest dijous"},"content":{"rendered":"<p style=\"text-align: justify;\"><a href=\"http:\/\/bisbalpenedes.com\/web\/wp-content\/uploads\/2019\/10\/MANCOMUNITAT-PENEDES-3-10-19.jpg\"><img loading=\"lazy\" class=\"aligncenter size-large wp-image-10730\" src=\"http:\/\/bisbalpenedes.com\/web\/wp-content\/uploads\/2019\/10\/MANCOMUNITAT-PENEDES-3-10-19-1024x768.jpg\" alt=\"MANCOMUNITAT PENEDES 3-10-19\" width=\"630\" height=\"473\" srcset=\"https:\/\/bisbalpenedes.com\/web\/wp-content\/uploads\/2019\/10\/MANCOMUNITAT-PENEDES-3-10-19-1024x768.jpg 1024w, https:\/\/bisbalpenedes.com\/web\/wp-content\/uploads\/2019\/10\/MANCOMUNITAT-PENEDES-3-10-19-600x450.jpg 600w, https:\/\/bisbalpenedes.com\/web\/wp-content\/uploads\/2019\/10\/MANCOMUNITAT-PENEDES-3-10-19-300x225.jpg 300w, https:\/\/bisbalpenedes.com\/web\/wp-content\/uploads\/2019\/10\/MANCOMUNITAT-PENEDES-3-10-19-768x576.jpg 768w\" sizes=\"(max-width: 630px) 100vw, 630px\" \/><\/a><\/p>\n<p style=\"text-align: justify;\"><span style=\"color: #000000;\">L\u2019equip de govern de l\u2019Ajuntament de la Bisbal del Pened\u00e8s ha rebut la visita, aquest dijous, de Sergi Vall\u00e8s, president de la Mancomunitat Pened\u00e8s-Garraf; i Llu\u00eds Valls, coordinador de presid\u00e8ncia. Ambd\u00f3s s\u2019han reunit amb l\u2019alcaldessa Agn\u00e8s Ferr\u00e9 i els regidors Judith Vidal, Leo Uceda i Feliu Gil per presentar la Mancomunitat i explicar-los els serveis que ofereix als ajuntaments.<\/span><\/p>\n<p style=\"text-align: justify;\"><span style=\"color: #000000;\">La Mancomunitat Pened\u00e8s-Garraf \u00e9s una administraci\u00f3 local que va n\u00e9ixer a principis dels anys 80 amb l\u2019objectiu de sumar esfor\u00e7os i mitjans per poder cobrir, de manera conjunta, les necessitats del territori. En l\u2019actualitat, est\u00e0 formada per l\u2019associaci\u00f3 volunt\u00e0ria de 34 ajuntaments de les comarques de l\u2019Alt i el Baix Pened\u00e8s i el Garraf, amb la missi\u00f3 de realitzar i prestar serveis en com\u00fa. Des de la Mancomunitat s\u2019ofereixen serveis relacionats amb la recollida d\u2019escombraries, l\u2019educaci\u00f3 ambiental o els animals de companyia, entre altres.<\/span><\/p>\n<p style=\"text-align: justify;\"><span style=\"color: #000000;\">L\u2019alcaldessa de la Bisbal del Pened\u00e8s, Agn\u00e8s Ferr\u00e9, ha explicat que \u201cha estat una reuni\u00f3 molt profitosa i interessant, ja que des de la Mancomunitat ofereixen moltes possibilitats i faciliten els tr\u00e0mits i procediments de l\u2019actual Llei de contractes a les administracions p\u00fabliques locals\u201d. La batllessa ha afegit que \u201cara els membres de l\u2019equip de govern valorarem la possible adhesi\u00f3 de l\u2019Ajuntament a la Mancomunitat\u201d.<\/span><\/p>\n<hr \/>\n<p style=\"text-align: justify;\"><span style=\"color: #000000;\"><strong>CASTELLANO |<\/strong> El equipo de gobierno del Ayuntamiento de la Bisbal del Pened\u00e8s ha recibido la visita, este jueves, de Sergi Vall\u00e8s, presidente de la Mancomunitat Pened\u00e8s-Garraf; y Llu\u00eds Valls, coordinador de presidencia. Se han reunido con la alcaldesa Agn\u00e8s Ferr\u00e9 y los concejales Judith Vidal, Leo Uceda y Feliu Gil para presentar la Mancomunitat y explicarles los servicios que ofrece a los Ayuntamientos.<\/span><\/p>\n<p style=\"text-align: justify;\"><span style=\"color: #000000;\">La Mancomunitat Pened\u00e8s-Garraf es una administraci\u00f3n local que naci\u00f3 a principios de los a\u00f1os 80 con el objetivo de sumar esfuerzos y medios para poder cubrir, de forma conjunta, las necesidades del territorio. En la actualidad, est\u00e1 formada por la asociaci\u00f3n voluntaria de 34 ayuntamientos de las comarcas del Alt y el Baix Pened\u00e8s y el Garraf, con la misi\u00f3n de realizar y prestar servicios en com\u00fan. Desde la Mancomunitat se ofrecen servicios relacionados con la recogida de basuras, la educaci\u00f3n ambiental o los animales de compa\u00f1\u00eda, entre otros.<\/span><\/p>\n<p style=\"text-align: justify;\"><span style=\"color: #000000;\">La alcaldesa de la Bisbal del Pened\u00e8s, Agn\u00e8s Ferr\u00e9, ha explicado que \u201cha sido una reuni\u00f3n muy provechosa e interesante, ya que desde la Mancomunitat ofrecen muchas posibilidades y facilitan los tr\u00e1mites y procedimientos de la actual Ley de contratos a las administraciones p\u00fablicas locales\u201d. La alcaldesa ha a\u00f1adido que \u201cahora los miembros del equipo de gobierno valoraremos la posible adhesi\u00f3n del Ayuntamiento a la Mancomunitat\u201d.<\/span><\/p>\n","protected":false},"excerpt":{"rendered":"<p>L\u2019equip de govern de l\u2019Ajuntament de la Bisbal del Pened\u00e8s ha rebut la visita, aquest dijous, de Sergi Vall\u00e8s, president de la Mancomunitat Pened\u00e8s-Garraf; i Llu\u00eds Valls, coordinador de presid\u00e8ncia. &hellip; <a href=\"https:\/\/bisbalpenedes.com\/web\/2019\/10\/04\/lequip-de-govern-sha-reunit-amb-representants-de-la-mancomunitat-penedes-garraf-aquest-dijous\/\" class=\"more-link\">Read More<\/a><\/p>\n","protected":false},"author":4,"featured_media":10730,"comment_status":"closed","ping_status":"closed","sticky":false,"template":"","format":"standard","meta":[],"categories":[2057],"tags":[1151,2484,3261,2512,2411,3262,2343,1374,1027],"_links":{"self":[{"href":"https:\/\/bisbalpenedes.com\/web\/wp-json\/wp\/v2\/posts\/10729"}],"collection":[{"href":"https:\/\/bisbalpenedes.com\/web\/wp-json\/wp\/v2\/posts"}],"about":[{"href":"https:\/\/bisbalpenedes.com\/web\/wp-json\/wp\/v2\/types\/post"}],"author":[{"embeddable":true,"href":"https:\/\/bisbalpenedes.com\/web\/wp-json\/wp\/v2\/users\/4"}],"replies":[{"embeddable":true,"href":"https:\/\/bisbalpenedes.com\/web\/wp-json\/wp\/v2\/comments?post=10729"}],"version-history":[{"count":2,"href":"https:\/\/bisbalpenedes.com\/web\/wp-json\/wp\/v2\/posts\/10729\/revisions"}],"predecessor-version":[{"id":10732,"href":"https:\/\/bisbalpenedes.com\/web\/wp-json\/wp\/v2\/posts\/10729\/revisions\/10732"}],"wp:featuredmedia":[{"embeddable":true,"href":"https:\/\/bisbalpenedes.com\/web\/wp-json\/wp\/v2\/media\/10730"}],"wp:attachment":[{"href":"https:\/\/bisbalpenedes.com\/web\/wp-json\/wp\/v2\/media?parent=10729"}],"wp:term":[{"taxonomy":"category","embeddable":true,"href":"https:\/\/bisbalpenedes.com\/web\/wp-json\/wp\/v2\/categories?post=10729"},{"taxonomy":"post_tag","embeddable":true,"href":"https:\/\/bisbalpenedes.com\/web\/wp-json\/wp\/v2\/tags?post=10729"}],"curies":[{"name":"wp","href":"https:\/\/api.w.org\/{rel}","templated":true}]}}