{"id":10724,"date":"2019-10-04T10:25:46","date_gmt":"2019-10-04T09:25:46","guid":{"rendered":"http:\/\/bisbalpenedes.com\/web\/?p=10724"},"modified":"2019-10-04T10:30:26","modified_gmt":"2019-10-04T09:30:26","slug":"del-7-al-19-doctubre-la-biblioteca-acollira-una-exposicio-amb-motiu-de-lany-pompeu-fabra","status":"publish","type":"post","link":"https:\/\/bisbalpenedes.com\/web\/2019\/10\/04\/del-7-al-19-doctubre-la-biblioteca-acollira-una-exposicio-amb-motiu-de-lany-pompeu-fabra\/","title":{"rendered":"Del 7 al 19 d&#8217;octubre la Biblioteca acollir\u00e0 una exposici\u00f3 amb motiu de l&#8217;Any Pompeu Fabra"},"content":{"rendered":"<p style=\"text-align: justify;\"><span style=\"color: #000000;\">La <strong>Biblioteca p\u00fablica de la Bisbal del Pened\u00e8s<\/strong> acollir\u00e0 l\u2019exposici\u00f3 \u2018Pompeu Fabra una llengua completa\u2019 del 7 al 19 d\u2019octubre amb motiu de l\u2019Any Pompeu Fabra. Es tracta d\u2019una mostra itinerant creada per la Direcci\u00f3 General de Pol\u00edtica Ling\u00fc\u00edstica i gestionada pels serveis territorials de Cultura i el Consorci per a la Normalitzaci\u00f3 Ling\u00fc\u00edstica que \u201cpresenta l\u2019aportaci\u00f3 de Fabra a la llengua catalana, el gran arrelament social de la seva figura i obra arreu de Catalunya i l\u2019impuls a la llengua que va suposar el seu treball\u201d.<\/span><\/p>\n<p style=\"text-align: justify;\"><span style=\"color: #000000;\">L\u2019exposici\u00f3 es podr\u00e0 visitar<strong> del 7 al 19 d\u2019octubre, de 16:30h a 20:30h.<\/strong><\/span><\/p>\n<hr \/>\n<p style=\"text-align: justify;\"><span style=\"color: #000000;\"><strong>CASTELLANO |<\/strong> La <strong>Biblioteca p\u00fablica de la Bisbal del Pened\u00e8s<\/strong> acoger\u00e1 la exposici\u00f3n &#8216;Pompeu Fabra una llengua completa&#8217; del 7 al 19 de octubre con motivo del a\u00f1o Pompeu Fabra. Se trata de una muestra itinerante creada por la Direcci\u00f3n General de Pol\u00edtica Ling\u00fc\u00edstica y gestionada por los servicios territoriales de Cultura y el Consorci per a la Normalitzaci\u00f3 Ling\u00fc\u00edstica que &#8220;presenta la aportaci\u00f3n de Fabra a la lengua catalana, el gran enraizamiento social de su figura y obra en toda Catalunya y el impulso a la lengua que supuso su trabajo&#8221;.<\/span><\/p>\n<p style=\"text-align: justify;\"><span style=\"color: #000000;\">La exposici\u00f3n se podr\u00e1 visitar <strong>del 7 al 19 de octubre, de 16:30h a 20:30h.<\/strong><\/span><\/p>\n<p style=\"text-align: justify;\"><a href=\"http:\/\/bisbalpenedes.com\/web\/wp-content\/uploads\/2019\/10\/cartell-pompeu-fabra-bisbal.png\"><img loading=\"lazy\" class=\"aligncenter size-large wp-image-10725\" src=\"http:\/\/bisbalpenedes.com\/web\/wp-content\/uploads\/2019\/10\/cartell-pompeu-fabra-bisbal-724x1024.png\" alt=\"cartell pompeu fabra bisbal\" width=\"630\" height=\"891\" srcset=\"https:\/\/bisbalpenedes.com\/web\/wp-content\/uploads\/2019\/10\/cartell-pompeu-fabra-bisbal-724x1024.png 724w, https:\/\/bisbalpenedes.com\/web\/wp-content\/uploads\/2019\/10\/cartell-pompeu-fabra-bisbal-600x849.png 600w, https:\/\/bisbalpenedes.com\/web\/wp-content\/uploads\/2019\/10\/cartell-pompeu-fabra-bisbal-212x300.png 212w, https:\/\/bisbalpenedes.com\/web\/wp-content\/uploads\/2019\/10\/cartell-pompeu-fabra-bisbal-768x1086.png 768w, https:\/\/bisbalpenedes.com\/web\/wp-content\/uploads\/2019\/10\/cartell-pompeu-fabra-bisbal.png 1587w\" sizes=\"(max-width: 630px) 100vw, 630px\" \/><\/a><\/p>\n","protected":false},"excerpt":{"rendered":"<p>La Biblioteca p\u00fablica de la Bisbal del Pened\u00e8s acollir\u00e0 l\u2019exposici\u00f3 \u2018Pompeu Fabra una llengua completa\u2019 del 7 al 19 d\u2019octubre amb motiu de l\u2019Any Pompeu Fabra. Es tracta d\u2019una mostra &hellip; <a href=\"https:\/\/bisbalpenedes.com\/web\/2019\/10\/04\/del-7-al-19-doctubre-la-biblioteca-acollira-una-exposicio-amb-motiu-de-lany-pompeu-fabra\/\" class=\"more-link\">Read More<\/a><\/p>\n","protected":false},"author":4,"featured_media":10725,"comment_status":"closed","ping_status":"closed","sticky":false,"template":"","format":"standard","meta":[],"categories":[2478,13],"tags":[180,86,3260,3259],"_links":{"self":[{"href":"https:\/\/bisbalpenedes.com\/web\/wp-json\/wp\/v2\/posts\/10724"}],"collection":[{"href":"https:\/\/bisbalpenedes.com\/web\/wp-json\/wp\/v2\/posts"}],"about":[{"href":"https:\/\/bisbalpenedes.com\/web\/wp-json\/wp\/v2\/types\/post"}],"author":[{"embeddable":true,"href":"https:\/\/bisbalpenedes.com\/web\/wp-json\/wp\/v2\/users\/4"}],"replies":[{"embeddable":true,"href":"https:\/\/bisbalpenedes.com\/web\/wp-json\/wp\/v2\/comments?post=10724"}],"version-history":[{"count":3,"href":"https:\/\/bisbalpenedes.com\/web\/wp-json\/wp\/v2\/posts\/10724\/revisions"}],"predecessor-version":[{"id":10728,"href":"https:\/\/bisbalpenedes.com\/web\/wp-json\/wp\/v2\/posts\/10724\/revisions\/10728"}],"wp:featuredmedia":[{"embeddable":true,"href":"https:\/\/bisbalpenedes.com\/web\/wp-json\/wp\/v2\/media\/10725"}],"wp:attachment":[{"href":"https:\/\/bisbalpenedes.com\/web\/wp-json\/wp\/v2\/media?parent=10724"}],"wp:term":[{"taxonomy":"category","embeddable":true,"href":"https:\/\/bisbalpenedes.com\/web\/wp-json\/wp\/v2\/categories?post=10724"},{"taxonomy":"post_tag","embeddable":true,"href":"https:\/\/bisbalpenedes.com\/web\/wp-json\/wp\/v2\/tags?post=10724"}],"curies":[{"name":"wp","href":"https:\/\/api.w.org\/{rel}","templated":true}]}}