{"id":10720,"date":"2019-10-03T11:43:01","date_gmt":"2019-10-03T10:43:01","guid":{"rendered":"http:\/\/bisbalpenedes.com\/web\/?p=10720"},"modified":"2019-10-03T11:53:28","modified_gmt":"2019-10-03T10:53:28","slug":"sha-aprovat-el-contracte-menor-per-a-lenllumenat-de-nadal","status":"publish","type":"post","link":"https:\/\/bisbalpenedes.com\/web\/2019\/10\/03\/sha-aprovat-el-contracte-menor-per-a-lenllumenat-de-nadal\/","title":{"rendered":"S&#8217;ha aprovat el contracte menor per a l&#8217;enllumenat de Nadal"},"content":{"rendered":"<p><a href=\"http:\/\/bisbalpenedes.com\/web\/wp-content\/uploads\/2018\/12\/LLUMS-NADAL-1-e1570099244915.jpg\"><img loading=\"lazy\" class=\"aligncenter size-large wp-image-8001\" src=\"http:\/\/bisbalpenedes.com\/web\/wp-content\/uploads\/2018\/12\/LLUMS-NADAL-1-e1570099244915-1024x745.jpg\" alt=\"LLUMS NADAL 1\" width=\"630\" height=\"458\" srcset=\"https:\/\/bisbalpenedes.com\/web\/wp-content\/uploads\/2018\/12\/LLUMS-NADAL-1-e1570099244915-1024x745.jpg 1024w, https:\/\/bisbalpenedes.com\/web\/wp-content\/uploads\/2018\/12\/LLUMS-NADAL-1-e1570099244915-600x436.jpg 600w, https:\/\/bisbalpenedes.com\/web\/wp-content\/uploads\/2018\/12\/LLUMS-NADAL-1-e1570099244915-300x218.jpg 300w, https:\/\/bisbalpenedes.com\/web\/wp-content\/uploads\/2018\/12\/LLUMS-NADAL-1-e1570099244915-768x559.jpg 768w, https:\/\/bisbalpenedes.com\/web\/wp-content\/uploads\/2018\/12\/LLUMS-NADAL-1-e1570099244915.jpg 1540w\" sizes=\"(max-width: 630px) 100vw, 630px\" \/><\/a><\/p>\n<p><span style=\"color: #000000;\">La Junta de Govern Local, celebrada el dilluns 30 de setembre, ha aprovat un contracte menor amb l\u2019empresa Jordi Aymerich per al subministrament i instal\u00b7laci\u00f3 de llums de Nadal durant les setmanes pr\u00e8vies a Nadal i fins a la festivitat de Reis.<\/span><\/p>\n<p><span style=\"color: #000000;\">Com en els darrers anys, hi haur\u00e0 llums de Nadal a l\u2019entrada dels barris de fora del nucli (urbanitzacions) i al nucli.<\/span><\/p>\n<p><span style=\"color: #000000;\">El preu total ascendeix a 5.938,34\u20ac (IVA incl\u00f2s)<\/span><\/p>\n<hr \/>\n<p><span style=\"color: #000000;\"><strong>CASTELLANO |<\/strong> La Junta de Gobierno Local, celebrada el lunes 30 de septiembre, ha aprobado un contrato menor con la empresa Jordi Aymerich para el suministro e instalaci\u00f3n de luces de Navidad durante las semanas previas a Navidad y hasta la festividad de Reyes.<\/span><\/p>\n<p><span style=\"color: #000000;\">Como en los \u00faltimos a\u00f1os, habr\u00e1 luces de Navidad en la entrada de los barrios de fuera del n\u00facleo (urbanizaciones) y en el n\u00facleo.<\/span><\/p>\n<p><span style=\"color: #000000;\">El precio total asciende a 5.938,34\u20ac (IVA incluido)<\/span><\/p>\n","protected":false},"excerpt":{"rendered":"<p>La Junta de Govern Local, celebrada el dilluns 30 de setembre, ha aprovat un contracte menor amb l\u2019empresa Jordi Aymerich per al subministrament i instal\u00b7laci\u00f3 de llums de Nadal durant &hellip; <a href=\"https:\/\/bisbalpenedes.com\/web\/2019\/10\/03\/sha-aprovat-el-contracte-menor-per-a-lenllumenat-de-nadal\/\" class=\"more-link\">Read More<\/a><\/p>\n","protected":false},"author":4,"featured_media":8001,"comment_status":"closed","ping_status":"closed","sticky":false,"template":"","format":"standard","meta":[],"categories":[1042],"tags":[248,1106,2638,95],"_links":{"self":[{"href":"https:\/\/bisbalpenedes.com\/web\/wp-json\/wp\/v2\/posts\/10720"}],"collection":[{"href":"https:\/\/bisbalpenedes.com\/web\/wp-json\/wp\/v2\/posts"}],"about":[{"href":"https:\/\/bisbalpenedes.com\/web\/wp-json\/wp\/v2\/types\/post"}],"author":[{"embeddable":true,"href":"https:\/\/bisbalpenedes.com\/web\/wp-json\/wp\/v2\/users\/4"}],"replies":[{"embeddable":true,"href":"https:\/\/bisbalpenedes.com\/web\/wp-json\/wp\/v2\/comments?post=10720"}],"version-history":[{"count":3,"href":"https:\/\/bisbalpenedes.com\/web\/wp-json\/wp\/v2\/posts\/10720\/revisions"}],"predecessor-version":[{"id":10723,"href":"https:\/\/bisbalpenedes.com\/web\/wp-json\/wp\/v2\/posts\/10720\/revisions\/10723"}],"wp:featuredmedia":[{"embeddable":true,"href":"https:\/\/bisbalpenedes.com\/web\/wp-json\/wp\/v2\/media\/8001"}],"wp:attachment":[{"href":"https:\/\/bisbalpenedes.com\/web\/wp-json\/wp\/v2\/media?parent=10720"}],"wp:term":[{"taxonomy":"category","embeddable":true,"href":"https:\/\/bisbalpenedes.com\/web\/wp-json\/wp\/v2\/categories?post=10720"},{"taxonomy":"post_tag","embeddable":true,"href":"https:\/\/bisbalpenedes.com\/web\/wp-json\/wp\/v2\/tags?post=10720"}],"curies":[{"name":"wp","href":"https:\/\/api.w.org\/{rel}","templated":true}]}}