{"id":10715,"date":"2019-10-01T15:57:45","date_gmt":"2019-10-01T14:57:45","guid":{"rendered":"http:\/\/bisbalpenedes.com\/web\/?p=10715"},"modified":"2019-10-01T15:58:39","modified_gmt":"2019-10-01T14:58:39","slug":"es-posen-en-marxa-les-activitats-per-a-la-gent-gran","status":"publish","type":"post","link":"https:\/\/bisbalpenedes.com\/web\/2019\/10\/01\/es-posen-en-marxa-les-activitats-per-a-la-gent-gran\/","title":{"rendered":"Es posen en marxa les activitats per a la Gent Gran"},"content":{"rendered":"<div class=\"\" data-block=\"true\" data-editor=\"3jkv2\" data-offset-key=\"5oie2-0-0\">\n<div class=\"_1mf _1mj\" style=\"text-align: justify;\" data-offset-key=\"5oie2-0-0\"><a href=\"http:\/\/bisbalpenedes.com\/web\/wp-content\/uploads\/2019\/09\/RACO-GENT-GRAN-2019.jpg\"><img loading=\"lazy\" class=\"aligncenter size-large wp-image-10627\" src=\"http:\/\/bisbalpenedes.com\/web\/wp-content\/uploads\/2019\/09\/RACO-GENT-GRAN-2019-1024x768.jpg\" alt=\"RACO GENT GRAN 2019\" width=\"630\" height=\"473\" srcset=\"https:\/\/bisbalpenedes.com\/web\/wp-content\/uploads\/2019\/09\/RACO-GENT-GRAN-2019-1024x768.jpg 1024w, https:\/\/bisbalpenedes.com\/web\/wp-content\/uploads\/2019\/09\/RACO-GENT-GRAN-2019-600x450.jpg 600w, https:\/\/bisbalpenedes.com\/web\/wp-content\/uploads\/2019\/09\/RACO-GENT-GRAN-2019-300x225.jpg 300w, https:\/\/bisbalpenedes.com\/web\/wp-content\/uploads\/2019\/09\/RACO-GENT-GRAN-2019-768x576.jpg 768w\" sizes=\"(max-width: 630px) 100vw, 630px\" \/><\/a><\/div>\n<div class=\"_1mf _1mj\" style=\"text-align: justify;\" data-offset-key=\"5oie2-0-0\"><\/div>\n<div class=\"_1mf _1mj\" style=\"text-align: justify;\" data-offset-key=\"5oie2-0-0\"><span style=\"color: #000000;\" data-offset-key=\"5oie2-0-0\"><span data-text=\"true\">Ja han comen\u00e7at les activitats gratu\u00eftes del Rac\u00f3 de la Gent Gran. Per a m\u00e9s informaci\u00f3, podeu entrar a l&#8217;enlla\u00e7 o adre\u00e7ar-vos al Rac\u00f3 de la Gent Gran (pla\u00e7a de l&#8217;Era de Batre).<\/span><\/span><\/div>\n<\/div>\n<div class=\"\" style=\"text-align: justify;\" data-block=\"true\" data-editor=\"3jkv2\" data-offset-key=\"8vok3-0-0\">\n<div class=\"_1mf _1mj\" data-offset-key=\"8vok3-0-0\"><span data-offset-key=\"8vok3-0-0\"><span data-text=\"true\"><span style=\"color: #000000;\">Enlla\u00e7:<\/span> <a href=\"http:\/\/bit.ly\/2mwfAII\" target=\"_blank\">http:\/\/bit.ly\/2mwfAII<\/a><\/span><\/span><\/div>\n<\/div>\n<div class=\"\" style=\"text-align: justify;\" data-block=\"true\" data-editor=\"3jkv2\" data-offset-key=\"dm0vm-0-0\">\n<div class=\"_1mf _1mj\" data-offset-key=\"dm0vm-0-0\"><span data-offset-key=\"dm0vm-0-0\">\u00a0<\/span><\/div>\n<\/div>\n<div class=\"\" style=\"text-align: justify;\" data-block=\"true\" data-editor=\"3jkv2\" data-offset-key=\"9glog-0-0\">\n<div class=\"_1mf _1mj\" data-offset-key=\"9glog-0-0\"><span style=\"color: #000000;\" data-offset-key=\"9glog-1-0\"><span data-text=\"true\">La gimn\u00e0stica per a la gent gran comen\u00e7ar\u00e0 dem\u00e0 dimecres i els tallers d&#8217;estimulaci\u00f3 cognitiva (mem\u00f2ria), aquest dijous. Aquestes dues activitats s\u00f3n amb quota mensual o trimestral. En aquest cas, si voleu m\u00e9s informaci\u00f3, cal que us adreceu a les oficines municipals.<\/span><\/span><\/div>\n<\/div>\n<div class=\"\" style=\"text-align: justify;\" data-block=\"true\" data-editor=\"3jkv2\" data-offset-key=\"11q5-0-0\">\n<div class=\"_1mf _1mj\" data-offset-key=\"11q5-0-0\"><span data-offset-key=\"11q5-0-0\">\u00a0<\/span><\/div>\n<\/div>\n<div class=\"\" style=\"text-align: justify;\" data-block=\"true\" data-editor=\"3jkv2\" data-offset-key=\"9ki0g-0-0\"><\/div>\n<div class=\"\" style=\"text-align: justify;\" data-block=\"true\" data-editor=\"3jkv2\" data-offset-key=\"21vqh-0-0\">\n<div class=\"_1mf _1mj\" data-offset-key=\"21vqh-0-0\">\n<hr \/>\n<p><span style=\"color: #000000;\" data-offset-key=\"21vqh-0-0\">\u00a0<\/span><\/p>\n<\/div>\n<\/div>\n<div class=\"\" style=\"text-align: justify;\" data-block=\"true\" data-editor=\"3jkv2\" data-offset-key=\"epmf1-0-0\">\n<div class=\"_1mf _1mj\" data-offset-key=\"epmf1-0-0\"><span style=\"color: #000000;\" data-offset-key=\"epmf1-0-0\"><span data-text=\"true\"><strong>CASTELLANO |<\/strong> Ya han empezado las actividades gratuitas del Rac\u00f3 de la Gent Gran. Para m\u00e1s informaci\u00f3n, pod\u00e9is entrar en el enlace o dirigiros al Rac\u00f3 de la Gent Gran (plaza de l&#8217;Era de Batre).<\/span><\/span><\/div>\n<\/div>\n<div class=\"\" style=\"text-align: justify;\" data-block=\"true\" data-editor=\"3jkv2\" data-offset-key=\"cl632-0-0\">\n<div class=\"_1mf _1mj\" data-offset-key=\"cl632-0-0\"><span data-offset-key=\"cl632-0-0\"><span data-text=\"true\"><span style=\"color: #000000;\">Enlace:<\/span> <a href=\"http:\/\/bit.ly\/2mwfAII\" target=\"_blank\">http:\/\/bit.ly\/2mwfAII<\/a><\/span><\/span><\/div>\n<\/div>\n<div class=\"\" style=\"text-align: justify;\" data-block=\"true\" data-editor=\"3jkv2\" data-offset-key=\"adv6j-0-0\">\n<div class=\"_1mf _1mj\" data-offset-key=\"adv6j-0-0\"><span style=\"color: #000000;\" data-offset-key=\"adv6j-0-0\">\u00a0<\/span><\/div>\n<\/div>\n<div class=\"\" data-block=\"true\" data-editor=\"3jkv2\" data-offset-key=\"9aome-0-0\">\n<div class=\"_1mf _1mj\" style=\"text-align: justify;\" data-offset-key=\"9aome-0-0\"><span style=\"color: #000000;\" data-offset-key=\"9aome-1-0\"><span data-text=\"true\">La gimnasia para la gente mayor empezar\u00e1 ma\u00f1ana mi\u00e9rcoles y los talleres de estimulaci\u00f3n cognitiva (memoria), este jueves. Estas dos actividades son con cuota mensual o trimestral. En este caso, si quer\u00e9is m\u00e1s informaci\u00f3n, deber\u00e9is dirigiros a las oficinas municipales.<\/span><\/span><\/div>\n<\/div>\n","protected":false},"excerpt":{"rendered":"<p>Ja han comen\u00e7at les activitats gratu\u00eftes del Rac\u00f3 de la Gent Gran. Per a m\u00e9s informaci\u00f3, podeu entrar a l&#8217;enlla\u00e7 o adre\u00e7ar-vos al Rac\u00f3 de la Gent Gran (pla\u00e7a de &hellip; <a href=\"https:\/\/bisbalpenedes.com\/web\/2019\/10\/01\/es-posen-en-marxa-les-activitats-per-a-la-gent-gran\/\" class=\"more-link\">Read More<\/a><\/p>\n","protected":false},"author":4,"featured_media":10627,"comment_status":"closed","ping_status":"closed","sticky":false,"template":"","format":"standard","meta":[],"categories":[3088],"tags":[1529,305,83,2115,508,2496],"_links":{"self":[{"href":"https:\/\/bisbalpenedes.com\/web\/wp-json\/wp\/v2\/posts\/10715"}],"collection":[{"href":"https:\/\/bisbalpenedes.com\/web\/wp-json\/wp\/v2\/posts"}],"about":[{"href":"https:\/\/bisbalpenedes.com\/web\/wp-json\/wp\/v2\/types\/post"}],"author":[{"embeddable":true,"href":"https:\/\/bisbalpenedes.com\/web\/wp-json\/wp\/v2\/users\/4"}],"replies":[{"embeddable":true,"href":"https:\/\/bisbalpenedes.com\/web\/wp-json\/wp\/v2\/comments?post=10715"}],"version-history":[{"count":2,"href":"https:\/\/bisbalpenedes.com\/web\/wp-json\/wp\/v2\/posts\/10715\/revisions"}],"predecessor-version":[{"id":10717,"href":"https:\/\/bisbalpenedes.com\/web\/wp-json\/wp\/v2\/posts\/10715\/revisions\/10717"}],"wp:featuredmedia":[{"embeddable":true,"href":"https:\/\/bisbalpenedes.com\/web\/wp-json\/wp\/v2\/media\/10627"}],"wp:attachment":[{"href":"https:\/\/bisbalpenedes.com\/web\/wp-json\/wp\/v2\/media?parent=10715"}],"wp:term":[{"taxonomy":"category","embeddable":true,"href":"https:\/\/bisbalpenedes.com\/web\/wp-json\/wp\/v2\/categories?post=10715"},{"taxonomy":"post_tag","embeddable":true,"href":"https:\/\/bisbalpenedes.com\/web\/wp-json\/wp\/v2\/tags?post=10715"}],"curies":[{"name":"wp","href":"https:\/\/api.w.org\/{rel}","templated":true}]}}