{"id":10708,"date":"2019-10-01T15:29:23","date_gmt":"2019-10-01T14:29:23","guid":{"rendered":"http:\/\/bisbalpenedes.com\/web\/?p=10708"},"modified":"2019-10-01T15:29:23","modified_gmt":"2019-10-01T14:29:23","slug":"lajuntament-ha-donat-la-benvinguda-als-nous-empadronats-aquest-dilluns-30-de-setembre","status":"publish","type":"post","link":"https:\/\/bisbalpenedes.com\/web\/2019\/10\/01\/lajuntament-ha-donat-la-benvinguda-als-nous-empadronats-aquest-dilluns-30-de-setembre\/","title":{"rendered":"L\u2019Ajuntament ha donat la benvinguda als nous empadronats aquest dilluns 30 de setembre"},"content":{"rendered":"<p style=\"text-align: justify;\"><a href=\"http:\/\/bisbalpenedes.com\/web\/wp-content\/uploads\/2019\/10\/REBUDA-EMPADRONATS-30-9-19.jpg\"><img loading=\"lazy\" class=\"aligncenter size-large wp-image-10709\" src=\"http:\/\/bisbalpenedes.com\/web\/wp-content\/uploads\/2019\/10\/REBUDA-EMPADRONATS-30-9-19-1024x768.jpg\" alt=\"REBUDA EMPADRONATS 30-9-19\" width=\"630\" height=\"473\" srcset=\"https:\/\/bisbalpenedes.com\/web\/wp-content\/uploads\/2019\/10\/REBUDA-EMPADRONATS-30-9-19-1024x768.jpg 1024w, https:\/\/bisbalpenedes.com\/web\/wp-content\/uploads\/2019\/10\/REBUDA-EMPADRONATS-30-9-19-600x450.jpg 600w, https:\/\/bisbalpenedes.com\/web\/wp-content\/uploads\/2019\/10\/REBUDA-EMPADRONATS-30-9-19-300x225.jpg 300w, https:\/\/bisbalpenedes.com\/web\/wp-content\/uploads\/2019\/10\/REBUDA-EMPADRONATS-30-9-19-768x576.jpg 768w\" sizes=\"(max-width: 630px) 100vw, 630px\" \/><\/a><\/p>\n<p style=\"text-align: justify;\"><span style=\"color: #000000;\">Aquest dilluns 30 de setembre ha tingut lloc una nova rebuda adre\u00e7ada als nouvinguts al municipi de la Bisbal del Pened\u00e8s. Tot i que aquest acte, fins al moment, s\u2019havia fet a l\u2019Auditori Salb\u00e0 del CMC, en aquesta ocasi\u00f3 s\u2019ha optat per celebrar-lo a la Biblioteca p\u00fablica, amb l\u2019objectiu de donar a con\u00e8ixer aquest equipament entre les persones que acaben d\u2019arribar al municipi.<\/span><\/p>\n<p style=\"text-align: justify;\"><span style=\"color: #000000;\">Durant l\u2019acte, els regidors de l\u2019equip de govern s\u2019han presentat, tot detallant les \u00e0rees de treball de cada regidor i convidant-los a traslladar-los els seus dubtes o inquietuds. Tot seguit, els assistents han rebut una bossa que contenia informaci\u00f3 d\u2019utilitat relacionada amb la vila de la Bisbal, com ara els serveis p\u00fablics que s\u2019ofereixen al municipi, les festes que s\u2019hi celebren, el llistat d\u2019entitats de la vila, informaci\u00f3 sobre el servei de bus o el calendari de pagament d\u2019impostos i tributs. L\u2019acte ha finalitzat amb un petit refrigeri.<\/span><\/p>\n<p style=\"text-align: justify;\"><a href=\"http:\/\/bisbalpenedes.com\/web\/wp-content\/uploads\/2019\/10\/EMPADRONATS-30-9-19-REBUDA.jpg\"><img loading=\"lazy\" class=\"aligncenter size-large wp-image-10710\" src=\"http:\/\/bisbalpenedes.com\/web\/wp-content\/uploads\/2019\/10\/EMPADRONATS-30-9-19-REBUDA-1024x768.jpg\" alt=\"EMPADRONATS 30-9-19 REBUDA\" width=\"630\" height=\"473\" srcset=\"https:\/\/bisbalpenedes.com\/web\/wp-content\/uploads\/2019\/10\/EMPADRONATS-30-9-19-REBUDA-1024x768.jpg 1024w, https:\/\/bisbalpenedes.com\/web\/wp-content\/uploads\/2019\/10\/EMPADRONATS-30-9-19-REBUDA-600x450.jpg 600w, https:\/\/bisbalpenedes.com\/web\/wp-content\/uploads\/2019\/10\/EMPADRONATS-30-9-19-REBUDA-300x225.jpg 300w, https:\/\/bisbalpenedes.com\/web\/wp-content\/uploads\/2019\/10\/EMPADRONATS-30-9-19-REBUDA-768x576.jpg 768w\" sizes=\"(max-width: 630px) 100vw, 630px\" \/><\/a><\/p>\n<hr \/>\n<p style=\"text-align: justify;\"><a href=\"http:\/\/bisbalpenedes.com\/web\/wp-content\/uploads\/2019\/10\/REBUDA-EMPADRONATS-30-9-19.jpg\"><img loading=\"lazy\" class=\"aligncenter size-large wp-image-10709\" src=\"http:\/\/bisbalpenedes.com\/web\/wp-content\/uploads\/2019\/10\/REBUDA-EMPADRONATS-30-9-19-1024x768.jpg\" alt=\"REBUDA EMPADRONATS 30-9-19\" width=\"630\" height=\"473\" srcset=\"https:\/\/bisbalpenedes.com\/web\/wp-content\/uploads\/2019\/10\/REBUDA-EMPADRONATS-30-9-19-1024x768.jpg 1024w, https:\/\/bisbalpenedes.com\/web\/wp-content\/uploads\/2019\/10\/REBUDA-EMPADRONATS-30-9-19-600x450.jpg 600w, https:\/\/bisbalpenedes.com\/web\/wp-content\/uploads\/2019\/10\/REBUDA-EMPADRONATS-30-9-19-300x225.jpg 300w, https:\/\/bisbalpenedes.com\/web\/wp-content\/uploads\/2019\/10\/REBUDA-EMPADRONATS-30-9-19-768x576.jpg 768w\" sizes=\"(max-width: 630px) 100vw, 630px\" \/><\/a><\/p>\n<p style=\"text-align: justify;\"><span style=\"color: #000000;\"><strong>CASTELLANO |<\/strong> Este lunes 30 de septiembre ha tenido lugar una nueva recepci\u00f3n dirigida a los reci\u00e9n llegados al municipio de la Bisbal del Pened\u00e8s. Aunque este acto, hasta el momento, se ven\u00eda haciendo en el Auditorio Salb\u00e0 del CMC, en esta ocasi\u00f3n se ha optado por celebrarlo en la Biblioteca p\u00fablica, con el objetivo de dar a conocer este equipamiento entre las personas reci\u00e9n llegadas al municipio.<\/span><\/p>\n<p style=\"text-align: justify;\"><span style=\"color: #000000;\">Durante el acto, los concejales del equipo de gobierno se han presentado, detallando las \u00e1reas de trabajo de cada concejal e invit\u00e1ndolos a trasladarles sus dudas e inquietudes. A continuaci\u00f3n, los asistentes han recibido una bolsa que conten\u00eda informaci\u00f3n de utilidad relacionada con la villa de la Bisbal, como por ejemplo los servicios p\u00fablicos que se ofrecen en el municipio, las fiestas que se celebran, el listado de entidades de la villa, informaci\u00f3n sobre el servicio de bus o el calendario de pago de impuestos y tributos. El acto ha finalizado con un peque\u00f1o refrigerio.<\/span><\/p>\n<p style=\"text-align: justify;\"><a href=\"http:\/\/bisbalpenedes.com\/web\/wp-content\/uploads\/2019\/10\/EMPADRONATS-30-9-19-REBUDA.jpg\"><img loading=\"lazy\" class=\"aligncenter size-large wp-image-10710\" src=\"http:\/\/bisbalpenedes.com\/web\/wp-content\/uploads\/2019\/10\/EMPADRONATS-30-9-19-REBUDA-1024x768.jpg\" alt=\"EMPADRONATS 30-9-19 REBUDA\" width=\"630\" height=\"473\" srcset=\"https:\/\/bisbalpenedes.com\/web\/wp-content\/uploads\/2019\/10\/EMPADRONATS-30-9-19-REBUDA-1024x768.jpg 1024w, https:\/\/bisbalpenedes.com\/web\/wp-content\/uploads\/2019\/10\/EMPADRONATS-30-9-19-REBUDA-600x450.jpg 600w, https:\/\/bisbalpenedes.com\/web\/wp-content\/uploads\/2019\/10\/EMPADRONATS-30-9-19-REBUDA-300x225.jpg 300w, https:\/\/bisbalpenedes.com\/web\/wp-content\/uploads\/2019\/10\/EMPADRONATS-30-9-19-REBUDA-768x576.jpg 768w\" sizes=\"(max-width: 630px) 100vw, 630px\" \/><\/a><\/p>\n","protected":false},"excerpt":{"rendered":"<p>Aquest dilluns 30 de setembre ha tingut lloc una nova rebuda adre\u00e7ada als nouvinguts al municipi de la Bisbal del Pened\u00e8s. Tot i que aquest acte, fins al moment, s\u2019havia &hellip; <a href=\"https:\/\/bisbalpenedes.com\/web\/2019\/10\/01\/lajuntament-ha-donat-la-benvinguda-als-nous-empadronats-aquest-dilluns-30-de-setembre\/\" class=\"more-link\">Read More<\/a><\/p>\n","protected":false},"author":4,"featured_media":10709,"comment_status":"closed","ping_status":"closed","sticky":false,"template":"","format":"standard","meta":[],"categories":[8],"tags":[2524,415,2525],"_links":{"self":[{"href":"https:\/\/bisbalpenedes.com\/web\/wp-json\/wp\/v2\/posts\/10708"}],"collection":[{"href":"https:\/\/bisbalpenedes.com\/web\/wp-json\/wp\/v2\/posts"}],"about":[{"href":"https:\/\/bisbalpenedes.com\/web\/wp-json\/wp\/v2\/types\/post"}],"author":[{"embeddable":true,"href":"https:\/\/bisbalpenedes.com\/web\/wp-json\/wp\/v2\/users\/4"}],"replies":[{"embeddable":true,"href":"https:\/\/bisbalpenedes.com\/web\/wp-json\/wp\/v2\/comments?post=10708"}],"version-history":[{"count":1,"href":"https:\/\/bisbalpenedes.com\/web\/wp-json\/wp\/v2\/posts\/10708\/revisions"}],"predecessor-version":[{"id":10711,"href":"https:\/\/bisbalpenedes.com\/web\/wp-json\/wp\/v2\/posts\/10708\/revisions\/10711"}],"wp:featuredmedia":[{"embeddable":true,"href":"https:\/\/bisbalpenedes.com\/web\/wp-json\/wp\/v2\/media\/10709"}],"wp:attachment":[{"href":"https:\/\/bisbalpenedes.com\/web\/wp-json\/wp\/v2\/media?parent=10708"}],"wp:term":[{"taxonomy":"category","embeddable":true,"href":"https:\/\/bisbalpenedes.com\/web\/wp-json\/wp\/v2\/categories?post=10708"},{"taxonomy":"post_tag","embeddable":true,"href":"https:\/\/bisbalpenedes.com\/web\/wp-json\/wp\/v2\/tags?post=10708"}],"curies":[{"name":"wp","href":"https:\/\/api.w.org\/{rel}","templated":true}]}}