{"id":10698,"date":"2019-10-01T10:37:18","date_gmt":"2019-10-01T09:37:18","guid":{"rendered":"http:\/\/bisbalpenedes.com\/web\/?p=10698"},"modified":"2019-10-01T10:37:44","modified_gmt":"2019-10-01T09:37:44","slug":"el-dilluns-7-doctubre-hi-haura-recollida-de-voluminosos-a-domicili-cal-trucar-abans-al-977688438-per-sollicitar-el-servei","status":"publish","type":"post","link":"https:\/\/bisbalpenedes.com\/web\/2019\/10\/01\/el-dilluns-7-doctubre-hi-haura-recollida-de-voluminosos-a-domicili-cal-trucar-abans-al-977688438-per-sollicitar-el-servei\/","title":{"rendered":"El dilluns 7 d&#8217;octubre hi haur\u00e0 recollida de voluminosos a domicili. Cal trucar abans al 977688438 per sol\u00b7licitar el servei."},"content":{"rendered":"<div class=\"\" data-block=\"true\" data-editor=\"c6e6o\" data-offset-key=\"a8ov8-0-0\">\n<div class=\"_1mf _1mj\" style=\"text-align: justify;\" data-offset-key=\"a8ov8-0-0\">\n<div id='gallery-1' class='gallery galleryid-10698 gallery-columns-4 gallery-size-thumbnail'><figure class='gallery-item'>\n\t\t\t<div class='gallery-icon landscape'>\n\t\t\t\t<a href='https:\/\/bisbalpenedes.com\/web\/2019\/10\/01\/el-dilluns-7-doctubre-hi-haura-recollida-de-voluminosos-a-domicili-cal-trucar-abans-al-977688438-per-sollicitar-el-servei\/photo-2019-09-30-20-29-15\/'><img width=\"150\" height=\"150\" src=\"https:\/\/bisbalpenedes.com\/web\/wp-content\/uploads\/2019\/10\/PHOTO-2019-09-30-20-29-15-150x150.jpg\" class=\"attachment-thumbnail size-thumbnail\" alt=\"\" loading=\"lazy\" srcset=\"https:\/\/bisbalpenedes.com\/web\/wp-content\/uploads\/2019\/10\/PHOTO-2019-09-30-20-29-15-150x150.jpg 150w, https:\/\/bisbalpenedes.com\/web\/wp-content\/uploads\/2019\/10\/PHOTO-2019-09-30-20-29-15-300x300.jpg 300w, https:\/\/bisbalpenedes.com\/web\/wp-content\/uploads\/2019\/10\/PHOTO-2019-09-30-20-29-15-100x100.jpg 100w\" sizes=\"(max-width: 150px) 100vw, 150px\" \/><\/a>\n\t\t\t<\/div><\/figure><figure class='gallery-item'>\n\t\t\t<div class='gallery-icon landscape'>\n\t\t\t\t<a href='https:\/\/bisbalpenedes.com\/web\/2019\/10\/01\/el-dilluns-7-doctubre-hi-haura-recollida-de-voluminosos-a-domicili-cal-trucar-abans-al-977688438-per-sollicitar-el-servei\/photo-2019-09-30-20-29-25\/'><img width=\"150\" height=\"150\" src=\"https:\/\/bisbalpenedes.com\/web\/wp-content\/uploads\/2019\/10\/PHOTO-2019-09-30-20-29-25-150x150.jpg\" class=\"attachment-thumbnail size-thumbnail\" alt=\"\" loading=\"lazy\" srcset=\"https:\/\/bisbalpenedes.com\/web\/wp-content\/uploads\/2019\/10\/PHOTO-2019-09-30-20-29-25-150x150.jpg 150w, https:\/\/bisbalpenedes.com\/web\/wp-content\/uploads\/2019\/10\/PHOTO-2019-09-30-20-29-25-300x300.jpg 300w, https:\/\/bisbalpenedes.com\/web\/wp-content\/uploads\/2019\/10\/PHOTO-2019-09-30-20-29-25-100x100.jpg 100w\" sizes=\"(max-width: 150px) 100vw, 150px\" \/><\/a>\n\t\t\t<\/div><\/figure><figure class='gallery-item'>\n\t\t\t<div class='gallery-icon landscape'>\n\t\t\t\t<a href='https:\/\/bisbalpenedes.com\/web\/2019\/10\/01\/el-dilluns-7-doctubre-hi-haura-recollida-de-voluminosos-a-domicili-cal-trucar-abans-al-977688438-per-sollicitar-el-servei\/photo-2019-09-30-20-29-47\/'><img width=\"150\" height=\"150\" src=\"https:\/\/bisbalpenedes.com\/web\/wp-content\/uploads\/2019\/10\/PHOTO-2019-09-30-20-29-47-150x150.jpg\" class=\"attachment-thumbnail size-thumbnail\" alt=\"\" loading=\"lazy\" srcset=\"https:\/\/bisbalpenedes.com\/web\/wp-content\/uploads\/2019\/10\/PHOTO-2019-09-30-20-29-47-150x150.jpg 150w, https:\/\/bisbalpenedes.com\/web\/wp-content\/uploads\/2019\/10\/PHOTO-2019-09-30-20-29-47-300x300.jpg 300w, https:\/\/bisbalpenedes.com\/web\/wp-content\/uploads\/2019\/10\/PHOTO-2019-09-30-20-29-47-100x100.jpg 100w\" sizes=\"(max-width: 150px) 100vw, 150px\" \/><\/a>\n\t\t\t<\/div><\/figure><figure class='gallery-item'>\n\t\t\t<div class='gallery-icon landscape'>\n\t\t\t\t<a href='https:\/\/bisbalpenedes.com\/web\/2019\/10\/01\/el-dilluns-7-doctubre-hi-haura-recollida-de-voluminosos-a-domicili-cal-trucar-abans-al-977688438-per-sollicitar-el-servei\/photo-2019-09-30-20-30-00\/'><img width=\"150\" height=\"150\" src=\"https:\/\/bisbalpenedes.com\/web\/wp-content\/uploads\/2019\/10\/PHOTO-2019-09-30-20-30-00-150x150.jpg\" class=\"attachment-thumbnail size-thumbnail\" alt=\"\" loading=\"lazy\" srcset=\"https:\/\/bisbalpenedes.com\/web\/wp-content\/uploads\/2019\/10\/PHOTO-2019-09-30-20-30-00-150x150.jpg 150w, https:\/\/bisbalpenedes.com\/web\/wp-content\/uploads\/2019\/10\/PHOTO-2019-09-30-20-30-00-300x300.jpg 300w, https:\/\/bisbalpenedes.com\/web\/wp-content\/uploads\/2019\/10\/PHOTO-2019-09-30-20-30-00-100x100.jpg 100w\" sizes=\"(max-width: 150px) 100vw, 150px\" \/><\/a>\n\t\t\t<\/div><\/figure>\n\t\t<\/div>\n\n<\/div>\n<div class=\"_1mf _1mj\" style=\"text-align: justify;\" data-offset-key=\"a8ov8-0-0\"><span style=\"color: #000000;\" data-offset-key=\"a8ov8-2-0\"><span data-text=\"true\">Una vegada m\u00e9s hem de lamentar el mal \u00fas dels contenidors que fan algunes persones inc\u00edviques, deixant-nos imatges com les que adjuntem a aquesta publicaci\u00f3. En concret s\u00f3n imatges del carrer Garona de Can Gordei, el carrer Rossinyol del Papagai i el carrer Ciudad Real del Priorat de la Bisbal. Les conseq\u00fc\u00e8ncies de l\u2019incivisme les paguem tots i totes els bisbalencs i les bisbalenques.<\/span><\/span><\/div>\n<\/div>\n<div class=\"\" style=\"text-align: justify;\" data-block=\"true\" data-editor=\"c6e6o\" data-offset-key=\"10f9h-0-0\">\n<div class=\"_1mf _1mj\" data-offset-key=\"10f9h-0-0\"><span style=\"color: #000000;\" data-offset-key=\"10f9h-1-0\"><span data-text=\"true\">La Regidoria de Gesti\u00f3 de Residus us recorda que, el dilluns dia 7 d\u2019octubre, com cada primer dilluns de mes, es dur\u00e0 a terme la recollida de trastos vells i residus voluminosos en domicilis particulars. <\/span><\/span><\/div>\n<\/div>\n<div class=\"\" style=\"text-align: justify;\" data-block=\"true\" data-editor=\"c6e6o\" data-offset-key=\"chpl6-0-0\">\n<div class=\"_1mf _1mj\" data-offset-key=\"chpl6-0-0\"><span style=\"color: #000000;\"><span data-offset-key=\"chpl6-1-0\"><span data-text=\"true\">Per sol\u00b7licitar aquest servei, nom\u00e9s cal que truqueu al tel\u00e8fon\u00a0<\/span><\/span><span data-offset-key=\"chpl6-3-0\"><span data-text=\"true\">977688438 abans del dijous d\u2019aquesta setmana. <\/span><\/span><\/span><\/div>\n<\/div>\n<div class=\"\" style=\"text-align: justify;\" data-block=\"true\" data-editor=\"c6e6o\" data-offset-key=\"837gu-0-0\">\n<div class=\"_1mf _1mj\" data-offset-key=\"837gu-0-0\"><span style=\"color: #000000;\">Tamb\u00e9 us recordem que la Bisbal compta amb el Punt Verd, un equipament que permet classificar diversos tipus de residus. En poden fer \u00fas tots aquells ve\u00efns que estiguin donats d&#8217;alta al padr\u00f3 municipal de recollida de residus dom\u00e8stics, sol\u00b7licitant la targeta a l&#8217;Ajuntament. Aquest servei est\u00e0 obert els 365 dies de l\u2019any.<\/span><\/div>\n<\/div>\n<div class=\"\" style=\"text-align: justify;\" data-block=\"true\" data-editor=\"c6e6o\" data-offset-key=\"e941e-0-0\">\n<div class=\"_1mf _1mj\" data-offset-key=\"e941e-0-0\"><span style=\"color: #000000;\" data-offset-key=\"e941e-0-0\">\u00a0<\/span><\/div>\n<\/div>\n<div class=\"\" style=\"text-align: justify;\" data-block=\"true\" data-editor=\"c6e6o\" data-offset-key=\"d4p0o-0-0\">\n<div class=\"_1mf _1mj\" data-offset-key=\"d4p0o-0-0\">\n<hr \/>\n<p><span style=\"color: #000000;\"><strong>CASTELLANO |<\/strong> Una vez m\u00e1s hemos de lamentar el mal uso de los contenedores que hacen algunas personas inc\u00edvicas, dej\u00e1ndonos im\u00e1genes como las que adjuntamos a esta publicaci\u00f3n. En concreto, son im\u00e1genes de la calle Garona de Can Gordei, la calle Rossinyol del Papagai y la calle Ciudad Real del Priorat de la Bisbal. Las consecuencias del incivismo las pagamos todos y todas los bisbalencs y las bisbalenques.<\/span><\/p>\n<\/div>\n<\/div>\n<div class=\"\" style=\"text-align: justify;\" data-block=\"true\" data-editor=\"c6e6o\" data-offset-key=\"f571a-0-0\">\n<div class=\"_1mf _1mj\" data-offset-key=\"f571a-0-0\"><span style=\"color: #000000;\">La Concejal\u00eda de Gesti\u00f3n de Residuos os recuerda que, el lunes d\u00eda 7 de octubre, como cada primer lunes de mes, se llevar\u00e1 a cabo la recogida de trastos viejos y residuos voluminosos en domicilios particulares.<\/span><\/div>\n<\/div>\n<div class=\"\" style=\"text-align: justify;\" data-block=\"true\" data-editor=\"c6e6o\" data-offset-key=\"5sdm9-0-0\">\n<div class=\"_1mf _1mj\" data-offset-key=\"5sdm9-0-0\"><span style=\"color: #000000;\"><span data-offset-key=\"5sdm9-1-0\"><span data-text=\"true\">Para solicitar este servicio, solo es necesario que llam\u00e9is al tel\u00e9fono<\/span><\/span><span data-offset-key=\"5sdm9-3-0\"><span data-text=\"true\">\u00a0977688438 antes del jueves de esta semana.<\/span><\/span><\/span><\/div>\n<\/div>\n<div class=\"\" data-block=\"true\" data-editor=\"c6e6o\" data-offset-key=\"2fmfc-0-0\">\n<div class=\"_1mf _1mj\" style=\"text-align: justify;\" data-offset-key=\"2fmfc-0-0\"><span style=\"color: #000000;\" data-offset-key=\"2fmfc-1-0\"><span data-text=\"true\">Tambi\u00e9n os recordamos que la Bisbal cuenta con el Punt Verd, un equipamiento que permite clasificar varios tipos de residuos. Pueden hacer uso del Punt Verd todos aquellos vecinos que est\u00e9n dados de alta en el padr\u00f3n municipal de recogida de residuos dom\u00e9sticos, solicitando la tarjeta en el Ayuntamiento. Este servici\u00f3 est\u00e1 abierto los 365 d\u00edas del a\u00f1o.<\/span><\/span><\/div>\n<div class=\"_1mf _1mj\" style=\"text-align: justify;\" data-offset-key=\"2fmfc-0-0\"><a href=\"http:\/\/bisbalpenedes.com\/web\/wp-content\/uploads\/2018\/01\/Trastos-Vells-Recollida.jpg\"><img loading=\"lazy\" class=\"aligncenter size-large wp-image-4417\" src=\"http:\/\/bisbalpenedes.com\/web\/wp-content\/uploads\/2018\/01\/Trastos-Vells-Recollida-498x1024.jpg\" alt=\"Trastos-Vells-Recollida\" width=\"498\" height=\"1024\" srcset=\"https:\/\/bisbalpenedes.com\/web\/wp-content\/uploads\/2018\/01\/Trastos-Vells-Recollida-498x1024.jpg 498w, https:\/\/bisbalpenedes.com\/web\/wp-content\/uploads\/2018\/01\/Trastos-Vells-Recollida-600x1234.jpg 600w, https:\/\/bisbalpenedes.com\/web\/wp-content\/uploads\/2018\/01\/Trastos-Vells-Recollida-146x300.jpg 146w, https:\/\/bisbalpenedes.com\/web\/wp-content\/uploads\/2018\/01\/Trastos-Vells-Recollida-768x1580.jpg 768w, https:\/\/bisbalpenedes.com\/web\/wp-content\/uploads\/2018\/01\/Trastos-Vells-Recollida.jpg 1240w\" sizes=\"(max-width: 498px) 100vw, 498px\" \/><\/a><\/div>\n<\/div>\n<div class=\"\" data-block=\"true\" data-editor=\"c6e6o\" data-offset-key=\"btbmf-0-0\"><\/div>\n<div class=\"\" data-block=\"true\" data-editor=\"c6e6o\" data-offset-key=\"7tvip-0-0\"><\/div>\n<div class=\"\" data-block=\"true\" data-editor=\"c6e6o\" data-offset-key=\"43quh-0-0\">\n<div class=\"_1mf _1mj\" data-offset-key=\"43quh-0-0\"><span data-offset-key=\"43quh-0-0\">\u00a0<\/span><\/div>\n<\/div>\n<div class=\"\" data-block=\"true\" data-editor=\"c6e6o\" data-offset-key=\"9htf9-0-0\">\n<div class=\"_1mf _1mj\" data-offset-key=\"9htf9-0-0\"><span data-offset-key=\"9htf9-0-0\">\u00a0<\/span><\/div>\n<\/div>\n<div class=\"\" data-block=\"true\" data-editor=\"c6e6o\" data-offset-key=\"p0g9-0-0\">\n<div class=\"_1mf _1mj\" data-offset-key=\"p0g9-0-0\"><span data-offset-key=\"p0g9-0-0\">\u00a0<\/span><\/div>\n<\/div>\n<div class=\"\" data-block=\"true\" data-editor=\"c6e6o\" data-offset-key=\"4lcfv-0-0\"><\/div>\n","protected":false},"excerpt":{"rendered":"<p>Una vegada m\u00e9s hem de lamentar el mal \u00fas dels contenidors que fan algunes persones inc\u00edviques, deixant-nos imatges com les que adjuntem a aquesta publicaci\u00f3. En concret s\u00f3n imatges del &hellip; <a href=\"https:\/\/bisbalpenedes.com\/web\/2019\/10\/01\/el-dilluns-7-doctubre-hi-haura-recollida-de-voluminosos-a-domicili-cal-trucar-abans-al-977688438-per-sollicitar-el-servei\/\" class=\"more-link\">Read More<\/a><\/p>\n","protected":false},"author":4,"featured_media":4417,"comment_status":"closed","ping_status":"closed","sticky":false,"template":"","format":"standard","meta":[],"categories":[3215],"tags":[625,626,92,207,1729,1183],"_links":{"self":[{"href":"https:\/\/bisbalpenedes.com\/web\/wp-json\/wp\/v2\/posts\/10698"}],"collection":[{"href":"https:\/\/bisbalpenedes.com\/web\/wp-json\/wp\/v2\/posts"}],"about":[{"href":"https:\/\/bisbalpenedes.com\/web\/wp-json\/wp\/v2\/types\/post"}],"author":[{"embeddable":true,"href":"https:\/\/bisbalpenedes.com\/web\/wp-json\/wp\/v2\/users\/4"}],"replies":[{"embeddable":true,"href":"https:\/\/bisbalpenedes.com\/web\/wp-json\/wp\/v2\/comments?post=10698"}],"version-history":[{"count":2,"href":"https:\/\/bisbalpenedes.com\/web\/wp-json\/wp\/v2\/posts\/10698\/revisions"}],"predecessor-version":[{"id":10704,"href":"https:\/\/bisbalpenedes.com\/web\/wp-json\/wp\/v2\/posts\/10698\/revisions\/10704"}],"wp:featuredmedia":[{"embeddable":true,"href":"https:\/\/bisbalpenedes.com\/web\/wp-json\/wp\/v2\/media\/4417"}],"wp:attachment":[{"href":"https:\/\/bisbalpenedes.com\/web\/wp-json\/wp\/v2\/media?parent=10698"}],"wp:term":[{"taxonomy":"category","embeddable":true,"href":"https:\/\/bisbalpenedes.com\/web\/wp-json\/wp\/v2\/categories?post=10698"},{"taxonomy":"post_tag","embeddable":true,"href":"https:\/\/bisbalpenedes.com\/web\/wp-json\/wp\/v2\/tags?post=10698"}],"curies":[{"name":"wp","href":"https:\/\/api.w.org\/{rel}","templated":true}]}}