{"id":10694,"date":"2019-09-30T13:14:36","date_gmt":"2019-09-30T12:14:36","guid":{"rendered":"http:\/\/bisbalpenedes.com\/web\/?p=10694"},"modified":"2019-09-30T13:14:49","modified_gmt":"2019-09-30T12:14:49","slug":"encara-no-teniu-el-cubell-de-lorganica-passeu-a-buscar-lo-per-les-oficines-municipals","status":"publish","type":"post","link":"https:\/\/bisbalpenedes.com\/web\/2019\/09\/30\/encara-no-teniu-el-cubell-de-lorganica-passeu-a-buscar-lo-per-les-oficines-municipals\/","title":{"rendered":"Encara no teniu el cubell de l&#8217;org\u00e0nica? Passeu a buscar-lo per les oficines municipals"},"content":{"rendered":"<p style=\"text-align: justify;\"><span style=\"color: #000000;\">La Regidoria de Gesti\u00f3 de Residus informa que, aquells ve\u00efns que no disposin encara del cubell de la mat\u00e8ria org\u00e0nica, ja sigui perqu\u00e8 no hi eren al seu habitatge quan va passar la informadora o perqu\u00e8 no van poder dirigir-se als punts d\u2019entrega que es van habilitar en diferents dates, poden passar a recollir-lo per les oficines municipals en horari d\u2019atenci\u00f3 al p\u00fablic.<\/span><\/p>\n<hr \/>\n<p style=\"text-align: justify;\"><span style=\"color: #000000;\">La Concejal\u00eda de Gesti\u00f3n de Residuos informa que, aquellos vecinos que no dispongan todav\u00eda del cubo de la materia org\u00e1nica, ya sea porqu\u00e9 no estaban en su vivienda cuando pas\u00f3 la informadora o porqu\u00e9 no pudieron dirigirse a los puntos de entrega que se habilitaron en diferentes fechas, pueden pasar a recogerlo por las oficinas municipales en horario de atenci\u00f3n al p\u00fablico.<\/span><\/p>\n<p style=\"text-align: justify;\"><a href=\"http:\/\/bisbalpenedes.com\/web\/wp-content\/uploads\/2019\/04\/organica-cubell-2019.jpg\"><img loading=\"lazy\" class=\"aligncenter size-medium wp-image-9302\" src=\"http:\/\/bisbalpenedes.com\/web\/wp-content\/uploads\/2019\/04\/organica-cubell-2019-300x225.jpg\" alt=\"organica cubell 2019\" width=\"300\" height=\"225\" srcset=\"https:\/\/bisbalpenedes.com\/web\/wp-content\/uploads\/2019\/04\/organica-cubell-2019-300x225.jpg 300w, https:\/\/bisbalpenedes.com\/web\/wp-content\/uploads\/2019\/04\/organica-cubell-2019-600x450.jpg 600w, https:\/\/bisbalpenedes.com\/web\/wp-content\/uploads\/2019\/04\/organica-cubell-2019-768x576.jpg 768w, https:\/\/bisbalpenedes.com\/web\/wp-content\/uploads\/2019\/04\/organica-cubell-2019-1024x768.jpg 1024w\" sizes=\"(max-width: 300px) 100vw, 300px\" \/><\/a><\/p>\n","protected":false},"excerpt":{"rendered":"<p>La Regidoria de Gesti\u00f3 de Residus informa que, aquells ve\u00efns que no disposin encara del cubell de la mat\u00e8ria org\u00e0nica, ja sigui perqu\u00e8 no hi eren al seu habitatge quan &hellip; <a href=\"https:\/\/bisbalpenedes.com\/web\/2019\/09\/30\/encara-no-teniu-el-cubell-de-lorganica-passeu-a-buscar-lo-per-les-oficines-municipals\/\" class=\"more-link\">Read More<\/a><\/p>\n","protected":false},"author":4,"featured_media":9302,"comment_status":"closed","ping_status":"closed","sticky":false,"template":"","format":"standard","meta":[],"categories":[3215],"tags":[3254,1907,2446,207],"_links":{"self":[{"href":"https:\/\/bisbalpenedes.com\/web\/wp-json\/wp\/v2\/posts\/10694"}],"collection":[{"href":"https:\/\/bisbalpenedes.com\/web\/wp-json\/wp\/v2\/posts"}],"about":[{"href":"https:\/\/bisbalpenedes.com\/web\/wp-json\/wp\/v2\/types\/post"}],"author":[{"embeddable":true,"href":"https:\/\/bisbalpenedes.com\/web\/wp-json\/wp\/v2\/users\/4"}],"replies":[{"embeddable":true,"href":"https:\/\/bisbalpenedes.com\/web\/wp-json\/wp\/v2\/comments?post=10694"}],"version-history":[{"count":3,"href":"https:\/\/bisbalpenedes.com\/web\/wp-json\/wp\/v2\/posts\/10694\/revisions"}],"predecessor-version":[{"id":10697,"href":"https:\/\/bisbalpenedes.com\/web\/wp-json\/wp\/v2\/posts\/10694\/revisions\/10697"}],"wp:featuredmedia":[{"embeddable":true,"href":"https:\/\/bisbalpenedes.com\/web\/wp-json\/wp\/v2\/media\/9302"}],"wp:attachment":[{"href":"https:\/\/bisbalpenedes.com\/web\/wp-json\/wp\/v2\/media?parent=10694"}],"wp:term":[{"taxonomy":"category","embeddable":true,"href":"https:\/\/bisbalpenedes.com\/web\/wp-json\/wp\/v2\/categories?post=10694"},{"taxonomy":"post_tag","embeddable":true,"href":"https:\/\/bisbalpenedes.com\/web\/wp-json\/wp\/v2\/tags?post=10694"}],"curies":[{"name":"wp","href":"https:\/\/api.w.org\/{rel}","templated":true}]}}