{"id":10653,"date":"2019-09-26T11:51:32","date_gmt":"2019-09-26T10:51:32","guid":{"rendered":"http:\/\/bisbalpenedes.com\/web\/?p=10653"},"modified":"2019-09-26T11:51:40","modified_gmt":"2019-09-26T10:51:40","slug":"ja-podeu-accedir-a-la-pestanya-finestreta-unica-empresarial-a-traves-del-web-municipal","status":"publish","type":"post","link":"https:\/\/bisbalpenedes.com\/web\/2019\/09\/26\/ja-podeu-accedir-a-la-pestanya-finestreta-unica-empresarial-a-traves-del-web-municipal\/","title":{"rendered":"Ja podeu accedir a la pestanya &#8216;Finestreta \u00fanica empresarial&#8217; a trav\u00e9s del web municipal"},"content":{"rendered":"<div class=\"\" data-block=\"true\" data-editor=\"e386i\" data-offset-key=\"299c9-0-0\">\n<div class=\"_1mf _1mj\" style=\"text-align: justify;\" data-offset-key=\"299c9-0-0\"><a href=\"http:\/\/bisbalpenedes.com\/web\/wp-content\/uploads\/2019\/09\/finestreta-unica-empresarial.png\"><img loading=\"lazy\" class=\"aligncenter size-full wp-image-10656\" src=\"http:\/\/bisbalpenedes.com\/web\/wp-content\/uploads\/2019\/09\/finestreta-unica-empresarial.png\" alt=\"finestreta unica empresarial\" width=\"1006\" height=\"623\" srcset=\"https:\/\/bisbalpenedes.com\/web\/wp-content\/uploads\/2019\/09\/finestreta-unica-empresarial.png 1006w, https:\/\/bisbalpenedes.com\/web\/wp-content\/uploads\/2019\/09\/finestreta-unica-empresarial-600x372.png 600w, https:\/\/bisbalpenedes.com\/web\/wp-content\/uploads\/2019\/09\/finestreta-unica-empresarial-300x186.png 300w, https:\/\/bisbalpenedes.com\/web\/wp-content\/uploads\/2019\/09\/finestreta-unica-empresarial-768x476.png 768w\" sizes=\"(max-width: 1006px) 100vw, 1006px\" \/><\/a><\/div>\n<div class=\"_1mf _1mj\" style=\"text-align: justify;\" data-offset-key=\"299c9-0-0\"><span style=\"color: #000000;\" data-offset-key=\"299c9-0-0\"><span data-text=\"true\">Ja podeu accedir a la pestanya <em>Finestreta \u00fanica empresarial<\/em> a trav\u00e9s del web municipal. La Finestreta \u00danica Empresarial (FUE) \u00e9s el punt de refer\u00e8ncia \u00fanic dels emprenedors, empresaris i intermediaris en la seva relaci\u00f3 amb l&#8217;Administraci\u00f3. Es tracta d&#8217;un espai f\u00edsic o virtual des d&#8217;on podeu fer totes les gestions necess\u00e0ries per desenvolupar la vostra activitat, amb independ\u00e8ncia de l&#8217;Administraci\u00f3 responsable.\u00a0<\/span><\/span><\/div>\n<div class=\"_1mf _1mj\" style=\"text-align: justify;\" data-offset-key=\"299c9-0-0\"><a href=\"http:\/\/bisbalpenedes.com\/web\/wp-content\/uploads\/2019\/09\/Q_Que-es-la-FUE.png\"><img loading=\"lazy\" class=\"aligncenter size-large wp-image-10654\" src=\"http:\/\/bisbalpenedes.com\/web\/wp-content\/uploads\/2019\/09\/Q_Que-es-la-FUE-1024x576.png\" alt=\"Q_Que-es-la-FUE\" width=\"630\" height=\"354\" srcset=\"https:\/\/bisbalpenedes.com\/web\/wp-content\/uploads\/2019\/09\/Q_Que-es-la-FUE.png 1024w, https:\/\/bisbalpenedes.com\/web\/wp-content\/uploads\/2019\/09\/Q_Que-es-la-FUE-600x338.png 600w, https:\/\/bisbalpenedes.com\/web\/wp-content\/uploads\/2019\/09\/Q_Que-es-la-FUE-300x169.png 300w, https:\/\/bisbalpenedes.com\/web\/wp-content\/uploads\/2019\/09\/Q_Que-es-la-FUE-768x432.png 768w\" sizes=\"(max-width: 630px) 100vw, 630px\" \/><\/a><\/div>\n<div class=\"_1mf _1mj\" style=\"text-align: justify;\" data-offset-key=\"299c9-0-0\">\n<hr \/>\n<\/div>\n<\/div>\n<div class=\"\" style=\"text-align: justify;\" data-block=\"true\" data-editor=\"e386i\" data-offset-key=\"7nbc9-0-0\"><\/div>\n<div class=\"\" style=\"text-align: justify;\" data-block=\"true\" data-editor=\"e386i\" data-offset-key=\"fp5kf-0-0\"><\/div>\n<p style=\"text-align: justify;\"><span style=\"color: #000000;\"><strong>CASTELLANO |<\/strong> Ya pod\u00e9is acceder a la pesta\u00f1a <em>Finestreta \u00fanica empresarial<\/em>\u00a0(Ventanilla \u00fanica empresarial) a trav\u00e9s de la web municipal. La Finestreta \u00danica Empresarial (FUE) es el punto de referencia \u00fanico de los emprendedores, empresarios e intermediarios en su relaci\u00f3n con la Administraci\u00f3n. Se trata de un espacio f\u00edsico o virtual des de donde pod\u00e9is hacer todas las gestiones necesarias para desarrollar vuestra actividad, con independencia de la Administraci\u00f3n responsable.<\/span><\/p>\n<p style=\"text-align: justify;\"><a href=\"http:\/\/bisbalpenedes.com\/web\/wp-content\/uploads\/2019\/09\/Q_Que-es-la-FUE.png\"><img loading=\"lazy\" class=\"aligncenter size-large wp-image-10654\" src=\"http:\/\/bisbalpenedes.com\/web\/wp-content\/uploads\/2019\/09\/Q_Que-es-la-FUE-1024x576.png\" alt=\"Q_Que-es-la-FUE\" width=\"630\" height=\"354\" srcset=\"https:\/\/bisbalpenedes.com\/web\/wp-content\/uploads\/2019\/09\/Q_Que-es-la-FUE.png 1024w, https:\/\/bisbalpenedes.com\/web\/wp-content\/uploads\/2019\/09\/Q_Que-es-la-FUE-600x338.png 600w, https:\/\/bisbalpenedes.com\/web\/wp-content\/uploads\/2019\/09\/Q_Que-es-la-FUE-300x169.png 300w, https:\/\/bisbalpenedes.com\/web\/wp-content\/uploads\/2019\/09\/Q_Que-es-la-FUE-768x432.png 768w\" sizes=\"(max-width: 630px) 100vw, 630px\" \/><\/a><\/p>\n<p>&nbsp;<\/p>\n","protected":false},"excerpt":{"rendered":"<p>Ja podeu accedir a la pestanya Finestreta \u00fanica empresarial a trav\u00e9s del web municipal. La Finestreta \u00danica Empresarial (FUE) \u00e9s el punt de refer\u00e8ncia \u00fanic dels emprenedors, empresaris i intermediaris &hellip; <a href=\"https:\/\/bisbalpenedes.com\/web\/2019\/09\/26\/ja-podeu-accedir-a-la-pestanya-finestreta-unica-empresarial-a-traves-del-web-municipal\/\" class=\"more-link\">Read More<\/a><\/p>\n","protected":false},"author":4,"featured_media":10656,"comment_status":"closed","ping_status":"closed","sticky":false,"template":"","format":"standard","meta":[],"categories":[3239],"tags":[2585,2837,3243,326,3242,3244,3240,3241],"_links":{"self":[{"href":"https:\/\/bisbalpenedes.com\/web\/wp-json\/wp\/v2\/posts\/10653"}],"collection":[{"href":"https:\/\/bisbalpenedes.com\/web\/wp-json\/wp\/v2\/posts"}],"about":[{"href":"https:\/\/bisbalpenedes.com\/web\/wp-json\/wp\/v2\/types\/post"}],"author":[{"embeddable":true,"href":"https:\/\/bisbalpenedes.com\/web\/wp-json\/wp\/v2\/users\/4"}],"replies":[{"embeddable":true,"href":"https:\/\/bisbalpenedes.com\/web\/wp-json\/wp\/v2\/comments?post=10653"}],"version-history":[{"count":2,"href":"https:\/\/bisbalpenedes.com\/web\/wp-json\/wp\/v2\/posts\/10653\/revisions"}],"predecessor-version":[{"id":10658,"href":"https:\/\/bisbalpenedes.com\/web\/wp-json\/wp\/v2\/posts\/10653\/revisions\/10658"}],"wp:featuredmedia":[{"embeddable":true,"href":"https:\/\/bisbalpenedes.com\/web\/wp-json\/wp\/v2\/media\/10656"}],"wp:attachment":[{"href":"https:\/\/bisbalpenedes.com\/web\/wp-json\/wp\/v2\/media?parent=10653"}],"wp:term":[{"taxonomy":"category","embeddable":true,"href":"https:\/\/bisbalpenedes.com\/web\/wp-json\/wp\/v2\/categories?post=10653"},{"taxonomy":"post_tag","embeddable":true,"href":"https:\/\/bisbalpenedes.com\/web\/wp-json\/wp\/v2\/tags?post=10653"}],"curies":[{"name":"wp","href":"https:\/\/api.w.org\/{rel}","templated":true}]}}