{"id":10651,"date":"2019-09-26T10:54:11","date_gmt":"2019-09-26T09:54:11","guid":{"rendered":"http:\/\/bisbalpenedes.com\/web\/?p=10651"},"modified":"2019-09-26T10:54:11","modified_gmt":"2019-09-26T09:54:11","slug":"els-alumnes-de-linstitut-duran-a-terme-accions-de-conscienciacio-sobre-el-canvi-climatic-aquest-divendres","status":"publish","type":"post","link":"https:\/\/bisbalpenedes.com\/web\/2019\/09\/26\/els-alumnes-de-linstitut-duran-a-terme-accions-de-conscienciacio-sobre-el-canvi-climatic-aquest-divendres\/","title":{"rendered":"Els alumnes de l&#8217;institut duran a terme accions de conscienciaci\u00f3 sobre el canvi clim\u00e0tic aquest divendres"},"content":{"rendered":"<p style=\"text-align: justify;\"><span style=\"color: #000000;\">Des de l&#8217;Institut Coster de la Torre ens han informat que, aquest divendres 27 de setembre, es duran a terme una s\u00e8rie d&#8217;accions de conscienciaci\u00f3 sobre el canvi clim\u00e0tic. Les accions estan pensades per als alumnes de 1r i 2n d&#8217;ESO. Fins a les 12h es faran activitats al centre i, a partir de les 12h, es faran accions a l&#8217;exterior de l&#8217;institut:<\/span><\/p>\n<p style=\"text-align: justify; padding-left: 30px;\"><span style=\"color: #000000;\">1.-Recollida d&#8217;escombraries i pl\u00e0stics al voltant de l&#8217;institut, a la zona de la pista d&#8217;skate, al torrent i a la carretera (direcci\u00f3 el Priorat)<\/span><\/p>\n<p style=\"text-align: justify; padding-left: 30px;\"><span style=\"color: #000000;\">2.-Concentraci\u00f3 de tots els alumnes a la pla\u00e7a de l&#8217;Ajuntament, on es llegir\u00e0 un manifest sobre l&#8217;Emerg\u00e8ncia Clim\u00e0tica, entre les 13:30h i les 14:15h.<\/span><\/p>\n<hr \/>\n<p style=\"text-align: justify;\"><span style=\"color: #000000;\"><strong>CASTELLANO |<\/strong> Desde el Institut Coster de la Torre nos han informado que, este viernes 27 de septiembre, se llevar\u00e1n a cabo una serie de acciones de concienciaci\u00f3n sobre el cambio clim\u00e1tico. Las acciones est\u00e1n pensadas para los alumnos de 1\u00ba y 2\u00ba de ESO. Hasta las 12h se har\u00e1n actividades en el centro y, a partir de las 1h, se har\u00e1n acciones en el exterior del instituto.\u00a0<\/span><\/p>\n<p style=\"text-align: justify; padding-left: 30px;\"><span style=\"color: #000000;\">1.-Recogida de basura y pl\u00e1sticos en el entorno del instituto, en la zona de la pista de <em>skate<\/em>, en el torrente y en la carretera (direcci\u00f3n el Priorat).<\/span><\/p>\n<p style=\"text-align: justify; padding-left: 30px;\"><span style=\"color: #000000;\">2.-Concentraci\u00f3n de todos los alumnos en la plaza del Ayuntamiento, donde se leer\u00e1 un manifiesto sobre la Emergencia Clim\u00e1tica, entre las 13:30h y las 14:15h.<\/span><\/p>\n<p>&nbsp;<\/p>\n","protected":false},"excerpt":{"rendered":"<p>Des de l&#8217;Institut Coster de la Torre ens han informat que, aquest divendres 27 de setembre, es duran a terme una s\u00e8rie d&#8217;accions de conscienciaci\u00f3 sobre el canvi clim\u00e0tic. Les &hellip; <a href=\"https:\/\/bisbalpenedes.com\/web\/2019\/09\/26\/els-alumnes-de-linstitut-duran-a-terme-accions-de-conscienciacio-sobre-el-canvi-climatic-aquest-divendres\/\" class=\"more-link\">Read More<\/a><\/p>\n","protected":false},"author":4,"featured_media":5786,"comment_status":"closed","ping_status":"closed","sticky":false,"template":"","format":"standard","meta":[],"categories":[2397,32],"tags":[355,332,566,220],"_links":{"self":[{"href":"https:\/\/bisbalpenedes.com\/web\/wp-json\/wp\/v2\/posts\/10651"}],"collection":[{"href":"https:\/\/bisbalpenedes.com\/web\/wp-json\/wp\/v2\/posts"}],"about":[{"href":"https:\/\/bisbalpenedes.com\/web\/wp-json\/wp\/v2\/types\/post"}],"author":[{"embeddable":true,"href":"https:\/\/bisbalpenedes.com\/web\/wp-json\/wp\/v2\/users\/4"}],"replies":[{"embeddable":true,"href":"https:\/\/bisbalpenedes.com\/web\/wp-json\/wp\/v2\/comments?post=10651"}],"version-history":[{"count":1,"href":"https:\/\/bisbalpenedes.com\/web\/wp-json\/wp\/v2\/posts\/10651\/revisions"}],"predecessor-version":[{"id":10652,"href":"https:\/\/bisbalpenedes.com\/web\/wp-json\/wp\/v2\/posts\/10651\/revisions\/10652"}],"wp:featuredmedia":[{"embeddable":true,"href":"https:\/\/bisbalpenedes.com\/web\/wp-json\/wp\/v2\/media\/5786"}],"wp:attachment":[{"href":"https:\/\/bisbalpenedes.com\/web\/wp-json\/wp\/v2\/media?parent=10651"}],"wp:term":[{"taxonomy":"category","embeddable":true,"href":"https:\/\/bisbalpenedes.com\/web\/wp-json\/wp\/v2\/categories?post=10651"},{"taxonomy":"post_tag","embeddable":true,"href":"https:\/\/bisbalpenedes.com\/web\/wp-json\/wp\/v2\/tags?post=10651"}],"curies":[{"name":"wp","href":"https:\/\/api.w.org\/{rel}","templated":true}]}}