{"id":10644,"date":"2019-09-25T11:42:06","date_gmt":"2019-09-25T10:42:06","guid":{"rendered":"http:\/\/bisbalpenedes.com\/web\/?p=10644"},"modified":"2019-09-25T11:42:06","modified_gmt":"2019-09-25T10:42:06","slug":"la-regidora-de-turisme-ha-estat-nomenada-vicepresidenta-3a-del-consorci-de-promocio-turistica-del-penedes","status":"publish","type":"post","link":"https:\/\/bisbalpenedes.com\/web\/2019\/09\/25\/la-regidora-de-turisme-ha-estat-nomenada-vicepresidenta-3a-del-consorci-de-promocio-turistica-del-penedes\/","title":{"rendered":"La regidora de Turisme ha estat nomenada vicepresidenta 3a del Consorci de Promoci\u00f3 Tur\u00edstica del Pened\u00e8s"},"content":{"rendered":"<p style=\"text-align: justify;\"><a href=\"http:\/\/bisbalpenedes.com\/web\/wp-content\/uploads\/2019\/09\/PHOTO-2019-09-19-13-12-38.jpg\"><img loading=\"lazy\" class=\"aligncenter size-large wp-image-10645\" src=\"http:\/\/bisbalpenedes.com\/web\/wp-content\/uploads\/2019\/09\/PHOTO-2019-09-19-13-12-38-1024x984.jpg\" alt=\"PHOTO-2019-09-19-13-12-38\" width=\"630\" height=\"605\" srcset=\"https:\/\/bisbalpenedes.com\/web\/wp-content\/uploads\/2019\/09\/PHOTO-2019-09-19-13-12-38-1024x984.jpg 1024w, https:\/\/bisbalpenedes.com\/web\/wp-content\/uploads\/2019\/09\/PHOTO-2019-09-19-13-12-38-600x577.jpg 600w, https:\/\/bisbalpenedes.com\/web\/wp-content\/uploads\/2019\/09\/PHOTO-2019-09-19-13-12-38-300x288.jpg 300w, https:\/\/bisbalpenedes.com\/web\/wp-content\/uploads\/2019\/09\/PHOTO-2019-09-19-13-12-38-768x738.jpg 768w, https:\/\/bisbalpenedes.com\/web\/wp-content\/uploads\/2019\/09\/PHOTO-2019-09-19-13-12-38.jpg 1125w\" sizes=\"(max-width: 630px) 100vw, 630px\" \/><\/a><\/p>\n<p style=\"text-align: justify;\"><span style=\"color: #000000;\">La regidora de Turisme de l\u2019Ajuntament de la Bisbal del Pened\u00e8s, Judith Vidal, \u00e9s la vicepresidenta 3a del Consorci de Promoci\u00f3 Tur\u00edstica del Pened\u00e8s i, per tant, membre de la Junta de Govern del Consorci. El passat dijous 20 de setembre van tenir la junta de constituci\u00f3 del Consorci i l\u2019assemblea, on es van nomenar els membres de la Junta de Govern.<\/span><\/p>\n<p style=\"text-align: justify;\"><span style=\"color: #000000;\">La regidora Judith Vidal ha explicat que \u201cl\u2019Ajuntament de la Bisbal del Pened\u00e8s forma part del Consorci de Promoci\u00f3 Tur\u00edstica del Pened\u00e8s des de l\u2019any 2017, quan presidia Sergi Vall\u00e8s. Des del passat mes de juliol el president \u00e9s el Ramon Riera i ara s\u2019ha format un nou equip de representants. Per a mi \u00e9s un orgull treballar en aquesta \u00e0rea perqu\u00e8, des de l\u2019Ajuntament de la Bisbal del Pened\u00e8s tenim l\u2019objectiu de promoure tot all\u00f2 que tenim i ens identifica, com poden ser els productes de la terra i de proximitat, els allotjaments i restaurants, els camins i el patrimoni o les activitats que duen a terme molts bisbalencs, com ara l\u2019escalada o la tradici\u00f3 castellera del municipi\u201d.<\/span><\/p>\n<p style=\"text-align: justify;\"><span style=\"color: #000000;\">El Consorci de Promoci\u00f3 Tur\u00edstica del Pened\u00e8s \u00e9s un organisme format per entitats p\u00fabliques i privades amb l\u2019objectiu de promoure pol\u00edtiques tur\u00edstiques dins de la Denominaci\u00f3 d\u2019Origen Pened\u00e8s.<\/span><\/p>\n<hr \/>\n<p style=\"text-align: justify;\"><span style=\"color: #000000;\"><strong>CASTELLANO |<\/strong> La regidora de Turismo del Ayuntamiento de la Bisbal del Pened\u00e8s, Judith Vidal, es la vicepresidenta 3a del Consorci de Promoci\u00f3 Tur\u00edstica del Pened\u00e8s y, por lo tanto, miembro de la Junta de Gobierno del Consorci. El pasado jueves 20 de septiembre tuvo lugar la junta de constituci\u00f3n del Consorci y la asamblea, donde se nombraron los miembros de la Junta de Gobierno.<\/span><\/p>\n<p style=\"text-align: justify;\"><span style=\"color: #000000;\">La regidora Judith Vidal ha explicado que \u201cEl Ayuntamiento de la Bisbal del Pened\u00e8s forma parte del Consorci de Promoci\u00f3 Tur\u00edstica del Pened\u00e8s desde el a\u00f1o 2017, cuando presid\u00eda Sergi Vall\u00e8s. Desde el pasado mes de julio el presidente es Ramon Riera y ahora se ha formado un nuevo equipo de representantes. Para mi es un orgullo trabajar en esta \u00e1rea porqu\u00e9, desde el Ayuntamiento de la Bisbal del Pened\u00e8s tenemos como objetivo promover todo aquello que tenemos y nos identifica, como pueden ser los productos de la tierra y de proximidad, los alojamientos y restaurantes, los caminos y el patrimonio o las actividades que llevan a cabo muchos bisbalencs, como por ejemplo la escalada o la tradici\u00f3n castellera del municipio\u201d.<\/span><\/p>\n<p style=\"text-align: justify;\"><span style=\"color: #000000;\">El Consorci de Promoci\u00f3 Tur\u00edstica del Pened\u00e8s es un organismo formado por entidades p\u00fablicas y privadas con el objetivo de promover pol\u00edticas tur\u00edsticas dentro de la Denominaci\u00f3n de Origen Pened\u00e8s.<\/span><\/p>\n<p style=\"text-align: justify;\"><span style=\"color: #000000;\"><strong>\u00a0<\/strong><\/span><\/p>\n<p>&nbsp;<\/p>\n","protected":false},"excerpt":{"rendered":"<p>La regidora de Turisme de l\u2019Ajuntament de la Bisbal del Pened\u00e8s, Judith Vidal, \u00e9s la vicepresidenta 3a del Consorci de Promoci\u00f3 Tur\u00edstica del Pened\u00e8s i, per tant, membre de la &hellip; <a href=\"https:\/\/bisbalpenedes.com\/web\/2019\/09\/25\/la-regidora-de-turisme-ha-estat-nomenada-vicepresidenta-3a-del-consorci-de-promocio-turistica-del-penedes\/\" class=\"more-link\">Read More<\/a><\/p>\n","protected":false},"author":4,"featured_media":10645,"comment_status":"closed","ping_status":"closed","sticky":false,"template":"","format":"standard","meta":[],"categories":[8],"tags":[2798,583,328,3238],"_links":{"self":[{"href":"https:\/\/bisbalpenedes.com\/web\/wp-json\/wp\/v2\/posts\/10644"}],"collection":[{"href":"https:\/\/bisbalpenedes.com\/web\/wp-json\/wp\/v2\/posts"}],"about":[{"href":"https:\/\/bisbalpenedes.com\/web\/wp-json\/wp\/v2\/types\/post"}],"author":[{"embeddable":true,"href":"https:\/\/bisbalpenedes.com\/web\/wp-json\/wp\/v2\/users\/4"}],"replies":[{"embeddable":true,"href":"https:\/\/bisbalpenedes.com\/web\/wp-json\/wp\/v2\/comments?post=10644"}],"version-history":[{"count":1,"href":"https:\/\/bisbalpenedes.com\/web\/wp-json\/wp\/v2\/posts\/10644\/revisions"}],"predecessor-version":[{"id":10646,"href":"https:\/\/bisbalpenedes.com\/web\/wp-json\/wp\/v2\/posts\/10644\/revisions\/10646"}],"wp:featuredmedia":[{"embeddable":true,"href":"https:\/\/bisbalpenedes.com\/web\/wp-json\/wp\/v2\/media\/10645"}],"wp:attachment":[{"href":"https:\/\/bisbalpenedes.com\/web\/wp-json\/wp\/v2\/media?parent=10644"}],"wp:term":[{"taxonomy":"category","embeddable":true,"href":"https:\/\/bisbalpenedes.com\/web\/wp-json\/wp\/v2\/categories?post=10644"},{"taxonomy":"post_tag","embeddable":true,"href":"https:\/\/bisbalpenedes.com\/web\/wp-json\/wp\/v2\/tags?post=10644"}],"curies":[{"name":"wp","href":"https:\/\/api.w.org\/{rel}","templated":true}]}}