{"id":10641,"date":"2019-09-25T11:10:26","date_gmt":"2019-09-25T10:10:26","guid":{"rendered":"http:\/\/bisbalpenedes.com\/web\/?p=10641"},"modified":"2019-09-25T11:10:26","modified_gmt":"2019-09-25T10:10:26","slug":"el-regidor-de-joventut-es-reuneix-amb-el-conseller-comarcal-de-joventut","status":"publish","type":"post","link":"https:\/\/bisbalpenedes.com\/web\/2019\/09\/25\/el-regidor-de-joventut-es-reuneix-amb-el-conseller-comarcal-de-joventut\/","title":{"rendered":"El regidor de Joventut es reuneix amb el conseller comarcal de Joventut"},"content":{"rendered":"<p><a href=\"http:\/\/bisbalpenedes.com\/web\/wp-content\/uploads\/2019\/09\/PHOTO-2019-09-24-21-44-35.jpg\"><img loading=\"lazy\" class=\"aligncenter size-large wp-image-10642\" src=\"http:\/\/bisbalpenedes.com\/web\/wp-content\/uploads\/2019\/09\/PHOTO-2019-09-24-21-44-35-1024x576.jpg\" alt=\"reunions joventut setembre 2019 ccbp\" width=\"630\" height=\"354\" srcset=\"https:\/\/bisbalpenedes.com\/web\/wp-content\/uploads\/2019\/09\/PHOTO-2019-09-24-21-44-35-1024x576.jpg 1024w, https:\/\/bisbalpenedes.com\/web\/wp-content\/uploads\/2019\/09\/PHOTO-2019-09-24-21-44-35-600x338.jpg 600w, https:\/\/bisbalpenedes.com\/web\/wp-content\/uploads\/2019\/09\/PHOTO-2019-09-24-21-44-35-300x169.jpg 300w, https:\/\/bisbalpenedes.com\/web\/wp-content\/uploads\/2019\/09\/PHOTO-2019-09-24-21-44-35-768x432.jpg 768w, https:\/\/bisbalpenedes.com\/web\/wp-content\/uploads\/2019\/09\/PHOTO-2019-09-24-21-44-35.jpg 1600w\" sizes=\"(max-width: 630px) 100vw, 630px\" \/><\/a><\/p>\n<p><span style=\"color: #000000;\">El conseller comarcal de Joventut, Marc Palau, s&#8217;ha reunit aquesta setmana amb el regidor de Joventut de l&#8217;Ajuntament de la Bisbal del Pened\u00e8s, F\u00e8lix Villaz\u00e1n; i la t\u00e8cnica de joventut i educadora, Arantzazu Longares; a la Cova Jove. Durant la reuni\u00f3,\u00a0s&#8217;han abordat els projectes de joventut engegats des de la Bisbal aix\u00ed com les col\u00b7laboracions que es duen a terme des de Jove Baix Pened\u00e8s.<\/span><\/p>\n<hr \/>\n<p><span style=\"color: #000000;\"><strong>CASTELLANO |<\/strong> El conseller comarcal de Juventud, Marc Palau, se ha reunido esta semana con el concejal de Juventud del Ayuntamiento de la Bisbal del Pened\u00e8s, F\u00e8lix Villaz\u00e1n; y la t\u00e9cnica de Juventud y educadora, Arantzazu Longares; en la Cova Jove. Durante la reuni\u00f3n, se han abordado los proyectos de juventud iniciados desde la Bisbal as\u00ed como las colaboraciones que se llevan a cabo desde Jove Baix Pened\u00e8s.<\/span><\/p>\n","protected":false},"excerpt":{"rendered":"<p>El conseller comarcal de Joventut, Marc Palau, s&#8217;ha reunit aquesta setmana amb el regidor de Joventut de l&#8217;Ajuntament de la Bisbal del Pened\u00e8s, F\u00e8lix Villaz\u00e1n; i la t\u00e8cnica de joventut &hellip; <a href=\"https:\/\/bisbalpenedes.com\/web\/2019\/09\/25\/el-regidor-de-joventut-es-reuneix-amb-el-conseller-comarcal-de-joventut\/\" class=\"more-link\">Read More<\/a><\/p>\n","protected":false},"author":4,"featured_media":10642,"comment_status":"closed","ping_status":"closed","sticky":false,"template":"","format":"standard","meta":[],"categories":[1486],"tags":[1056,1057,210],"_links":{"self":[{"href":"https:\/\/bisbalpenedes.com\/web\/wp-json\/wp\/v2\/posts\/10641"}],"collection":[{"href":"https:\/\/bisbalpenedes.com\/web\/wp-json\/wp\/v2\/posts"}],"about":[{"href":"https:\/\/bisbalpenedes.com\/web\/wp-json\/wp\/v2\/types\/post"}],"author":[{"embeddable":true,"href":"https:\/\/bisbalpenedes.com\/web\/wp-json\/wp\/v2\/users\/4"}],"replies":[{"embeddable":true,"href":"https:\/\/bisbalpenedes.com\/web\/wp-json\/wp\/v2\/comments?post=10641"}],"version-history":[{"count":1,"href":"https:\/\/bisbalpenedes.com\/web\/wp-json\/wp\/v2\/posts\/10641\/revisions"}],"predecessor-version":[{"id":10643,"href":"https:\/\/bisbalpenedes.com\/web\/wp-json\/wp\/v2\/posts\/10641\/revisions\/10643"}],"wp:featuredmedia":[{"embeddable":true,"href":"https:\/\/bisbalpenedes.com\/web\/wp-json\/wp\/v2\/media\/10642"}],"wp:attachment":[{"href":"https:\/\/bisbalpenedes.com\/web\/wp-json\/wp\/v2\/media?parent=10641"}],"wp:term":[{"taxonomy":"category","embeddable":true,"href":"https:\/\/bisbalpenedes.com\/web\/wp-json\/wp\/v2\/categories?post=10641"},{"taxonomy":"post_tag","embeddable":true,"href":"https:\/\/bisbalpenedes.com\/web\/wp-json\/wp\/v2\/tags?post=10641"}],"curies":[{"name":"wp","href":"https:\/\/api.w.org\/{rel}","templated":true}]}}