{"id":10638,"date":"2019-09-25T10:53:12","date_gmt":"2019-09-25T09:53:12","guid":{"rendered":"http:\/\/bisbalpenedes.com\/web\/?p=10638"},"modified":"2019-09-25T10:56:02","modified_gmt":"2019-09-25T09:56:02","slug":"el-bisbalenc-oriol-rodriguez-sha-proclamat-subcampio-despanya-al-campionat-despanya-de-supermoto","status":"publish","type":"post","link":"https:\/\/bisbalpenedes.com\/web\/2019\/09\/25\/el-bisbalenc-oriol-rodriguez-sha-proclamat-subcampio-despanya-al-campionat-despanya-de-supermoto\/","title":{"rendered":"El bisbalenc Oriol Rodr\u00edguez s\u2019ha proclamat subcampi\u00f3 d\u2019Espanya al Campionat d\u2019Espanya de Supermoto"},"content":{"rendered":"<figure id=\"attachment_10639\" aria-describedby=\"caption-attachment-10639\" style=\"width: 630px\" class=\"wp-caption aligncenter\"><a href=\"http:\/\/bisbalpenedes.com\/web\/wp-content\/uploads\/2019\/09\/ORIOL-RODRIGUEZ-SUBCAMPIO-ESPANYA-SET-2019.jpg\"><img loading=\"lazy\" class=\"size-large wp-image-10639\" src=\"http:\/\/bisbalpenedes.com\/web\/wp-content\/uploads\/2019\/09\/ORIOL-RODRIGUEZ-SUBCAMPIO-ESPANYA-SET-2019-1024x681.jpg\" alt=\"Foto: cedida (Anna Vives)\" width=\"630\" height=\"419\" srcset=\"https:\/\/bisbalpenedes.com\/web\/wp-content\/uploads\/2019\/09\/ORIOL-RODRIGUEZ-SUBCAMPIO-ESPANYA-SET-2019-1024x681.jpg 1024w, https:\/\/bisbalpenedes.com\/web\/wp-content\/uploads\/2019\/09\/ORIOL-RODRIGUEZ-SUBCAMPIO-ESPANYA-SET-2019-600x399.jpg 600w, https:\/\/bisbalpenedes.com\/web\/wp-content\/uploads\/2019\/09\/ORIOL-RODRIGUEZ-SUBCAMPIO-ESPANYA-SET-2019-300x200.jpg 300w, https:\/\/bisbalpenedes.com\/web\/wp-content\/uploads\/2019\/09\/ORIOL-RODRIGUEZ-SUBCAMPIO-ESPANYA-SET-2019-768x511.jpg 768w, https:\/\/bisbalpenedes.com\/web\/wp-content\/uploads\/2019\/09\/ORIOL-RODRIGUEZ-SUBCAMPIO-ESPANYA-SET-2019.jpg 1500w\" sizes=\"(max-width: 630px) 100vw, 630px\" \/><\/a><figcaption id=\"caption-attachment-10639\" class=\"wp-caption-text\">Foto: cedida (Anna Vives)<\/figcaption><\/figure>\n<p style=\"text-align: justify;\"><span style=\"color: #000000;\">El pilot bisbalenc Oriol Rodr\u00edguez es va proclamar subcampi\u00f3 al Campionat d\u2019Espanya de Supermoto 2019 en SM Road 250. El campionat es va disputar a Alcarr\u00e0s (Lleida) el cap de setmana del 14 i el 15 de setembre.<\/span><\/p>\n<p style=\"text-align: justify;\"><span style=\"color: #000000;\">Des de l\u2019Ajuntament felicitem l&#8217;Oriol per aquest nou \u00e8xit. Enhorabona!<\/span><\/p>\n<hr \/>\n<p style=\"text-align: justify;\"><span style=\"color: #000000;\"><strong>CASTELLANO |<\/strong> El piloto bisbalenc Oriol Rodr\u00edguez se proclam\u00f3 subcampe\u00f3n en el Campeonato de Espa\u00f1a de Supermoto 2019 en SM Road 250. El campeonato se disput\u00f3 en Alcarr\u00e0s (Lleida) el fin de semana del 14 y el 15 de septiembre.<\/span><\/p>\n<p style=\"text-align: justify;\"><span style=\"color: #000000;\">Desde el Ayuntamiento de la Bisbal del Pened\u00e8s felicitamos a Oriol por este nuevo \u00e9xito. \u00a1Enhorabuena!<\/span><\/p>\n","protected":false},"excerpt":{"rendered":"<p>El pilot bisbalenc Oriol Rodr\u00edguez es va proclamar subcampi\u00f3 al Campionat d\u2019Espanya de Supermoto 2019 en SM Road 250. El campionat es va disputar a Alcarr\u00e0s (Lleida) el cap de &hellip; <a href=\"https:\/\/bisbalpenedes.com\/web\/2019\/09\/25\/el-bisbalenc-oriol-rodriguez-sha-proclamat-subcampio-despanya-al-campionat-despanya-de-supermoto\/\" class=\"more-link\">Read More<\/a><\/p>\n","protected":false},"author":4,"featured_media":10639,"comment_status":"closed","ping_status":"closed","sticky":false,"template":"","format":"standard","meta":[],"categories":[19],"tags":[3237,1315,740,3236,3235],"_links":{"self":[{"href":"https:\/\/bisbalpenedes.com\/web\/wp-json\/wp\/v2\/posts\/10638"}],"collection":[{"href":"https:\/\/bisbalpenedes.com\/web\/wp-json\/wp\/v2\/posts"}],"about":[{"href":"https:\/\/bisbalpenedes.com\/web\/wp-json\/wp\/v2\/types\/post"}],"author":[{"embeddable":true,"href":"https:\/\/bisbalpenedes.com\/web\/wp-json\/wp\/v2\/users\/4"}],"replies":[{"embeddable":true,"href":"https:\/\/bisbalpenedes.com\/web\/wp-json\/wp\/v2\/comments?post=10638"}],"version-history":[{"count":1,"href":"https:\/\/bisbalpenedes.com\/web\/wp-json\/wp\/v2\/posts\/10638\/revisions"}],"predecessor-version":[{"id":10640,"href":"https:\/\/bisbalpenedes.com\/web\/wp-json\/wp\/v2\/posts\/10638\/revisions\/10640"}],"wp:featuredmedia":[{"embeddable":true,"href":"https:\/\/bisbalpenedes.com\/web\/wp-json\/wp\/v2\/media\/10639"}],"wp:attachment":[{"href":"https:\/\/bisbalpenedes.com\/web\/wp-json\/wp\/v2\/media?parent=10638"}],"wp:term":[{"taxonomy":"category","embeddable":true,"href":"https:\/\/bisbalpenedes.com\/web\/wp-json\/wp\/v2\/categories?post=10638"},{"taxonomy":"post_tag","embeddable":true,"href":"https:\/\/bisbalpenedes.com\/web\/wp-json\/wp\/v2\/tags?post=10638"}],"curies":[{"name":"wp","href":"https:\/\/api.w.org\/{rel}","templated":true}]}}