{"id":10630,"date":"2019-09-24T09:51:17","date_gmt":"2019-09-24T08:51:17","guid":{"rendered":"http:\/\/bisbalpenedes.com\/web\/?p=10630"},"modified":"2019-09-24T09:55:56","modified_gmt":"2019-09-24T08:55:56","slug":"resum-dels-punts-tractats-en-el-ple-extraordinari-del-dilluns-23-de-setembre-de-2019","status":"publish","type":"post","link":"https:\/\/bisbalpenedes.com\/web\/2019\/09\/24\/resum-dels-punts-tractats-en-el-ple-extraordinari-del-dilluns-23-de-setembre-de-2019\/","title":{"rendered":"Resum dels punts tractats en el Ple extraordinari del dilluns 23 de setembre de 2019"},"content":{"rendered":"<p><a href=\"http:\/\/bisbalpenedes.com\/web\/wp-content\/uploads\/2019\/09\/PLE-EXTRAORDINARI-24-DE-SETEMBRE-DE-2019.jpg\"><img loading=\"lazy\" class=\"aligncenter size-large wp-image-10631\" src=\"http:\/\/bisbalpenedes.com\/web\/wp-content\/uploads\/2019\/09\/PLE-EXTRAORDINARI-24-DE-SETEMBRE-DE-2019-1024x768.jpg\" alt=\"PLE EXTRAORDINARI 24 DE SETEMBRE DE 2019\" width=\"630\" height=\"473\" srcset=\"https:\/\/bisbalpenedes.com\/web\/wp-content\/uploads\/2019\/09\/PLE-EXTRAORDINARI-24-DE-SETEMBRE-DE-2019-1024x768.jpg 1024w, https:\/\/bisbalpenedes.com\/web\/wp-content\/uploads\/2019\/09\/PLE-EXTRAORDINARI-24-DE-SETEMBRE-DE-2019-600x450.jpg 600w, https:\/\/bisbalpenedes.com\/web\/wp-content\/uploads\/2019\/09\/PLE-EXTRAORDINARI-24-DE-SETEMBRE-DE-2019-300x225.jpg 300w, https:\/\/bisbalpenedes.com\/web\/wp-content\/uploads\/2019\/09\/PLE-EXTRAORDINARI-24-DE-SETEMBRE-DE-2019-768x576.jpg 768w\" sizes=\"(max-width: 630px) 100vw, 630px\" \/><\/a><\/p>\n<p><span style=\"color: #000000;\">Aquest dilluns 23 de setembre, a les 19h, ha tingut lloc un Ple extraordinari a l\u2019Ajuntament de la Bisbal del Pened\u00e8s. S\u2019hi han tractat els seg\u00fcents punts:<\/span><\/p>\n<p><span style=\"color: #000000;\"><strong>1.-Aprovaci\u00f3 del Compte General de l\u2019exercici 2018.<\/strong><\/span><\/p>\n<p><span style=\"color: #000000;\"><strong>S\u2019ha aprovat amb els vots a favor de Comprom\u00eds amb la Bisbal (6) i PSC (2); els vots en contra d\u2019Ara la Bisbal (1) i ERC-AM (1); i l\u2019abstenci\u00f3 d\u2019Units per la Bisbal-FIC (1).<\/strong><\/span><\/p>\n<p><span style=\"color: #000000;\">S\u2019ha aprovat el Compte General de l\u2019exercici 2018 i, ara, es procedir\u00e0 a enviar la documentaci\u00f3 corresponent al Tribunal de Comptes i al Ministeri d\u2019Hisenda.<\/span><\/p>\n<p><span style=\"color: #000000;\">El passat 30 de juliol es va celebrar la Comissi\u00f3 Especial de Comptes de l\u2019exercici 2018 de l\u2019Ajuntament de la Bisbal del Pened\u00e8s amb el Dictamen favorable, amb vot ponderat, per part de tots els membres que hi van assistir (Feliu Gil, 6 vots ponderats de Comprom\u00eds amb la Bisbal; Daniel Caballero, 2 vots ponderats del PSC; i Silvia Monfort, 1 vot ponderat d\u2019ERC-AM).<\/span><\/p>\n<p><span style=\"color: #000000;\">El pressupost de l\u2019any 2018 va ser de 4.854.927,02\u20ac i a la finalitzaci\u00f3 de l\u2019exercici:<\/span><\/p>\n<p style=\"padding-left: 30px;\"><span style=\"color: #000000;\">-Hi va haver un super\u00e0vit pressupostari de 222.904,00\u20ac.<\/span><\/p>\n<p style=\"padding-left: 30px;\"><span style=\"color: #000000;\">-El coeficient de deute viu va ser del 40,47%.<\/span><\/p>\n<p style=\"padding-left: 30px;\"><span style=\"color: #000000;\">-El per\u00edode mig de pagament era de 19,17 dies.<\/span><\/p>\n<p style=\"padding-left: 30px;\"><span style=\"color: #000000;\">-Es complia amb l\u2019objectiu d\u2019estabilitat pressupost\u00e0ria.<\/span><\/p>\n<p style=\"padding-left: 30px;\"><span style=\"color: #000000;\">-No es complia amb la regla de la despesa per causa de l\u2019endarreriment de les obres realitzades per Fecsa-Endesa per incrementar la pot\u00e8ncia el\u00e8ctrica al pol\u00edgon industrial Les Planes, ja que la despesa corresponent a les quotes que han d\u2019abonar els propietaris no es pot restar de la regla de la despesa. El passat 4 de juliol de 2019 es va aprovar, en el Ple extraordinari, un pla econ\u00f2mic-financer que especificava que, sense haver d\u2019aplicar cap mesura correctora, per als anys 2019 i 2020 ja es compliran els requisits d\u2019estabilitat pressupostaria.<\/span><\/p>\n<p><span style=\"color: #000000;\">Del 9 de juliol al 16 de setembre, els regidors i regidores han tingut acc\u00e9s a tota la documentaci\u00f3 i informaci\u00f3 relativa als comptes de l\u2019exercici de 2018 de forma f\u00edsica. Tamb\u00e9 es podia accedir al Portal de Transpar\u00e8ncia per consultar documentaci\u00f3 sobre l\u2019exercici 2018. No havent-se presentat al\u00b7legacions en el termini establert, que finalitzava el dia 16 de setembre, s\u2019ha elevat l\u2019aprovaci\u00f3 del Compte General de l\u2019exercici 2018 al Ple.<\/span><\/p>\n<p><span style=\"color: #000000;\"><strong>2.-Revisi\u00f3 de preus del contracte de recollida de residus.<\/strong><\/span><\/p>\n<p><span style=\"color: #000000;\"><strong>S\u2019ha aprovat amb els vots a favor de Comprom\u00eds amb la Bisbal (6), PSC (2), Units per la Bisbal-FIC (1), Ara la Bisbal (1) i ERC-AM (1).<\/strong><\/span><\/p>\n<p><span style=\"color: #000000;\">El Ple ha aprovat desestimar, en part, les al\u00b7legacions presentades per CESPA S.A., aprovar la revisi\u00f3 de preus i aprovar l\u2019import pendent d\u2019abonar a la concession\u00e0ria de 33.917,49\u20ac (IVA incl\u00f2s).<\/span><\/p>\n<p><span style=\"color: #000000;\">Aquest punt s\u2019ha elevat al Ple a proposta de la Regidoria d\u2019Hisenda amb els seg\u00fcents<\/span><\/p>\n<p><span style=\"color: #000000;\"><strong>ANTECEDENTS<\/strong><\/span><\/p>\n<p style=\"padding-left: 30px;\"><span style=\"color: #000000;\">1.-L\u2019Ajuntament va adjudicar a l\u2019empresa CESPA SA, el maig de 2011, el contracte de gesti\u00f3 del servei p\u00fablic de recollida de residus per un import anual de 373.829,56\u20ac m\u00e9s IVA, per un per\u00edode de 10 anys. Tamb\u00e9 va quedar aprovat que un any despr\u00e9s de la signatura del contracte, es procedir\u00e0 a la revisi\u00f3 de preus d\u2019acord amb la variaci\u00f3 anual de l\u2019IPC catal\u00e0 del darrer mes publicat. D\u2019acord amb l\u2019article 77.3 de la Llei de contractes del sector p\u00fablic, la revisi\u00f3 ser\u00e0 del 85% de la variaci\u00f3 de l\u2019IPC anterior.<\/span><\/p>\n<p style=\"padding-left: 30px;\"><span style=\"color: #000000;\">2.-El mar\u00e7 de 2017 l\u2019empresa CESPA SA sol\u00b7licita revisi\u00f3 de preus del contracte, des de l\u20191 de febrer fins al 31 de gener de 2018.<\/span><\/p>\n<p style=\"padding-left: 30px;\"><span style=\"color: #000000;\">3.-El juny de 2017 vam amortitzar anticipadament 130.177,36\u20ac m\u00e9s IVA. Amortitzaci\u00f3 sobre la inversi\u00f3 feta per l\u2019empresa corresponent al r\u00e8nting dels contenidors, la inversi\u00f3 del Punt Verd i l\u2019adquisici\u00f3 de vehicles<\/span><\/p>\n<p style=\"padding-left: 30px;\"><span style=\"color: #000000;\">4.-L\u2019octubre de 2018 aprovem la revisi\u00f3 de preus (revisi\u00f3 de preus sol\u00b7licitada el mar\u00e7 de 2017) per 33.917,49\u20ac (IVA incl\u00f2s).<\/span><\/p>\n<p style=\"padding-left: 30px;\"><span style=\"color: #000000;\">5.-El novembre de 2018, l\u2019empresa presenta un escrit manifestant la seva disconformitat amb aquesta revisi\u00f3 de preus perqu\u00e8, segons l\u2019empresa, els c\u00e0lculs aplicats no s\u00f3n correctes. L\u2019import calculat per ells \u00e9s de 77.749,19\u20ac.<\/span><\/p>\n<p style=\"padding-left: 30px;\"><span style=\"color: #000000;\">6.-L\u2019estudi de revisi\u00f3 global dels preus del contracte de recollida de brossa amb l\u2019empresa CESPA SA, realitzat per Faura-Casas auditors i consultors SL, arriba el juny de 2019 i conclou que la revisi\u00f3 de preus aprovada a finals del 2018 suposa un import pendent d\u2019abonar a la concession\u00e0ria de 33.917,49\u20ac (IVA incl\u00f2s)<\/span><\/p>\n<p><span style=\"color: #000000;\">La proposta d\u2019aprovaci\u00f3 de la Regidoria d\u2019Hisenda consistia en:<\/span><\/p>\n<p style=\"padding-left: 30px;\"><span style=\"color: #000000;\"><strong>-Desestimar en part les al\u00b7legacions presentades per CESPA<\/strong> S.A., ja que el novembre de 2018 l\u2019empresa manifestava la seva disconformitat amb el pagament dels 33.917,49\u20ac (IVA incl\u00f3s) que s\u2019havien calculat des de l\u2019Ajuntament de la Bisbal del Pened\u00e8s perqu\u00e8 defensava que l\u2019import pendent ascendia a 77.749,19\u20ac.<\/span><\/p>\n<p style=\"padding-left: 30px;\"><span style=\"color: #000000;\"><strong>-Aprovar la revisi\u00f3 de preus,<\/strong> ja que l\u2019empresa Faura-Casas Auditors i Consultors S.L. va realitzar un estudi de revisi\u00f3 global dels preus del contracte de recollida de la brossa amb l\u2019empresa concession\u00e0ria que va arribar a l\u2019Ajuntament de la Bisbal del Pened\u00e8s el juny de 2019 i que conclo\u00efa que la xifra aprovada l\u2019octubre de 2018 (33.917,49\u20ac amb IVA incl\u00f2s) era, efectivament, l\u2019import pendent d\u2019abonar a la concession\u00e0ria.<\/span><\/p>\n<p style=\"padding-left: 30px;\"><span style=\"color: #000000;\"><strong>-Aprovar l\u2019import pendent d\u2019abonar a la concession\u00e0ria,<\/strong> \u00e9s a dir, 33.917,49\u20ac (IVA incl\u00f2s).<\/span><\/p>\n<hr \/>\n<p><span style=\"color: #000000;\"><strong>CASTELLANO |<\/strong> Este lunes 23 de septiembre, a las 19h, ha tenido lugar un Pleno extraordinario en el Ayuntamiento de la Bisbal del Pened\u00e8s. Se han tratado los siguientes puntos:<\/span><\/p>\n<p><span style=\"color: #000000;\"><strong>1.-Aprobaci\u00f3n de la Cuenta General del ejercicio 2018. <\/strong><\/span><\/p>\n<p><span style=\"color: #000000;\"><strong>Se ha aprobado con los votos a favor de Comprom\u00eds amb la Bisbal (6) y PSC (2); los votos en contra de Ara la Bisbal (1) y ERC-AM (1); y la abstenci\u00f3n de Units per la Bisbal-FIC (1).<\/strong><\/span><\/p>\n<p><span style=\"color: #000000;\">Se ha aprobado la Cuenta General del ejercicio 2018 y, ahora, se proceder\u00e1 a enviar la documentaci\u00f3n correspondiente al Tribunal de Cuentas y al Ministerio de Hacienda.<\/span><\/p>\n<p><span style=\"color: #000000;\">El pasado 30 de julio se celebr\u00f3 la Comisi\u00f3n Especial de Cuentas del ejercicio 2018 del Ayuntamiento de la Bisball del Pened\u00e8s con el Dictamen favorable, con voto ponderado, por parte de todos los miembros que asistieron (Feliu Gil, 6 votos ponderados de Comprom\u00eds amb la Bisbal; Daniel Caballero, 2 votos ponderados del PSC; y Silvia Monfort, 1 voto ponderado de ERC-AM).<\/span><\/p>\n<p><span style=\"color: #000000;\">El presupuesto del a\u00f1o 2018 fue de 4.854.927,02\u20ac y a la finalizaci\u00f3n del ejercicio:<\/span><\/p>\n<p><span style=\"color: #000000;\">\u00a0\u00a0\u00a0\u00a0\u00a0\u00a0\u00a0 -Hab\u00eda un super\u00e1vit presupuestario de 222.904,00\u20ac.<\/span><\/p>\n<p><span style=\"color: #000000;\">\u00a0\u00a0\u00a0\u00a0\u00a0\u00a0\u00a0 -El coeficiente de deuda viva fue de 40,47%.<\/span><\/p>\n<p><span style=\"color: #000000;\">\u00a0\u00a0\u00a0\u00a0\u00a0\u00a0\u00a0 -El periodo medio de pago era de 19,17 d\u00edas.<\/span><\/p>\n<p><span style=\"color: #000000;\">\u00a0\u00a0\u00a0\u00a0\u00a0\u00a0\u00a0 -Se cumpl\u00eda con el objetivo de estabilidad presupuestaria.<\/span><\/p>\n<p style=\"padding-left: 30px;\"><span style=\"color: #000000;\">-No se cumpl\u00eda con la regla del gasto por causa del retraso de las obras realizadas por Fecsa-Endesa para incrementar la potencia el\u00e9ctrica en el pol\u00edgono industrial Les Planes, ya que el gasto correspondiente a las cuotas que deben abonar los propietarios no se puede restar de la regla del gasto. El pasado 4 de julio del 2019 se aprob\u00f3, en el Pleno extraordinario, un plan econ\u00f3mico financiero que especificaba que, sin tener que aplicar ninguna medida correctora, para los a\u00f1os 2019 y 2020 ya se cumplir\u00e1n los requisitos de estabilidad presupuestaria.<\/span><\/p>\n<p><span style=\"color: #000000;\">Del 9 de julio al 16 de septiembre, los concejales y concejalas han tenido acceso a toda la documentaci\u00f3n e informaci\u00f3n relativa a las cuentas del ejercicio 2018 de forma f\u00edsica. Tambi\u00e9n se pod\u00eda acceder al Portal de Transparencia para consultar documentaci\u00f3n sobre el citado ejercicio. No habi\u00e9ndose presentado alegaciones en el plazo establecido, que finalizaba el d\u00eda 16 de septiembre, se ha elevado la aprobaci\u00f3n de la Cuenta General del ejercicio 2018 al Pleno.<\/span><\/p>\n<p><span style=\"color: #000000;\"><strong>2.-Revisi\u00f3n de precios del contrato de recogida de residuos.<\/strong><\/span><\/p>\n<p><span style=\"color: #000000;\"><strong>Se ha aprobado con los votos a favor de Comprom\u00eds amb la Bisbal (6), PSC (2), Units per la Bisbal-FIC (1), Ara la Bisbal (1) y ERC-AM (1).<\/strong><\/span><\/p>\n<p><span style=\"color: #000000;\">El Pleno ha aprobado desestimar, en parte, las alegaciones presentadas por CESPA S.A., aprobar la revisi\u00f3n de precios y aprobar el importe pendiente de abonar a la concesionaria de 33.917,49\u20ac (IVA incluido).<\/span><\/p>\n<p><span style=\"color: #000000;\">Este punto se ha elevado al Pleno a propuesta de la Concejal\u00eda de Hacienda con los siguientes<\/span><\/p>\n<p><span style=\"color: #000000;\"><strong>ANTECEDENTES<\/strong><\/span><\/p>\n<p style=\"padding-left: 30px;\"><span style=\"color: #000000;\">1.-El Ayuntamiento adjudic\u00f3 a la empresa CESPA SA, en mayo de 2011, el contrato de gesti\u00f3n del servicio p\u00fablico de recogida de residuos por un importe anual de 373.829,56\u20ac m\u00e1s IVA, por un periodo de 10 a\u00f1os. Tambi\u00e9n qued\u00f3 aprobado que un a\u00f1o despu\u00e9s de la firma, se proceder\u00eda a la revisi\u00f3n de precios de acuerdo con la variaci\u00f3n anual del IPC catal\u00e1n del \u00faltimo mes publicado. De acuerdo con el art\u00edculo 77,3 de la Ley de contratos del sector p\u00fablico, la revisi\u00f3n ser\u00e1 del 85% de la variaci\u00f3n del IPC anterior.<\/span><\/p>\n<p style=\"padding-left: 30px;\"><span style=\"color: #000000;\">2.-En marzo del 2017 la empresa CESPA SA solicita revisi\u00f3n de precios del contrato, desde el 1 de febrero hasta el 31 de enero del 2018.<\/span><\/p>\n<p style=\"padding-left: 30px;\"><span style=\"color: #000000;\">3.-En junio del 2017 se amortizan anticipadamente 130.177,36\u20ac m\u00e1s IVA. Amortizaci\u00f3n hecha sobre la inversi\u00f3n hecha por la empresa correspondiente al renting de los contenedores, la inversi\u00f3n del Punt Verd y la adquisici\u00f3n de veh\u00edculos.<\/span><\/p>\n<p style=\"padding-left: 30px;\"><span style=\"color: #000000;\">4.-En octubre del 2018 aprobamos la revisi\u00f3n de precios (revisi\u00f3n de precios solicitada en marzo del 2017) por 33.917,49\u20ac (IVA incluido).<\/span><\/p>\n<p style=\"padding-left: 30px;\"><span style=\"color: #000000;\">5.-En noviembre del 2018, la empresa presenta un escrito manifestando su disconformidad con esta revisi\u00f3n de precios porqu\u00e9, seg\u00fan la empresa, los c\u00e1lculos aplicados no son correctos. El importe calculado por ellos es de 77.749,19\u20ac.<\/span><\/p>\n<p style=\"padding-left: 30px;\"><span style=\"color: #000000;\">6.-El estudio de revisi\u00f3n global de los precios del contrato de recogida de la basura con la empresa CESPA SA, realizado por Faura-Casas auditors i consultors SL, llega en junio del 2019 y concluye que la revisi\u00f3n de precios aprobada a finales del 2018 supone un importe pendiente de abonar a la concesionaria de 33.917,49\u20ac (IVA incluido).<\/span><\/p>\n<p><span style=\"color: #000000;\">La propuesta de aprobaci\u00f3n de la Concejal\u00eda de hacienda consist\u00eda en:<\/span><\/p>\n<p style=\"padding-left: 30px;\"><span style=\"color: #000000;\"><strong>-Desestimar en parte las alegaciones presentadas por CESPA<\/strong> SA, ya que en noviembre del 2018 la empresa manifestaba su disconformidad con el pago de los 33.917,49\u20ac (IVA incluido) que se hab\u00edan calculado desde el Ayuntamiento de la Bisbal del Pened\u00e8s porqu\u00e9 defend\u00eda que el importe ascend\u00eda a 77.749,19\u20ac.<\/span><\/p>\n<p style=\"padding-left: 30px;\"><span style=\"color: #000000;\"><strong>-Aprobar la revisi\u00f3n de precios,<\/strong> ya que la empresa Faura-Casas Auditors i Consultors S.L. realiz\u00f3 un estudio de revisi\u00f3n global de los precios del contrato de recogida de la basura con la empresa concesionaria que lleg\u00f3 al Ayuntamiento de la Bisbal del Pened\u00e8s en junio del 2019 y que conclu\u00eda que la cifra aprobada en octubre del 2018 (33.917,49\u20ac con IVA incluido) era, efectivamente, el importe pendiente de abonar a la concesionaria.<\/span><\/p>\n<p style=\"padding-left: 30px;\"><span style=\"color: #000000;\"><strong>-Aprobaci\u00f3n del importe pendiente de abonar a la concesionaria<\/strong>, es decir, 33.917,49\u20ac (IVA incluido).<\/span><\/p>\n","protected":false},"excerpt":{"rendered":"<p>Aquest dilluns 23 de setembre, a les 19h, ha tingut lloc un Ple extraordinari a l\u2019Ajuntament de la Bisbal del Pened\u00e8s. S\u2019hi han tractat els seg\u00fcents punts: 1.-Aprovaci\u00f3 del Compte &hellip; <a href=\"https:\/\/bisbalpenedes.com\/web\/2019\/09\/24\/resum-dels-punts-tractats-en-el-ple-extraordinari-del-dilluns-23-de-setembre-de-2019\/\" class=\"more-link\">Read More<\/a><\/p>\n","protected":false},"author":4,"featured_media":10631,"comment_status":"closed","ping_status":"closed","sticky":false,"template":"","format":"standard","meta":[],"categories":[2250],"tags":[2519,521,1131,3165,423,539],"_links":{"self":[{"href":"https:\/\/bisbalpenedes.com\/web\/wp-json\/wp\/v2\/posts\/10630"}],"collection":[{"href":"https:\/\/bisbalpenedes.com\/web\/wp-json\/wp\/v2\/posts"}],"about":[{"href":"https:\/\/bisbalpenedes.com\/web\/wp-json\/wp\/v2\/types\/post"}],"author":[{"embeddable":true,"href":"https:\/\/bisbalpenedes.com\/web\/wp-json\/wp\/v2\/users\/4"}],"replies":[{"embeddable":true,"href":"https:\/\/bisbalpenedes.com\/web\/wp-json\/wp\/v2\/comments?post=10630"}],"version-history":[{"count":3,"href":"https:\/\/bisbalpenedes.com\/web\/wp-json\/wp\/v2\/posts\/10630\/revisions"}],"predecessor-version":[{"id":10634,"href":"https:\/\/bisbalpenedes.com\/web\/wp-json\/wp\/v2\/posts\/10630\/revisions\/10634"}],"wp:featuredmedia":[{"embeddable":true,"href":"https:\/\/bisbalpenedes.com\/web\/wp-json\/wp\/v2\/media\/10631"}],"wp:attachment":[{"href":"https:\/\/bisbalpenedes.com\/web\/wp-json\/wp\/v2\/media?parent=10630"}],"wp:term":[{"taxonomy":"category","embeddable":true,"href":"https:\/\/bisbalpenedes.com\/web\/wp-json\/wp\/v2\/categories?post=10630"},{"taxonomy":"post_tag","embeddable":true,"href":"https:\/\/bisbalpenedes.com\/web\/wp-json\/wp\/v2\/tags?post=10630"}],"curies":[{"name":"wp","href":"https:\/\/api.w.org\/{rel}","templated":true}]}}