{"id":10625,"date":"2019-09-23T12:21:15","date_gmt":"2019-09-23T11:21:15","guid":{"rendered":"http:\/\/bisbalpenedes.com\/web\/?p=10625"},"modified":"2019-09-23T12:21:29","modified_gmt":"2019-09-23T11:21:29","slug":"la-regidoria-de-la-gent-gran-us-informa-que-estan-obertes-les-inscripcions-per-a-dur-a-terme-les-activitats-del-raco-de-la-gent-gran","status":"publish","type":"post","link":"https:\/\/bisbalpenedes.com\/web\/2019\/09\/23\/la-regidoria-de-la-gent-gran-us-informa-que-estan-obertes-les-inscripcions-per-a-dur-a-terme-les-activitats-del-raco-de-la-gent-gran\/","title":{"rendered":"La Regidoria de la Gent Gran us informa que estan obertes les inscripcions per dur a terme les activitats del Rac\u00f3 de la Gent Gran"},"content":{"rendered":"<p><a href=\"http:\/\/bisbalpenedes.com\/web\/wp-content\/uploads\/2019\/09\/RACO-GENT-GRAN-2019.jpg\"><img loading=\"lazy\" class=\"aligncenter size-large wp-image-10627\" src=\"http:\/\/bisbalpenedes.com\/web\/wp-content\/uploads\/2019\/09\/RACO-GENT-GRAN-2019-1024x768.jpg\" alt=\"RACO GENT GRAN 2019\" width=\"630\" height=\"473\" srcset=\"https:\/\/bisbalpenedes.com\/web\/wp-content\/uploads\/2019\/09\/RACO-GENT-GRAN-2019-1024x768.jpg 1024w, https:\/\/bisbalpenedes.com\/web\/wp-content\/uploads\/2019\/09\/RACO-GENT-GRAN-2019-600x450.jpg 600w, https:\/\/bisbalpenedes.com\/web\/wp-content\/uploads\/2019\/09\/RACO-GENT-GRAN-2019-300x225.jpg 300w, https:\/\/bisbalpenedes.com\/web\/wp-content\/uploads\/2019\/09\/RACO-GENT-GRAN-2019-768x576.jpg 768w\" sizes=\"(max-width: 630px) 100vw, 630px\" \/><\/a><\/p>\n<p><span style=\"color: #000000;\">El Rac\u00f3 de la Gent Gran \u00e9s un espai din\u00e0mic que ofereix un ampli ventall d\u2019activitats als majors de 65 anys del municipi amb l\u2019objectiu de fomentar la cultura, l\u2019oci, la salut i l\u2019aprenentatge. A partir de l\u2019octubre s\u2019inicien noves activitats.<\/span><\/p>\n<p><span style=\"color: #000000;\"><strong><u>ACTIVITATS GRATU\u00cfTES DURANT LES TARDES<\/u><\/strong><\/span><\/p>\n<p><span style=\"color: #000000;\">Durant les tardes s\u2019hi ofereixen diverses activitats gratu\u00eftes. Les inscripcions ja estan obertes i s\u2019han de fer al Rac\u00f3 de la Gent Gran, a les tardes:<\/span><\/p>\n<p><span style=\"color: #000000;\"><a style=\"color: #000000;\" href=\"http:\/\/bisbalpenedes.com\/web\/wp-content\/uploads\/2019\/09\/HORARIS-RACO-GENT-GRAN-2019-2020.jpg\"><img loading=\"lazy\" class=\"aligncenter size-large wp-image-10626\" src=\"http:\/\/bisbalpenedes.com\/web\/wp-content\/uploads\/2019\/09\/HORARIS-RACO-GENT-GRAN-2019-2020-1024x530.jpg\" alt=\"HORARIS RACO GENT GRAN 2019-2020\" width=\"630\" height=\"326\" srcset=\"https:\/\/bisbalpenedes.com\/web\/wp-content\/uploads\/2019\/09\/HORARIS-RACO-GENT-GRAN-2019-2020-1024x530.jpg 1024w, https:\/\/bisbalpenedes.com\/web\/wp-content\/uploads\/2019\/09\/HORARIS-RACO-GENT-GRAN-2019-2020-600x311.jpg 600w, https:\/\/bisbalpenedes.com\/web\/wp-content\/uploads\/2019\/09\/HORARIS-RACO-GENT-GRAN-2019-2020-300x155.jpg 300w, https:\/\/bisbalpenedes.com\/web\/wp-content\/uploads\/2019\/09\/HORARIS-RACO-GENT-GRAN-2019-2020-768x398.jpg 768w, https:\/\/bisbalpenedes.com\/web\/wp-content\/uploads\/2019\/09\/HORARIS-RACO-GENT-GRAN-2019-2020.jpg 1107w\" sizes=\"(max-width: 630px) 100vw, 630px\" \/><\/a><\/span><\/p>\n<p><span style=\"color: #000000;\"><strong><u>Taller \u201cTeixir per una bona causa\u201d:<\/u><\/strong> \u00a0Aquesta activitat estimula la motricitat fina manual, la visi\u00f3, la concentraci\u00f3 i la creativitat.<\/span><\/p>\n<p><span style=\"color: #000000;\">Cada usuari ha de portar el seu teixit i els seus estris i tots els treballs que es realitzin en el marc d\u2019aquest taller es destinaran a una ONG, a persones que viuen en resid\u00e8ncies o a altres col\u00b7lectius socials. Els usuaris i les usu\u00e0ries podran donar idees en aquest sentit.<\/span><\/p>\n<p><span style=\"text-decoration: underline;\"><span style=\"color: #000000; text-decoration: underline;\">Es tracta d\u2019una activitat intergeneracional, oberta a totes les edats. D\u2019aquesta manera es promou un intercanvi d\u2019experi\u00e8ncies enriquidor entre diversos col\u00b7lectius: la gent gran, els joves, els nens\u2026<\/span><\/span><\/p>\n<p><span style=\"color: #000000;\"><strong><u>Curs de benestar emocional:<\/u><\/strong> Aquest curs fomenta el treball de l\u2019educaci\u00f3 emocional a trav\u00e9s d\u2019exercicis i jocs en grup, que promouen les relacions personals i la cohesi\u00f3 de grup.<\/span><\/p>\n<p><span style=\"color: #000000;\">Es tracta d\u2019un taller obert i gratu\u00eft per\u00f2 cal inscriure-s\u2019hi pr\u00e8viament.<\/span><\/p>\n<p><span style=\"color: #000000;\"><strong><u>Taller de figures de fang:<\/u><\/strong> Aquesta activitat estimula la motricitat manual, afavorint el moviment de les articulacions de les mans i dels dits. A m\u00e9s a m\u00e9s, contribueix a augmentar l\u2019autoestima i a refor\u00e7ar el sentiment de superaci\u00f3 personal.<\/span><\/p>\n<p><span style=\"color: #000000;\">El taller consisteix a realitzar figures de fang com, per exemple, fruites, parts del cos, etc. a trav\u00e9s d\u2019una imatge.<\/span><\/p>\n<p><span style=\"color: #000000;\">El material per a dur a terme l\u2019activitat va a c\u00e0rrec de la Regidoria de la Gent Gran.<\/span><\/p>\n<p><span style=\"color: #000000;\"><strong><u>Curs de catal\u00e0<\/u><\/strong>: L\u2019objectiu d\u2019aquest taller \u00e9s el foment de l\u2019escriptura de la llengua catalana, posant \u00e8mfasi en l\u2019ortografia (aqu\u00ed he tret part del text). El nivell s\u2019adaptar\u00e0 en funci\u00f3 dels usuaris que participin en el curs. Aquest nou curs \u00e9s obert i gratu\u00eft i comen\u00e7a el dijous 26 de setembre.<\/span><\/p>\n<p><span style=\"color: #000000;\"><strong><u>Taller de <em>manualitats<\/em> creatives:<\/u><\/strong> Amb aquesta activitat es fomenta la creativitat i la imaginaci\u00f3 a trav\u00e9s del treball manual.<\/span><\/p>\n<p><span style=\"color: #000000;\">Els usuaris podran realitzar diversos treballs manuals en funci\u00f3 de l\u2019\u00e8poca de l\u2019any i les festivitats (Nadal, Setmana Santa, la castanyada, etc.). Es faran alguns treballs per decorar el Rac\u00f3 de la Gent Gran i d\u2019altres per dur-los a casa.<\/span><\/p>\n<p><span style=\"color: #000000;\">El material per a dur a terme l\u2019activitat va a c\u00e0rrec de la Regidoria de la Gent Gran.<\/span><\/p>\n<p><span style=\"color: #000000;\"><strong><u>Activitats lliures i xerrades<\/u><\/strong><\/span><\/p>\n<p><span style=\"color: #000000;\">Les activitats lliures es poden fer durant tota la tarda. Inclouen: bitlles catalanes, jocs de taula, hort urb\u00e0, petanca o cinema, entre altres.<\/span><\/p>\n<p><span style=\"color: #000000;\">A m\u00e9s, a la finalitzaci\u00f3 de cada trimestre es programar\u00e0 una xerrada sobre algun tema d\u2019inter\u00e8s general.<\/span><\/p>\n<p><span style=\"color: #000000;\">En aquest espai tamb\u00e9 es fomentar\u00e0 la col\u00b7laboraci\u00f3 o participaci\u00f3 d\u2019altres entitats del municipi en l\u2019organitzaci\u00f3 d\u2019activitats puntuals.<\/span><\/p>\n<p>&nbsp;<\/p>\n<p><span style=\"color: #3366ff;\"><strong><u>ACTIVITATS AMB QUOTA TRIMESTRAL QUE ES DUEN A TERME ALS MATINS<\/u><\/strong><\/span><\/p>\n<p><span style=\"color: #000000;\"><strong>GIMN\u00c0STICA <\/strong><\/span><\/p>\n<p><span style=\"color: #000000;\">Els dilluns, els dimecres i els divendres, de 10:00h a 11:15h, es fa gimn\u00e0stica per a majors de 65 anys. Per a inscriure-s\u2019hi, cal adre\u00e7ar-se a l\u2019Ajuntament de la Bisbal del Pened\u00e8s. Les classes comen\u00e7aran el 2 d\u2019octubre. Els preus s\u00f3n els seg\u00fcents:<\/span><\/p>\n<p style=\"padding-left: 30px;\"><span style=\"color: #000000;\">2 dies a la setmana: 10\u20ac mensuals \/ 30\u20ac trimestrals<\/span><\/p>\n<p style=\"padding-left: 30px;\"><span style=\"color: #000000;\">3 dies a la setmana: 15\u20ac mensuals \/ 45\u20ac trimestrals<\/span><\/p>\n<p><span style=\"color: #000000;\">*Per dur a terme les activitats, caldr\u00e0 que hi hagi grups m\u00ednims de 8 persones.<\/span><\/p>\n<p><span style=\"color: #000000;\"><strong>ESTIMULACI\u00d3 COGNITIVA (mem\u00f2ria)<\/strong><\/span><\/p>\n<p><span style=\"color: #000000;\">El taller d\u2019estimulaci\u00f3 cognitiva es dur\u00e0 a terme els dijous, de 9.30h a 11:30h i comen\u00e7ar\u00e0 el dia 3 d\u2019octubre.<\/span><\/p>\n<p><span style=\"color: #000000;\">El preu s\u00f3n 15\u20ac trimestrals.<\/span><\/p>\n<p><span style=\"color: #000000;\">El taller comen\u00e7a el dia 3 d\u2019octubre i es far\u00e0 de 9:30h a 11:30h.<\/span><\/p>\n<hr \/>\n<p><span style=\"color: #000000;\"><strong>CASTELLANO<\/strong><\/span><\/p>\n<p><span style=\"color: #000000;\">El Rac\u00f3 de la Gent Gran es un espacio din\u00e1mico que ofrece un amplio abanico de actividades para los mayores de 65 a\u00f1os del municipio con el objetivo de fomentar la cultura, el ocio, la salud y el aprendizaje. A partir del mes de octubre se inician nuevas actividades.<\/span><\/p>\n<p><span style=\"color: #000000;\"><strong><u>ACTIVIDADES GRATUITAS DURANTE LAS TARDES<\/u><\/strong><\/span><\/p>\n<p><span style=\"color: #000000;\">Durante las tardes se ofrecen diversas actividades gratuitas. Las inscripciones ya est\u00e1n abiertas y se han de hacer en el Rac\u00f3 de la Gent Gran, por las tardes:<\/span><\/p>\n<p><span style=\"color: #000000;\"><strong><u><a href=\"http:\/\/bisbalpenedes.com\/web\/wp-content\/uploads\/2019\/09\/HORARIS-RACO-GENT-GRAN-2019-2020.jpg\"><img loading=\"lazy\" class=\"aligncenter size-large wp-image-10626\" src=\"http:\/\/bisbalpenedes.com\/web\/wp-content\/uploads\/2019\/09\/HORARIS-RACO-GENT-GRAN-2019-2020-1024x530.jpg\" alt=\"HORARIS RACO GENT GRAN 2019-2020\" width=\"630\" height=\"326\" srcset=\"https:\/\/bisbalpenedes.com\/web\/wp-content\/uploads\/2019\/09\/HORARIS-RACO-GENT-GRAN-2019-2020-1024x530.jpg 1024w, https:\/\/bisbalpenedes.com\/web\/wp-content\/uploads\/2019\/09\/HORARIS-RACO-GENT-GRAN-2019-2020-600x311.jpg 600w, https:\/\/bisbalpenedes.com\/web\/wp-content\/uploads\/2019\/09\/HORARIS-RACO-GENT-GRAN-2019-2020-300x155.jpg 300w, https:\/\/bisbalpenedes.com\/web\/wp-content\/uploads\/2019\/09\/HORARIS-RACO-GENT-GRAN-2019-2020-768x398.jpg 768w, https:\/\/bisbalpenedes.com\/web\/wp-content\/uploads\/2019\/09\/HORARIS-RACO-GENT-GRAN-2019-2020.jpg 1107w\" sizes=\"(max-width: 630px) 100vw, 630px\" \/><\/a><\/u><\/strong><\/span><\/p>\n<p><span style=\"color: #000000;\"><strong><u>Taller \u201cTejer por una buena causa\u201d:<\/u><\/strong> Esta actividad estimula la motricidad fina manual, la visi\u00f3n, la concentraci\u00f3n y la creatividad.<\/span><\/p>\n<p><span style=\"color: #000000;\">Cada usuario tiene que llevar su tejido y sus herramientas y todos los trabajos que se realicen en el marco de este taller se destinar\u00e1n a una ONG, a personas que viven en residencias o a otros colectivos sociales. Los usuarios y las usuarias podr\u00e1n dar ideas en este sentido.<\/span><\/p>\n<p><span style=\"text-decoration: underline;\"><span style=\"color: #000000; text-decoration: underline;\">Se trata de una actividad intergeneracional, abierta a todas las edades. De esta manera se promueve un intercambio de experiencias enriquecedor entre varios colectivos: la gente mayor, los j\u00f3venes, los ni\u00f1os\u2026<\/span><\/span><\/p>\n<p><span style=\"color: #000000;\"><strong><u>Curso de bienestar emocional:<\/u><\/strong> Este curso fomenta el trabajo de la educaci\u00f3n emocional a trav\u00e9s de ejercicios y juegos en grupo, que promueven las relaciones personales y la cohesi\u00f3n de grupo.<\/span><\/p>\n<p><span style=\"color: #000000;\">Se trata de un taller abierto y gratuito pero hay que inscribirse previamente.<\/span><\/p>\n<p><span style=\"color: #000000;\"><strong><u>Taller de figuras de barro:<\/u><\/strong> Esta actividad estimula la motricidad manual, favoreciendo el movimiento de las articulaciones de las manos y de los dedos. Adem\u00e1s, contribuye a aumentar la autoestima y a reforzar el sentimiento de superaci\u00f3n personal.<\/span><\/p>\n<p><span style=\"color: #000000;\">El taller consiste en realizar figuras de barro como, por ejemplo, frutas, partes del cuerpo, etc. a trav\u00e9s de una imagen.<\/span><\/p>\n<p><span style=\"color: #000000;\">El material para llevar a cabo la actividad va a cargo de la Concejal\u00eda de la Gente Mayor.<\/span><\/p>\n<p><span style=\"color: #000000;\"><strong><u>Curso de catal\u00e1n:<\/u><\/strong> El objetivo de este taller es el fomento de la escritura de la lengua catalana, poniendo \u00e9nfasis en la ortograf\u00eda. El nivel se adaptar\u00e1 en funci\u00f3n de los usuarios que participen en el curso. Este nuevo curso es abierto y gratuito y empieza el jueves 26 de septiembre.<\/span><\/p>\n<p><span style=\"color: #000000;\"><strong><u>Taller de manualidades creativas:<\/u><\/strong> Con esta actividad se fomenta la creatividad y la imaginaci\u00f3n a trav\u00e9s del trabajo manual.<\/span><\/p>\n<p><span style=\"color: #000000;\">Los usuarios podr\u00e1n realizar varios trabajos manuales en funci\u00f3n de la \u00e9poca del a\u00f1o y de las festividades (Navidad, Semana Santa, la casta\u00f1ada, etc.). Se har\u00e1n algunos trabajos para decorar el Rac\u00f3 de la Gent Gran y otros para que cada uno se los lleve a su casa.<\/span><\/p>\n<p><span style=\"color: #000000;\">El material para llevar a cabo la actividad va a cargo de la Concejal\u00eda de la Gente Mayor.<\/span><\/p>\n<p><span style=\"color: #000000;\"><strong><u>Actividades libres y charlas<\/u><\/strong><\/span><\/p>\n<p><span style=\"color: #000000;\">Las actividades libres se pueden hacer durante toda la tarde. Incluyen: <em>bitlles catalanes<\/em>, juegos de mesa, huerto urbano, petanca o cine, entre otras.<\/span><\/p>\n<p><span style=\"color: #000000;\">Adem\u00e1s, al finalizar cada trimestre se programar\u00e1 una charla sobre alg\u00fan tema de inter\u00e9s general.<\/span><\/p>\n<p><span style=\"color: #000000;\">En este espacio tambi\u00e9n se fomentar\u00e1 la colaboraci\u00f3n o participaci\u00f3n de otras entidades del municipio en la organizaci\u00f3n de actividades puntuales.<\/span><\/p>\n<p>&nbsp;<\/p>\n<p><span style=\"color: #3366ff;\"><strong><u>ACTIVIDADES CON CUOTA TRIMESTRAL QUE SE LLEVAN A CABO POR LAS MA\u00d1ANAS<\/u><\/strong><\/span><\/p>\n<p><span style=\"color: #000000;\"><strong>GIMNASIA<\/strong><\/span><\/p>\n<p><span style=\"color: #000000;\">Los lunes, los mi\u00e9rcoles y los viernes, de 10:00h a 11:15h, se hace gimnasia para mayores de 65 a\u00f1os. Para inscribirse hay que dirigirse al Ayuntamiento de la Bisbal del Pened\u00e8s. Las clases empezar\u00e1n el 2 de octubre. Los precios son los siguientes:<\/span><\/p>\n<p style=\"padding-left: 30px;\"><span style=\"color: #000000;\">2 d\u00edas a la semana: 10\u20ac mensuales \/ 30\u20ac trimestrales<\/span><\/p>\n<p style=\"padding-left: 30px;\"><span style=\"color: #000000;\">3 d\u00edas a la semana: 15\u20ac mensuales \/ 45\u20ac trimestrales<\/span><\/p>\n<p><span style=\"color: #000000;\">*Para llevar a cabo las actividades, es necesario que haya grupos m\u00ednimos de 8 personas.<\/span><\/p>\n<p><span style=\"color: #000000;\"><strong>ESTIMULACI\u00d3N COGNITIVA (memoria)<\/strong><\/span><\/p>\n<p><span style=\"color: #000000;\">El taller de estimulaci\u00f3n cognitiva se llevar\u00e1 a cabo los jueves, de 9:30h a 11:30h y empezar\u00e1 el d\u00eda 3 de octubre.<\/span><\/p>\n<p><span style=\"color: #000000;\">El precio son 15\u20ac trimestrales.<\/span><\/p>\n<p><span style=\"color: #000000;\">El taller empieza el d\u00eda 3 de octubre y se har\u00e1 de 9:30h a 11:30h.<\/span><\/p>\n<p>&nbsp;<\/p>\n<p>&nbsp;<\/p>\n<p>&nbsp;<\/p>\n","protected":false},"excerpt":{"rendered":"<p>El Rac\u00f3 de la Gent Gran \u00e9s un espai din\u00e0mic que ofereix un ampli ventall d\u2019activitats als majors de 65 anys del municipi amb l\u2019objectiu de fomentar la cultura, l\u2019oci, &hellip; <a href=\"https:\/\/bisbalpenedes.com\/web\/2019\/09\/23\/la-regidoria-de-la-gent-gran-us-informa-que-estan-obertes-les-inscripcions-per-a-dur-a-terme-les-activitats-del-raco-de-la-gent-gran\/\" class=\"more-link\">Read More<\/a><\/p>\n","protected":false},"author":4,"featured_media":10627,"comment_status":"closed","ping_status":"closed","sticky":false,"template":"","format":"standard","meta":[],"categories":[3088],"tags":[230,305,83,1583,2115,3232,508],"_links":{"self":[{"href":"https:\/\/bisbalpenedes.com\/web\/wp-json\/wp\/v2\/posts\/10625"}],"collection":[{"href":"https:\/\/bisbalpenedes.com\/web\/wp-json\/wp\/v2\/posts"}],"about":[{"href":"https:\/\/bisbalpenedes.com\/web\/wp-json\/wp\/v2\/types\/post"}],"author":[{"embeddable":true,"href":"https:\/\/bisbalpenedes.com\/web\/wp-json\/wp\/v2\/users\/4"}],"replies":[{"embeddable":true,"href":"https:\/\/bisbalpenedes.com\/web\/wp-json\/wp\/v2\/comments?post=10625"}],"version-history":[{"count":2,"href":"https:\/\/bisbalpenedes.com\/web\/wp-json\/wp\/v2\/posts\/10625\/revisions"}],"predecessor-version":[{"id":10629,"href":"https:\/\/bisbalpenedes.com\/web\/wp-json\/wp\/v2\/posts\/10625\/revisions\/10629"}],"wp:featuredmedia":[{"embeddable":true,"href":"https:\/\/bisbalpenedes.com\/web\/wp-json\/wp\/v2\/media\/10627"}],"wp:attachment":[{"href":"https:\/\/bisbalpenedes.com\/web\/wp-json\/wp\/v2\/media?parent=10625"}],"wp:term":[{"taxonomy":"category","embeddable":true,"href":"https:\/\/bisbalpenedes.com\/web\/wp-json\/wp\/v2\/categories?post=10625"},{"taxonomy":"post_tag","embeddable":true,"href":"https:\/\/bisbalpenedes.com\/web\/wp-json\/wp\/v2\/tags?post=10625"}],"curies":[{"name":"wp","href":"https:\/\/api.w.org\/{rel}","templated":true}]}}