{"id":10614,"date":"2019-09-20T19:57:22","date_gmt":"2019-09-20T18:57:22","guid":{"rendered":"http:\/\/bisbalpenedes.com\/web\/?p=10614"},"modified":"2019-09-20T19:57:22","modified_gmt":"2019-09-20T18:57:22","slug":"el-dissabte-28-de-setembre-a-les-18h-tindra-lloc-el-contacontes-de-la-biblioteca-publica","status":"publish","type":"post","link":"https:\/\/bisbalpenedes.com\/web\/2019\/09\/20\/el-dissabte-28-de-setembre-a-les-18h-tindra-lloc-el-contacontes-de-la-biblioteca-publica\/","title":{"rendered":"El dissabte 28 de setembre a les 18h tindr\u00e0 lloc el contacontes de la Biblioteca p\u00fablica"},"content":{"rendered":"<p><span style=\"color: #000000;\">El dissabte 28 de setembre,\u00a0 a les 18h, tindr\u00e0 lloc el contacontes de la Biblioteca p\u00fablica. En acabar hi haur\u00e0 berenar sense gluten per als assistents.<\/span><\/p>\n<hr \/>\n<p><span style=\"color: #000000;\">El s\u00e1bado 28 de septiembre, a las 18h, tendr\u00e1 lugar el cuentacuentos de la Biblioteca p\u00fablica. Al finalizar habr\u00e1 merienda sin gluten para los asistentes.<\/span><\/p>\n<p><a href=\"http:\/\/bisbalpenedes.com\/web\/wp-content\/uploads\/2019\/09\/ContaContes.jpg\"><img loading=\"lazy\" class=\"aligncenter size-large wp-image-10615\" src=\"http:\/\/bisbalpenedes.com\/web\/wp-content\/uploads\/2019\/09\/ContaContes-724x1024.jpg\" alt=\"ContaContes setembre 2019\" width=\"630\" height=\"891\" srcset=\"https:\/\/bisbalpenedes.com\/web\/wp-content\/uploads\/2019\/09\/ContaContes-724x1024.jpg 724w, https:\/\/bisbalpenedes.com\/web\/wp-content\/uploads\/2019\/09\/ContaContes-600x849.jpg 600w, https:\/\/bisbalpenedes.com\/web\/wp-content\/uploads\/2019\/09\/ContaContes-212x300.jpg 212w, https:\/\/bisbalpenedes.com\/web\/wp-content\/uploads\/2019\/09\/ContaContes-768x1086.jpg 768w, https:\/\/bisbalpenedes.com\/web\/wp-content\/uploads\/2019\/09\/ContaContes.jpg 1588w\" sizes=\"(max-width: 630px) 100vw, 630px\" \/><\/a><\/p>\n","protected":false},"excerpt":{"rendered":"<p>El dissabte 28 de setembre,\u00a0 a les 18h, tindr\u00e0 lloc el contacontes de la Biblioteca p\u00fablica. En acabar hi haur\u00e0 berenar sense gluten per als assistents. El s\u00e1bado 28 de &hellip; <a href=\"https:\/\/bisbalpenedes.com\/web\/2019\/09\/20\/el-dissabte-28-de-setembre-a-les-18h-tindra-lloc-el-contacontes-de-la-biblioteca-publica\/\" class=\"more-link\">Read More<\/a><\/p>\n","protected":false},"author":4,"featured_media":10615,"comment_status":"closed","ping_status":"closed","sticky":false,"template":"","format":"standard","meta":[],"categories":[2478,13],"tags":[180,226,421],"_links":{"self":[{"href":"https:\/\/bisbalpenedes.com\/web\/wp-json\/wp\/v2\/posts\/10614"}],"collection":[{"href":"https:\/\/bisbalpenedes.com\/web\/wp-json\/wp\/v2\/posts"}],"about":[{"href":"https:\/\/bisbalpenedes.com\/web\/wp-json\/wp\/v2\/types\/post"}],"author":[{"embeddable":true,"href":"https:\/\/bisbalpenedes.com\/web\/wp-json\/wp\/v2\/users\/4"}],"replies":[{"embeddable":true,"href":"https:\/\/bisbalpenedes.com\/web\/wp-json\/wp\/v2\/comments?post=10614"}],"version-history":[{"count":1,"href":"https:\/\/bisbalpenedes.com\/web\/wp-json\/wp\/v2\/posts\/10614\/revisions"}],"predecessor-version":[{"id":10616,"href":"https:\/\/bisbalpenedes.com\/web\/wp-json\/wp\/v2\/posts\/10614\/revisions\/10616"}],"wp:featuredmedia":[{"embeddable":true,"href":"https:\/\/bisbalpenedes.com\/web\/wp-json\/wp\/v2\/media\/10615"}],"wp:attachment":[{"href":"https:\/\/bisbalpenedes.com\/web\/wp-json\/wp\/v2\/media?parent=10614"}],"wp:term":[{"taxonomy":"category","embeddable":true,"href":"https:\/\/bisbalpenedes.com\/web\/wp-json\/wp\/v2\/categories?post=10614"},{"taxonomy":"post_tag","embeddable":true,"href":"https:\/\/bisbalpenedes.com\/web\/wp-json\/wp\/v2\/tags?post=10614"}],"curies":[{"name":"wp","href":"https:\/\/api.w.org\/{rel}","templated":true}]}}