{"id":10606,"date":"2019-09-19T16:55:10","date_gmt":"2019-09-19T15:55:10","guid":{"rendered":"http:\/\/bisbalpenedes.com\/web\/?p=10606"},"modified":"2019-09-19T16:55:10","modified_gmt":"2019-09-19T15:55:10","slug":"sha-convocat-un-ple-extraordinari-per-al-dilluns-23-de-setembre-a-les-19h","status":"publish","type":"post","link":"https:\/\/bisbalpenedes.com\/web\/2019\/09\/19\/sha-convocat-un-ple-extraordinari-per-al-dilluns-23-de-setembre-a-les-19h\/","title":{"rendered":"S&#8217;ha convocat un Ple extraordinari per al dilluns 23 de setembre a les 19h"},"content":{"rendered":"<p><span style=\"color: #000000;\">El proper dilluns 23 de setembre, a les 19h, tindr\u00e0 lloc un Ple extraordinari a l&#8217;Ajuntament de la Bisbal del Pened\u00e8s amb el seg\u00fcent<\/span><\/p>\n<p><span style=\"color: #000000;\">ORDRE DEL DIA<\/span><\/p>\n<p><span style=\"color: #000000;\">1.-Aprovaci\u00f3 del Compte General de l&#8217;exercici 2018.<\/span><\/p>\n<p><span style=\"color: #000000;\">2.-Revisi\u00f3 de preus del contracte de la recollida de residus.<\/span><\/p>\n<hr \/>\n<p><span style=\"color: #000000;\"><strong>CASTELLANO |<\/strong> El pr\u00f3ximo lunes 23 de septiembre, a las 19h, tendr\u00e1 lugar un Pleno extraordinario en el Ayuntamiento de la Bisbal del Pened\u00e8s con el siguiente<\/span><\/p>\n<p><span style=\"color: #000000;\">ORDEN DEL D\u00cdA<\/span><\/p>\n<p><span style=\"color: #000000;\">1.-Aprobaci\u00f3n de la Cuenta General del ejercicio 2018.<\/span><\/p>\n<p><span style=\"color: #000000;\">3.-Revisi\u00f3n de precios del contrato de recogida de residuos.<\/span><\/p>\n","protected":false},"excerpt":{"rendered":"<p>El proper dilluns 23 de setembre, a les 19h, tindr\u00e0 lloc un Ple extraordinari a l&#8217;Ajuntament de la Bisbal del Pened\u00e8s amb el seg\u00fcent ORDRE DEL DIA 1.-Aprovaci\u00f3 del Compte &hellip; <a href=\"https:\/\/bisbalpenedes.com\/web\/2019\/09\/19\/sha-convocat-un-ple-extraordinari-per-al-dilluns-23-de-setembre-a-les-19h\/\" class=\"more-link\">Read More<\/a><\/p>\n","protected":false},"author":4,"featured_media":8717,"comment_status":"closed","ping_status":"closed","sticky":false,"template":"","format":"standard","meta":[],"categories":[2250],"tags":[3230,3165,242,423,3231],"_links":{"self":[{"href":"https:\/\/bisbalpenedes.com\/web\/wp-json\/wp\/v2\/posts\/10606"}],"collection":[{"href":"https:\/\/bisbalpenedes.com\/web\/wp-json\/wp\/v2\/posts"}],"about":[{"href":"https:\/\/bisbalpenedes.com\/web\/wp-json\/wp\/v2\/types\/post"}],"author":[{"embeddable":true,"href":"https:\/\/bisbalpenedes.com\/web\/wp-json\/wp\/v2\/users\/4"}],"replies":[{"embeddable":true,"href":"https:\/\/bisbalpenedes.com\/web\/wp-json\/wp\/v2\/comments?post=10606"}],"version-history":[{"count":1,"href":"https:\/\/bisbalpenedes.com\/web\/wp-json\/wp\/v2\/posts\/10606\/revisions"}],"predecessor-version":[{"id":10607,"href":"https:\/\/bisbalpenedes.com\/web\/wp-json\/wp\/v2\/posts\/10606\/revisions\/10607"}],"wp:featuredmedia":[{"embeddable":true,"href":"https:\/\/bisbalpenedes.com\/web\/wp-json\/wp\/v2\/media\/8717"}],"wp:attachment":[{"href":"https:\/\/bisbalpenedes.com\/web\/wp-json\/wp\/v2\/media?parent=10606"}],"wp:term":[{"taxonomy":"category","embeddable":true,"href":"https:\/\/bisbalpenedes.com\/web\/wp-json\/wp\/v2\/categories?post=10606"},{"taxonomy":"post_tag","embeddable":true,"href":"https:\/\/bisbalpenedes.com\/web\/wp-json\/wp\/v2\/tags?post=10606"}],"curies":[{"name":"wp","href":"https:\/\/api.w.org\/{rel}","templated":true}]}}