{"id":10603,"date":"2019-09-19T16:51:14","date_gmt":"2019-09-19T15:51:14","guid":{"rendered":"http:\/\/bisbalpenedes.com\/web\/?p=10603"},"modified":"2019-09-19T16:51:14","modified_gmt":"2019-09-19T15:51:14","slug":"lajuntament-de-la-bisbal-del-penedes-assisteix-a-una-reunio-informativa-sobre-la-nova-convocatoria-del-puosc","status":"publish","type":"post","link":"https:\/\/bisbalpenedes.com\/web\/2019\/09\/19\/lajuntament-de-la-bisbal-del-penedes-assisteix-a-una-reunio-informativa-sobre-la-nova-convocatoria-del-puosc\/","title":{"rendered":"L\u2019Ajuntament de la Bisbal del Pened\u00e8s assisteix a una reuni\u00f3 informativa sobre la nova convocat\u00f2ria del PUOSC"},"content":{"rendered":"<p>&nbsp;<\/p>\n<p style=\"text-align: justify;\"><a href=\"http:\/\/bisbalpenedes.com\/web\/wp-content\/uploads\/2019\/09\/FOTO-PUOSC-BQ-1.jpg\"><img loading=\"lazy\" class=\"aligncenter size-medium wp-image-10604\" src=\"http:\/\/bisbalpenedes.com\/web\/wp-content\/uploads\/2019\/09\/FOTO-PUOSC-BQ-1-300x225.jpg\" alt=\"FOTO PUOSC BQ 1\" width=\"300\" height=\"225\" srcset=\"https:\/\/bisbalpenedes.com\/web\/wp-content\/uploads\/2019\/09\/FOTO-PUOSC-BQ-1-300x225.jpg 300w, https:\/\/bisbalpenedes.com\/web\/wp-content\/uploads\/2019\/09\/FOTO-PUOSC-BQ-1-600x450.jpg 600w, https:\/\/bisbalpenedes.com\/web\/wp-content\/uploads\/2019\/09\/FOTO-PUOSC-BQ-1-768x576.jpg 768w, https:\/\/bisbalpenedes.com\/web\/wp-content\/uploads\/2019\/09\/FOTO-PUOSC-BQ-1-1024x768.jpg 1024w, https:\/\/bisbalpenedes.com\/web\/wp-content\/uploads\/2019\/09\/FOTO-PUOSC-BQ-1.jpg 1599w\" sizes=\"(max-width: 300px) 100vw, 300px\" \/><\/a><\/p>\n<p style=\"text-align: justify;\"><span style=\"color: #000000;\">La secret\u00e0ria, la tresorera municipal i l\u2019alcaldessa de la Bisbal del Pened\u00e8s han assistit, aquest dimecres, a la reuni\u00f3 informativa convocada pel Secretari d\u2019Administracions Locals i de Relacions amb l\u2019Aran, Miquel \u00c0ngel Escobar. L\u2019objectiu de la xerrada era apropar el Pla \u00danic d\u2019Obres i Serveis de Catalunya (PUOSC) als assistents, ja que al novembre finalitza el termini per presentar sol\u00b7licituds per a demanar aquests ajuts per a inversi\u00f3.<\/span><\/p>\n<p style=\"text-align: justify;\"><span style=\"color: #000000;\">Durant la xerrada, que ha comptat amb la pres\u00e8ncia de la Consellera de Presid\u00e8ncia, Meritxell Bud\u00f3, s\u2019han desgranat els detalls sobre aquests ajuts i les seves bases als ajuntaments assistents.<\/span><\/p>\n<p style=\"text-align: justify;\"><span style=\"color: #000000;\">L\u2019alcaldessa de la Bisbal del Pened\u00e8s, Agn\u00e8s Ferr\u00e9, ha explicat que \u201cenguany el Govern de la Generalitat de Catalunya ha recuperat aquest Pla i hem cregut oport\u00fa assistir a la convocat\u00f2ria d\u2019avui perqu\u00e8 aquests ajuts per a inversi\u00f3, que es concediran per al quadrienni 2020\/2024, poden ser molt beneficiosos per a la Bisbal\u201d.<\/span><\/p>\n<hr \/>\n<p style=\"text-align: justify;\"><span style=\"color: #000000;\"><strong>CASTELLANO |\u00a0<\/strong>La secretaria, la tesorera municipal y la alcaldesa de la Bisbal del Pened\u00e8s han asistido, este mi\u00e9rcoles, a la reuni\u00f3n informativa convocada por el Secretario de Administraciones Locales y de Relaciones con Aran, Miquel \u00c0ngel Escobar. El objetivo de la charla era acercar el Plan \u00danico de Obras y Servicios de Catalunya (PUOSC) a los asistentes, ya que en noviembre finaliza el plazo para presentar solicitudes para pedir estas ayudas para inversi\u00f3n.<\/span><\/p>\n<p style=\"text-align: justify;\"><span style=\"color: #000000;\">Durante la charla, que ha contado con la presencia de la Consellera de Presidencia, Meritxell Bud\u00f3, se han desgranado los detalles sobre estas ayudas y sus bases a los ayuntamientos asistentes.<\/span><\/p>\n<p style=\"text-align: justify;\"><span style=\"color: #000000;\">La alcaldesa de la Bisbal del Pened\u00e8s, Agn\u00e8s Ferr\u00e9, ha explicado que \u201ceste a\u00f1o el Govern de la Generalitat de Catalunya ha recuperado este Plan y hemos cre\u00eddo oportuno asistir a la convocatoria de hoy porqu\u00e9 estas ayudas para la inversi\u00f3n, que se conceder\u00e1n para el cuadrienio 2020\/2024, pueden ser muy beneficiosas para la Bisbal\u201d.<\/span><\/p>\n","protected":false},"excerpt":{"rendered":"<p>&nbsp; La secret\u00e0ria, la tresorera municipal i l\u2019alcaldessa de la Bisbal del Pened\u00e8s han assistit, aquest dimecres, a la reuni\u00f3 informativa convocada pel Secretari d\u2019Administracions Locals i de Relacions amb &hellip; <a href=\"https:\/\/bisbalpenedes.com\/web\/2019\/09\/19\/lajuntament-de-la-bisbal-del-penedes-assisteix-a-una-reunio-informativa-sobre-la-nova-convocatoria-del-puosc\/\" class=\"more-link\">Read More<\/a><\/p>\n","protected":false},"author":4,"featured_media":10604,"comment_status":"closed","ping_status":"closed","sticky":false,"template":"","format":"standard","meta":[],"categories":[8],"tags":[],"_links":{"self":[{"href":"https:\/\/bisbalpenedes.com\/web\/wp-json\/wp\/v2\/posts\/10603"}],"collection":[{"href":"https:\/\/bisbalpenedes.com\/web\/wp-json\/wp\/v2\/posts"}],"about":[{"href":"https:\/\/bisbalpenedes.com\/web\/wp-json\/wp\/v2\/types\/post"}],"author":[{"embeddable":true,"href":"https:\/\/bisbalpenedes.com\/web\/wp-json\/wp\/v2\/users\/4"}],"replies":[{"embeddable":true,"href":"https:\/\/bisbalpenedes.com\/web\/wp-json\/wp\/v2\/comments?post=10603"}],"version-history":[{"count":1,"href":"https:\/\/bisbalpenedes.com\/web\/wp-json\/wp\/v2\/posts\/10603\/revisions"}],"predecessor-version":[{"id":10605,"href":"https:\/\/bisbalpenedes.com\/web\/wp-json\/wp\/v2\/posts\/10603\/revisions\/10605"}],"wp:featuredmedia":[{"embeddable":true,"href":"https:\/\/bisbalpenedes.com\/web\/wp-json\/wp\/v2\/media\/10604"}],"wp:attachment":[{"href":"https:\/\/bisbalpenedes.com\/web\/wp-json\/wp\/v2\/media?parent=10603"}],"wp:term":[{"taxonomy":"category","embeddable":true,"href":"https:\/\/bisbalpenedes.com\/web\/wp-json\/wp\/v2\/categories?post=10603"},{"taxonomy":"post_tag","embeddable":true,"href":"https:\/\/bisbalpenedes.com\/web\/wp-json\/wp\/v2\/tags?post=10603"}],"curies":[{"name":"wp","href":"https:\/\/api.w.org\/{rel}","templated":true}]}}