{"id":1060,"date":"2014-10-28T19:30:08","date_gmt":"2014-10-28T13:30:08","guid":{"rendered":"http:\/\/bisbalpenedes.com\/web\/?p=1060"},"modified":"2014-10-28T19:31:01","modified_gmt":"2014-10-28T13:31:01","slug":"alquitranat-2014","status":"publish","type":"post","link":"https:\/\/bisbalpenedes.com\/web\/2014\/10\/28\/alquitranat-2014\/","title":{"rendered":"Asfaltat novembre 2014"},"content":{"rendered":"<p>a partir del 3 de novembre s\u2019inicien les obres d\u2019asfaltat d\u2019alguns carrers del nucli de la bisbal, les obres comen\u00e7aran al barri de la riba i a mida que es desenvolupin s\u2019aniran tancant els carrers al tr\u00e0nsit, i no es podr\u00e0 estacionar els vehicles a la via p\u00fablica cada carrer es tallar\u00e0 aproximadament 2 dies pels treballs de preparaci\u00f3 i 1 dia per l\u2019asfaltat s\u2019avisar\u00e0 als ve\u00efns 48 hores abans de cada treball, perqu\u00e8 ho tingueu en compte a l\u2019hora d\u2019utilitzar el seu garatge us agra\u00efm la vostra col.laboraci\u00f3 per qualsevol informaci\u00f3 o aclariment us podeu ficar en contacte amb l\u2019ajuntament de la bisbal del pened\u00e8s tel. 977688438<\/p>\n<p>&nbsp;<\/p>\n<p><a href=\"http:\/\/bisbalpenedes.com\/web\/wp-content\/uploads\/2014\/10\/quitra.jpg\"><img loading=\"lazy\" class=\"aligncenter size-large wp-image-1061\" title=\"quitra\" src=\"http:\/\/bisbalpenedes.com\/web\/wp-content\/uploads\/2014\/10\/quitra-1024x723.jpg\" alt=\"\" width=\"630\" height=\"444\" srcset=\"https:\/\/bisbalpenedes.com\/web\/wp-content\/uploads\/2014\/10\/quitra-1024x723.jpg 1024w, https:\/\/bisbalpenedes.com\/web\/wp-content\/uploads\/2014\/10\/quitra-600x424.jpg 600w, https:\/\/bisbalpenedes.com\/web\/wp-content\/uploads\/2014\/10\/quitra-300x212.jpg 300w, https:\/\/bisbalpenedes.com\/web\/wp-content\/uploads\/2014\/10\/quitra.jpg 1654w\" sizes=\"(max-width: 630px) 100vw, 630px\" \/><\/a><\/p>\n","protected":false},"excerpt":{"rendered":"<p>a partir del 3 de novembre s\u2019inicien les obres d\u2019asfaltat d\u2019alguns carrers del nucli de la bisbal, les obres comen\u00e7aran al barri de la riba i a mida que es &hellip; <a href=\"https:\/\/bisbalpenedes.com\/web\/2014\/10\/28\/alquitranat-2014\/\" class=\"more-link\">Read More<\/a><\/p>\n","protected":false},"author":1,"featured_media":1061,"comment_status":"closed","ping_status":"open","sticky":false,"template":"","format":"standard","meta":[],"categories":[15],"tags":[21,124],"_links":{"self":[{"href":"https:\/\/bisbalpenedes.com\/web\/wp-json\/wp\/v2\/posts\/1060"}],"collection":[{"href":"https:\/\/bisbalpenedes.com\/web\/wp-json\/wp\/v2\/posts"}],"about":[{"href":"https:\/\/bisbalpenedes.com\/web\/wp-json\/wp\/v2\/types\/post"}],"author":[{"embeddable":true,"href":"https:\/\/bisbalpenedes.com\/web\/wp-json\/wp\/v2\/users\/1"}],"replies":[{"embeddable":true,"href":"https:\/\/bisbalpenedes.com\/web\/wp-json\/wp\/v2\/comments?post=1060"}],"version-history":[{"count":3,"href":"https:\/\/bisbalpenedes.com\/web\/wp-json\/wp\/v2\/posts\/1060\/revisions"}],"predecessor-version":[{"id":1064,"href":"https:\/\/bisbalpenedes.com\/web\/wp-json\/wp\/v2\/posts\/1060\/revisions\/1064"}],"wp:featuredmedia":[{"embeddable":true,"href":"https:\/\/bisbalpenedes.com\/web\/wp-json\/wp\/v2\/media\/1061"}],"wp:attachment":[{"href":"https:\/\/bisbalpenedes.com\/web\/wp-json\/wp\/v2\/media?parent=1060"}],"wp:term":[{"taxonomy":"category","embeddable":true,"href":"https:\/\/bisbalpenedes.com\/web\/wp-json\/wp\/v2\/categories?post=1060"},{"taxonomy":"post_tag","embeddable":true,"href":"https:\/\/bisbalpenedes.com\/web\/wp-json\/wp\/v2\/tags?post=1060"}],"curies":[{"name":"wp","href":"https:\/\/api.w.org\/{rel}","templated":true}]}}