{"id":10598,"date":"2019-09-19T12:26:41","date_gmt":"2019-09-19T11:26:41","guid":{"rendered":"http:\/\/bisbalpenedes.com\/web\/?p=10598"},"modified":"2019-09-19T13:11:48","modified_gmt":"2019-09-19T12:11:48","slug":"lajuntament-de-la-bisbal-ha-participat-en-una-reunio-informativa-sobre-la-futura-llei-de-contractes-de-serveis-a-les-persones","status":"publish","type":"post","link":"https:\/\/bisbalpenedes.com\/web\/2019\/09\/19\/lajuntament-de-la-bisbal-ha-participat-en-una-reunio-informativa-sobre-la-futura-llei-de-contractes-de-serveis-a-les-persones\/","title":{"rendered":"L&#8217;Ajuntament de la Bisbal ha assistit a la reuni\u00f3 informativa sobre la futura Llei de Contractes de serveis a les persones"},"content":{"rendered":"<p style=\"text-align: justify;\"><a href=\"http:\/\/bisbalpenedes.com\/web\/wp-content\/uploads\/2019\/09\/LLEI-CONTRACTES-PERSONES-BQ.jpg\"><img loading=\"lazy\" class=\"aligncenter size-large wp-image-10599\" src=\"http:\/\/bisbalpenedes.com\/web\/wp-content\/uploads\/2019\/09\/LLEI-CONTRACTES-PERSONES-BQ-1024x768.jpg\" alt=\"LLEI CONTRACTES PERSONES - BQ\" width=\"630\" height=\"473\" srcset=\"https:\/\/bisbalpenedes.com\/web\/wp-content\/uploads\/2019\/09\/LLEI-CONTRACTES-PERSONES-BQ-1024x768.jpg 1024w, https:\/\/bisbalpenedes.com\/web\/wp-content\/uploads\/2019\/09\/LLEI-CONTRACTES-PERSONES-BQ-600x450.jpg 600w, https:\/\/bisbalpenedes.com\/web\/wp-content\/uploads\/2019\/09\/LLEI-CONTRACTES-PERSONES-BQ-300x225.jpg 300w, https:\/\/bisbalpenedes.com\/web\/wp-content\/uploads\/2019\/09\/LLEI-CONTRACTES-PERSONES-BQ-768x576.jpg 768w, https:\/\/bisbalpenedes.com\/web\/wp-content\/uploads\/2019\/09\/LLEI-CONTRACTES-PERSONES-BQ.jpg 1600w\" sizes=\"(max-width: 630px) 100vw, 630px\" \/><\/a><\/p>\n<p style=\"text-align: justify;\"><span style=\"color: #000000;\">Aquest dimarts 17 de setembre, l\u2019alcaldessa Agn\u00e8s Ferr\u00e9 i la primera tinenta d\u2019alcaldia, Judith Vidal, juntament amb una funcion\u00e0ria de l\u2019Ajuntament de la Bisbal del Pened\u00e8s, han assistit a una xerrada que ha tingut lloc a Vilafranca del Pened\u00e8s i que ha versat sobre la Llei de Contractes de Serveis a les Persones que actualment s\u2019est\u00e0 tramitant al Parlament de Catalunya.<\/span><\/p>\n<p style=\"text-align: justify;\"><span style=\"color: #000000;\">L\u2019Ajuntament bisbalenc ha estat convidat pel Delegat Territorial del Govern al Pened\u00e8s, Pere Regull, amb l\u2019objectiu de facilitar informaci\u00f3 sobre aquesta llei, que pret\u00e9n assegurar la qualitat de les prestacions en benefici dels usuaris dels serveis i donar prefer\u00e8ncia a entitats i empreses que prestin serveis amb criteris de qualitat i de continu\u00eftat enfront del criteri econ\u00f2mic.<\/span><\/p>\n<p style=\"text-align: justify;\"><span style=\"color: #000000;\">La xerrada ha comptat amb la participaci\u00f3 de Merc\u00e8 Corretja, directora general de Contractaci\u00f3 P\u00fablica, i Jordi Albert, diputat al Parlament de Catalunya i coordinador de la pon\u00e8ncia parlament\u00e0ria, que han aprofundit en els serveis a les persones i en com aquests afecten\u00a0 la ciutadania. Durant la xerrada tamb\u00e9 s\u2019ha abordat la contractaci\u00f3 p\u00fablica d\u2019aquests serveis, entre els quals es troben els serveis d\u2019atenci\u00f3 a col\u00b7lectius desafavorits; les activitats d\u2019acompanyament i lleure per a infants, joves o gent gran; els complementaris a l\u2019atenci\u00f3 sanit\u00e0ria; els de gesti\u00f3 d\u2019equipaments com casals, centres c\u00edvics, comunitaris o esportius; o els serveis de restauraci\u00f3 a hospitals, escoles i resid\u00e8ncies de gent gran; entre d\u2019altres.<\/span><\/p>\n<p style=\"text-align: justify;\"><span style=\"color: #000000;\">L\u2019alcaldessa Agn\u00e8s Ferr\u00e9 ha explicat que \u201cha estat una reuni\u00f3 molt profitosa que ens ha perm\u00e8s aprofundir m\u00e9s en aquest tipus de contractaci\u00f3 i con\u00e8ixer aquesta llei amb m\u00e9s profunditat. Aix\u00ed, quan es posi en marxa, ja en coneixerem el funcionament\u201d.<\/span><\/p>\n<hr \/>\n<p style=\"text-align: justify;\"><span style=\"color: #000000;\"><strong>CASTELLANO |<\/strong>\u00a0Este martes 17 de septiembre, la alcaldesa Agn\u00e8s Ferr\u00e9 y la primera teniente de alcaldesa, Judith Vidal, junto con una funcionaria del Ayuntamiento de la Bisbal del Pened\u00e8s, han asistido a una charla que ha tenido lugar en Vilafranca del Pened\u00e8s y que ha tratado sobre la Ley de Contratos de Servicios a las Personas, que actualmente se est\u00e1 tramitando en el Parlamento de Catalunya.<\/span><\/p>\n<p style=\"text-align: justify;\"><span style=\"color: #000000;\">El Ayuntamiento de la Bisbal ha sido invitado por el Delegado Territorial del Gobierno en el Pened\u00e8s, Pere Regull, con el objetivo de facilitar informaci\u00f3n sobre esta ley, que pretende asegurar la calidad de las prestaciones en beneficio de los usuarios de los servicios y dar preferencia a entidades y empresas que presten servicios con criterios de calidad y de continuidad, frente al criterio econ\u00f3mico.<\/span><\/p>\n<p style=\"text-align: justify;\"><span style=\"color: #000000;\">La charla ha contado con la participaci\u00f3n de Merc\u00e8 Corretja, directora general de Contrataci\u00f3n P\u00fablica, y Jordi Albert, diputado en el Parlament de Catalunya y coordinador de la ponencia parlamentaria, que han profundizado en los servicios a las personas y en c\u00f3mo estos afectan a la ciudadan\u00eda. \u00a0Durante la charla tambi\u00e9n se ha abordado la contrataci\u00f3n p\u00fablica de estos servicios, entre los cuales se encuentran servicios de atenci\u00f3n a colectivos desfavorecidos; actividades de acompa\u00f1amiento y ocio para ni\u00f1os, j\u00f3venes o gente mayor; complementarios a la atenci\u00f3n sanitaria; gesti\u00f3n de equipamientos como casales, centros c\u00edvicos, comunitarios o deportivos; o servicios de restauraci\u00f3n en hospitales, escuelas y residencias de gente mayor, entre otros.<\/span><\/p>\n<p style=\"text-align: justify;\"><span style=\"color: #000000;\">La alcaldesa Agn\u00e8s Ferr\u00e9 ha explicado que \u201cha sido una reuni\u00f3n muy provechosa que nos ha permitido profundizar m\u00e1s en este tipo de contrataci\u00f3n y conocer esta ley con m\u00e1s profundidad. As\u00ed, cuando se ponga en marcha, ya conoceremos el funcionamiento\u201d.<\/span><\/p>\n","protected":false},"excerpt":{"rendered":"<p>Aquest dimarts 17 de setembre, l\u2019alcaldessa Agn\u00e8s Ferr\u00e9 i la primera tinenta d\u2019alcaldia, Judith Vidal, juntament amb una funcion\u00e0ria de l\u2019Ajuntament de la Bisbal del Pened\u00e8s, han assistit a una &hellip; <a href=\"https:\/\/bisbalpenedes.com\/web\/2019\/09\/19\/lajuntament-de-la-bisbal-ha-participat-en-una-reunio-informativa-sobre-la-futura-llei-de-contractes-de-serveis-a-les-persones\/\" class=\"more-link\">Read More<\/a><\/p>\n","protected":false},"author":4,"featured_media":10599,"comment_status":"closed","ping_status":"closed","sticky":false,"template":"","format":"standard","meta":[],"categories":[2956],"tags":[3229,3227,3228,397],"_links":{"self":[{"href":"https:\/\/bisbalpenedes.com\/web\/wp-json\/wp\/v2\/posts\/10598"}],"collection":[{"href":"https:\/\/bisbalpenedes.com\/web\/wp-json\/wp\/v2\/posts"}],"about":[{"href":"https:\/\/bisbalpenedes.com\/web\/wp-json\/wp\/v2\/types\/post"}],"author":[{"embeddable":true,"href":"https:\/\/bisbalpenedes.com\/web\/wp-json\/wp\/v2\/users\/4"}],"replies":[{"embeddable":true,"href":"https:\/\/bisbalpenedes.com\/web\/wp-json\/wp\/v2\/comments?post=10598"}],"version-history":[{"count":3,"href":"https:\/\/bisbalpenedes.com\/web\/wp-json\/wp\/v2\/posts\/10598\/revisions"}],"predecessor-version":[{"id":10602,"href":"https:\/\/bisbalpenedes.com\/web\/wp-json\/wp\/v2\/posts\/10598\/revisions\/10602"}],"wp:featuredmedia":[{"embeddable":true,"href":"https:\/\/bisbalpenedes.com\/web\/wp-json\/wp\/v2\/media\/10599"}],"wp:attachment":[{"href":"https:\/\/bisbalpenedes.com\/web\/wp-json\/wp\/v2\/media?parent=10598"}],"wp:term":[{"taxonomy":"category","embeddable":true,"href":"https:\/\/bisbalpenedes.com\/web\/wp-json\/wp\/v2\/categories?post=10598"},{"taxonomy":"post_tag","embeddable":true,"href":"https:\/\/bisbalpenedes.com\/web\/wp-json\/wp\/v2\/tags?post=10598"}],"curies":[{"name":"wp","href":"https:\/\/api.w.org\/{rel}","templated":true}]}}