{"id":10593,"date":"2019-09-19T11:31:44","date_gmt":"2019-09-19T10:31:44","guid":{"rendered":"http:\/\/bisbalpenedes.com\/web\/?p=10593"},"modified":"2019-09-19T12:15:15","modified_gmt":"2019-09-19T11:15:15","slug":"resum-dels-punts-tractats-en-el-ple-ordinari-del-dilluns-16-de-setembre-de-2019","status":"publish","type":"post","link":"https:\/\/bisbalpenedes.com\/web\/2019\/09\/19\/resum-dels-punts-tractats-en-el-ple-ordinari-del-dilluns-16-de-setembre-de-2019\/","title":{"rendered":"Resum dels punts tractats en el Ple ordinari del dilluns 16 de setembre de 2019"},"content":{"rendered":"<p style=\"text-align: justify;\"><a href=\"http:\/\/bisbalpenedes.com\/web\/wp-content\/uploads\/2019\/09\/PLE-ORDINARI-16-09-19.jpg\"><img loading=\"lazy\" class=\"aligncenter size-large wp-image-10594\" src=\"http:\/\/bisbalpenedes.com\/web\/wp-content\/uploads\/2019\/09\/PLE-ORDINARI-16-09-19-1024x768.jpg\" alt=\"PLE ORDINARI 16-09-19\" width=\"630\" height=\"473\" srcset=\"https:\/\/bisbalpenedes.com\/web\/wp-content\/uploads\/2019\/09\/PLE-ORDINARI-16-09-19-1024x768.jpg 1024w, https:\/\/bisbalpenedes.com\/web\/wp-content\/uploads\/2019\/09\/PLE-ORDINARI-16-09-19-600x450.jpg 600w, https:\/\/bisbalpenedes.com\/web\/wp-content\/uploads\/2019\/09\/PLE-ORDINARI-16-09-19-300x225.jpg 300w, https:\/\/bisbalpenedes.com\/web\/wp-content\/uploads\/2019\/09\/PLE-ORDINARI-16-09-19-768x576.jpg 768w\" sizes=\"(max-width: 630px) 100vw, 630px\" \/><\/a><\/p>\n<p style=\"text-align: justify;\"><span style=\"color: #000000;\">Aquest dilluns 16 de setembre de 2019, a les 19h, s\u2019ha celebrat el Ple ordinari de l\u2019Ajuntament de la Bisbal del Pened\u00e8s corresponent a aquest trimestre. Tot seguit us detallem els punts que s\u2019hi han tractat:<\/span><\/p>\n<p style=\"text-align: justify;\"><span style=\"color: #000000;\"><strong>A)PART RESOLUTIVA:<\/strong><\/span><\/p>\n<p style=\"text-align: justify;\"><span style=\"color: #000000;\"><u>1.-Aprovaci\u00f3 de l\u2019acta del Ple del 15 de juny de 2019 de Constituci\u00f3 de la nova corporaci\u00f3.<\/u><\/span><\/p>\n<p style=\"text-align: justify;\"><span style=\"color: #000000;\"><strong>S\u2019aprova amb els vots a favor de Comprom\u00eds amb la Bisbal (6), PSC (2), Units per la Bisbal \u2013 FIC (1), Ara la Bisbal (1) i ERC-AM (1). <\/strong><\/span><\/p>\n<p style=\"text-align: justify;\"><span style=\"color: #000000;\"><u>2.-Aprovaci\u00f3 de l\u2019acta del Ple extraordinari de data 20 de juny de 2019.<\/u><\/span><\/p>\n<p style=\"text-align: justify;\"><span style=\"color: #000000;\"><strong>S\u2019aprova amb els vots a favor de Comprom\u00eds amb la Bisbal (6), PSC (2), Units per la Bisbal \u2013 FIC (1), Ara la Bisbal (1) i ERC-AM (1). <\/strong><\/span><\/p>\n<p style=\"text-align: justify;\"><span style=\"color: #000000;\"><u>3.-Aprovaci\u00f3 de l\u2019acta del Ple extraordinari de data 4 de juliol de 2019.<\/u><\/span><\/p>\n<p style=\"text-align: justify;\"><span style=\"color: #000000;\"><strong>S\u2019aprova amb els vots a favor de Comprom\u00eds amb la Bisbal (6),<\/strong> <strong>PSC (2), Units per la Bisbal \u2013 FIC (1) i\u00a0 Ara la Bisbal (1) i l\u2019abstenci\u00f3 d\u2019ERC-AM (1).<\/strong><\/span><\/p>\n<p style=\"text-align: justify;\"><span style=\"color: #000000;\"><u>4.-Aprovaci\u00f3 de l\u2019acta del Ple extraordinari de data 12 d\u2019agost de 2019.<\/u><\/span><\/p>\n<p style=\"text-align: justify;\"><span style=\"color: #000000;\"><strong>S\u2019aprova amb els vots a favor de Comprom\u00eds amb la Bisbal (6),<\/strong> <strong>PSC (2), Units per la Bisbal \u2013 FIC (1) i\u00a0 ERC-AM (1) i l\u2019abstenci\u00f3 d\u2019Ara la Bisbal (1).<\/strong><\/span><\/p>\n<p style=\"text-align: justify;\"><span style=\"color: #000000;\"><u>5.-Aprovaci\u00f3 de l\u2019inici de l\u2019expedient de revisi\u00f3 d\u2019ofici per declarar nul de ple dret l\u2019acord del Ple de 17 de setembre de 2013, pel qual s\u2019aprov\u00e0 l\u2019arrendament d\u2019una part del poliesportiu municipal a l\u2019entitat Club Segle XX, mitjan\u00e7ant procediment directe i preu bonificat, aix\u00ed com el contracte d\u2019arrendament subscrit el 30 d\u2019octubre de 2013.<\/u><\/span><\/p>\n<p style=\"text-align: justify;\"><span style=\"color: #000000;\"><strong>S\u2019aprova amb els vots a favor de Comprom\u00eds amb la Bisbal (6) i en contra del PSC (2), Units per la Bisbal \u2013 FIC (1), Ara la Bisbal (1) i ERC-AM (1).<\/strong><\/span><\/p>\n<p style=\"text-align: justify;\"><span style=\"color: #000000;\">El Ple aprova iniciar l\u2019expedient de revisi\u00f3 d\u2019ofici perqu\u00e8 la Comissi\u00f3 Jur\u00eddica Assessora emeti un informe sobre l\u2019acord del Ple de 17 de setembre de 2013 pel qual s\u2019aprov\u00e0 l\u2019arrendament d\u2019una part del Poliesportiu municipal a l\u2019entitat Club Segle XX, mitjan\u00e7ant procediment directe i preu bonificat, aix\u00ed com el contracte d\u2019arrendament, subscrit el 30 d\u2019octubre de 2013. Tamb\u00e9 aprova atorgar un termini d\u2019audi\u00e8ncia de 10 dies a l\u2019entitat Club Segle XX, a les persones que gestionen el servei de bar del Poliesportiu Municipal i a les dues entitats a qui el Club Segle XX ha cedit espais (Joventut Bisbalenca i Penya Blaugrana de la Bisbal).<\/span><\/p>\n<p style=\"text-align: justify;\"><span style=\"color: #000000;\">L\u2019equip de govern de l\u2019Ajuntament de la Bisbal del Pened\u00e8s considera que el procediment que es va seguir amb l\u2019arrendament, mitjan\u00e7ant adjudicaci\u00f3 directa, no \u00e9s compatible amb la classificaci\u00f3 del tipus de patrimoni de les Administracions locals catalanes perqu\u00e8 defensa que el Poliesportiu municipal est\u00e0 classificat com a patrimoni municipal del s\u00f2l i, per tant, no es podia fer una adjudicaci\u00f3 directa sin\u00f3 que s\u2019hauria d\u2019haver fet un procediment de concurs p\u00fablic. A l\u2019inici del mandat anterior (2015\/2019) l\u2019equip de govern va encarregar diverses auditories i, entre elles, hi havia una auditoria sobre la contractaci\u00f3 administrativa de serveis i els convenis de cessi\u00f3 d\u2019espais fets per l\u2019Ajuntament durant el mandat 2011\/2015. L\u2019empresa contractada per dur a terme les auditories va analitzar diversos contractes, entre els quals figurava el conveni amb Club Segle XX. Segons l\u2019equip de govern, l\u2019auditoria afirmava que es tracta d\u2019un edifici del patrimoni municipal del s\u00f2l i que no es va realitzar el procediment de concurs sin\u00f3 que es va adjudicar directament. D\u2019altra banda, l\u2019equip de govern tamb\u00e9 explica que es va demanar un altre informe al Servei d\u2019Atenci\u00f3 als Municipis de la Diputaci\u00f3 de Tarragona a partir d\u2019aquesta informaci\u00f3 i que a principis de 2017 va arribar l\u2019informe jur\u00eddic que, segons l\u2019equip de govern, conclo\u00efa que no \u00e9s correcte adjudicar la gesti\u00f3 de l\u2019immoble amb un contracte d\u2019arrendament, sin\u00f3 que s\u2019havia de fer mitjan\u00e7ant concurs, i que es va adjudicar el contracte com a b\u00e9 patrimonial i que es tracta d\u2019un b\u00e9 de patrimoni del s\u00f2l i, per tant,\u00a0 l\u2019equip de govern defensa que no es podia fer una adjudicaci\u00f3 directa sin\u00f3 que s\u2019havia de fer mitjan\u00e7ant concurs p\u00fablic.<\/span><\/p>\n<p style=\"text-align: justify;\"><span style=\"color: #000000;\">Per tot aix\u00f2, es va redactar un informe per iniciar l\u2019expedient de declaraci\u00f3 de nul\u00b7litat de ple dret del contracte. En el Ple ordinari de juny de 2017, en el mandat anterior, es va presentar una proposta similar al Ple i la seva aprovaci\u00f3 no va prosperar. Ara s\u2019ha tornat a presentar una proposta similar i s\u2019ha aprovat. Aix\u00ed doncs, s\u2019inicia el proc\u00e9s de revisi\u00f3 d\u2019ofici de l\u2019acord pres al Ple del 2013 i s\u2019enviar\u00e0 l\u2019expedient a la Comissi\u00f3 Jur\u00eddica assessora perqu\u00e8 emeti un dictamen sobre l\u2019acord.<\/span><\/p>\n<p style=\"text-align: justify;\"><span style=\"color: #000000;\"><u>6.-Modificaci\u00f3 de l\u2019Ordenan\u00e7a Fiscal Reguladora de la taxa de servei de menjador escolar.<\/u><\/span><\/p>\n<p style=\"text-align: justify;\"><span style=\"color: #000000;\"><strong>S\u2019aprova amb els vots a favor de Comprom\u00eds amb la Bisbal (6), PSC (2) i Ara la Bisbal (1) i en contra d\u2019Units per la Bisbal-FIC (1) i ERC-AM (1).<\/strong><\/span><\/p>\n<p style=\"text-align: justify;\"><span style=\"color: #000000;\">Donada la reducci\u00f3 d\u2019alumnes de la llar d\u2019infants, la gesti\u00f3 del menjador que s\u2019hi duia a terme no era viable perqu\u00e8, segons la Regidoria d\u2019Ensenyament, hauria encarit molt el servei.<\/span><\/p>\n<p style=\"text-align: justify;\"><span style=\"color: #000000;\">Tot i que el gener de 2019 es va modificar el preu del servei de menjador a la Llar d\u2019infants municipal, reduint el rebut del servei fins a 6,20\u20ac, la baixada del nombre d\u2019alumnes a la Llar d\u2019infants ha fet que es consideri insostenible continuar amb aquest tipus de servei. Des de la Regidoria d\u2019Ensenyament s\u2019ha contactat amb diverses llars d\u2019infants i han analitzat els sistemes de gesti\u00f3 d\u2019aquestes. Segons la regidora d\u2019Ensenyament, Leo Uceda, el sistema m\u00e9s est\u00e8s \u00e9s el de carmanyola i \u00e9s el que s\u2019emprar\u00e0 a la Bisbal del Pened\u00e8s. Aix\u00ed, durant el curs 2019\/2020 els infants hauran de portar la seva carmanyola i comptaran amb servei de monitoratge de 13:00h a 15:00h. El preu pel servei de monitoratge ser\u00e0 de 3\u20ac diaris, que \u00e9s la taxa que s\u2019ha aprovat en aquest Ple.<\/span><\/p>\n<p style=\"text-align: justify;\"><span style=\"color: #000000;\"><u>7.-Aprovaci\u00f3 del Text Ref\u00f3s de les Ordenances Fiscals vigents.<\/u><\/span><\/p>\n<p style=\"text-align: justify;\"><span style=\"color: #000000;\"><strong>S\u2019aprova amb els vots a favor de Comprom\u00eds amb la Bisbal (6) i PSC (2) i l\u2019abstenci\u00f3 d\u2019Units per la Bisbal \u2013 FIC (1), Ara la Bisbal (1) i ERC-AM (1).<\/strong><\/span><\/p>\n<p style=\"text-align: justify;\"><span style=\"color: #000000;\">En aquest punt es proposava reunir en un sol text totes les ordenances fiscals vigents de l\u2019Ajuntament de la Bisbal del Pened\u00e8s. Les diferents ordenances fiscals, aprovades o modificades en diferents moments, no estan reunides en un mateix document i, a m\u00e9s, moltes requereixen actualitzacions o modificacions. Des de la Regidoria d\u2019Hisenda es planteja l\u2019aprovaci\u00f3 d\u2019aquest punt com a \u201cpunt de partida\u201d per continuar amb les tasques d\u2019organitzaci\u00f3 d\u2019aquests textos que recullen ordenances d\u2019impostos, taxes i preus p\u00fablics. Per aquest motiu, durant els pr\u00f2xims mesos s\u2019aniran elevant al Ple diverses actualitzacions d\u2019ordenances.<\/span><\/p>\n<p style=\"text-align: justify;\"><span style=\"color: #000000;\">El text ref\u00f3s fruit de l\u2019aprovaci\u00f3 d\u2019aquest punt es publicar\u00e0 al web i no caldr\u00e0 buscar ordenan\u00e7a per ordenan\u00e7a al portal de transpar\u00e8ncia perqu\u00e8 totes estaran recollides en el mateix document.<\/span><\/p>\n<p style=\"text-align: justify;\"><span style=\"color: #000000;\"><u>8.-Nomenament del representant suplent de l\u2019Ajuntament al Consorci de Promoci\u00f3 Tur\u00edstica del Pened\u00e8s.<\/u><\/span><\/p>\n<p style=\"text-align: justify;\"><span style=\"color: #000000;\"><strong>S\u2019aprova amb els vots a favor de Comprom\u00eds amb la Bisbal (6), PSC (2), Units per la Bisbal \u2013 FIC (1), Ara la Bisbal (1) i ERC-AM (1).<\/strong><\/span><\/p>\n<p style=\"text-align: justify;\"><span style=\"color: #000000;\">En el Ple extraordinari del 20 de juny de 2019 es va aprovar el nomenament de la regidora de Turisme, Judith Vidal, com a representant de l\u2019Ajuntament de la Bisbal del Pened\u00e8s al Consorci d\u2019Enoturisme del Pened\u00e8s. Des del Consorci han comunicat a l\u2019Ajuntament que tamb\u00e9 cal nomenar un\/a suplent del representant i, per aquest motiu, s\u2019ha proposat el nomenament de la regidora Leo Uceda com a suplent.<\/span><\/p>\n<p style=\"text-align: justify;\"><span style=\"color: #000000;\"><u>9.-Proposta d\u2019acord del grup municipal d\u2019ERC sobre la modificaci\u00f3 del ROM.<\/u><\/span><\/p>\n<p style=\"text-align: justify;\"><span style=\"color: #000000;\"><strong>No s\u2019aprova. Vots a favor: Units per la Bisbal \u2013 FIC (1), Ara la Bisbal (1) i ERC-AM (1); Vots en contra: Comprom\u00eds amb la Bisbal (6); Abstencions: PSC (2).<\/strong><\/span><\/p>\n<p style=\"text-align: justify;\"><span style=\"color: #000000;\">Mitjan\u00e7ant aquest punt, el grup municipal d\u2019ERC plantejava modificar diversos punts del ROM o crear-ne de nous:<\/span><\/p>\n<p style=\"text-align: justify;\"><span style=\"color: #000000;\"><u>Primer:<\/u> Es proposava la creaci\u00f3 d\u2019un nou article al ROM que regul\u00e9s la publicitat electoral.<\/span><br \/>\n<span style=\"color: #000000;\"> <u>Segon:<\/u> Es proposava publicitar les donacions rebudes per l\u2019Ajuntament de la Bisbal del Pened\u00e8s a la p\u00e0gina web.<\/span><br \/>\n<span style=\"color: #000000;\"> <u>Tercer:<\/u> Es proposava crear un protocol d\u2019actuacions en casos de queixes de ve\u00efns sobre empreses contractades per l\u2019Ajuntament o queixes cap al personal de l\u2019Ajuntament.<\/span><br \/>\n<span style=\"color: #000000;\"> <u>Quart:<\/u> Revista Torre de Guaita. Es proposava modificar l\u2019espai assignat als grups pol\u00edtics fins a un 30% del total de la impressi\u00f3 de la revista municipal, assignar un 15% per als membres d\u2019associacions i entitats del municipi i un 5% per als partits pol\u00edtics que no tinguin representaci\u00f3 al consistori.<\/span><br \/>\n<span style=\"color: #000000;\"> <u>Cinqu\u00e8:<\/u> Es proposava la creaci\u00f3 d\u2019un article al ROM amb l\u2019objectiu de resoldre de forma amistosa les reclamacions patrimonials.<\/span><br \/>\n<span style=\"color: #000000;\"> <u>Sis\u00e8:<\/u> Es proposava crear un nou article al ROM que permet\u00e9s que els regidors de l\u2019oposici\u00f3 poguessin assistir a les reunions i votacions de les Juntes de Govern.<\/span><br \/>\n<span style=\"color: #000000;\"> <u>Set\u00e8:<\/u> Es proposava que, en cas que algun regidor del consistori sol\u00b7liciti una subvenci\u00f3, aquesta sol\u00b7licitud, aix\u00ed com la seva resoluci\u00f3 final, fos publicada al portal de transpar\u00e8ncia del web municipal.<\/span><\/p>\n<p style=\"text-align: justify;\"><span style=\"color: #000000;\"><strong>B)ACTIVITAT DE CONTROL:<\/strong><\/span><\/p>\n<p style=\"text-align: justify;\"><span style=\"color: #000000;\"><u>10.-Execuci\u00f3 trimestral del pressupost del 1r trimestre de 2019.<\/u><\/span><\/p>\n<p style=\"text-align: justify;\"><strong><span style=\"color: #000000;\">Es d\u00f3na compte.<\/span><\/strong><\/p>\n<p style=\"text-align: justify;\"><span style=\"color: #000000;\"><u>11.-Execuci\u00f3 trimestral del pressupost del 2n trimestre de 2019.<\/u><\/span><\/p>\n<p style=\"text-align: justify;\"><strong><span style=\"color: #000000;\">Es d\u00f3na compte.<\/span><\/strong><\/p>\n<p style=\"text-align: justify;\"><span style=\"color: #000000;\">Explicaci\u00f3 dels punts 10 i 11<\/span><\/p>\n<p style=\"text-align: justify;\"><span style=\"color: #000000;\">Els ajuntaments tenen l\u2019obligaci\u00f3 de fer arribar al Ministeri d\u2019Hisenda i Administracions p\u00fabliques un resum d\u2019estat d\u2019execuci\u00f3 del pressupost acumulat al final de cada trimestre. Per aquest motiu, el 26 d\u2019abril es va trametre al Ministeri el resum de l\u2019estat d\u2019execuci\u00f3 del pressupost de 2019 corresponent al 1r trimestre i el 30 de juliol es va trametre l\u2019estat corresponent al 2n trimestre, indicant:<\/span><\/p>\n<p style=\"text-align: justify;\"><span style=\"color: #000000;\">-Els pagaments que s\u2019han utilitzat per calcular el Per\u00edode Mig de Pagament del 1r i el 2n trimestre.<\/span><\/p>\n<p style=\"text-align: justify;\"><span style=\"color: #000000;\">-Els llistats de comptabilitat del 1r i el 2n trimestre, tant d\u2019ingressos com de despeses.<\/span><\/p>\n<p style=\"text-align: justify;\"><span style=\"color: #000000;\">Aix\u00ed, amb els punts 10 i 11 del Ple es d\u00f3na compte de l\u2019enviament al Ministeri, dins del termini establert, de l\u2019execuci\u00f3 trimestral del pressupost dels dos primers trimestres de 2019.<\/span><\/p>\n<p style=\"text-align: justify;\"><span style=\"color: #000000;\"><u>12.-Donar compte de les l\u00ednies fonamentals del pressupost.<\/u><\/span><\/p>\n<p style=\"text-align: justify;\"><strong><span style=\"color: #000000;\">Es d\u00f3na compte.<\/span><\/strong><\/p>\n<p style=\"text-align: justify;\"><span style=\"color: #000000;\">Es d\u00f3na compte del Decret de 12 d\u2019agost de les l\u00ednies fonamentals per al pressupost de 2020 per un total de 4.441.008,45\u20ac. Les l\u00ednies fonamentals, que inclouen els cap\u00edtols d\u2019ingressos i despeses, compleixen l\u2019estabilitat pressupost\u00e0ria, la regla de la despesa, l\u2019equilibri pressupostari, l\u2019anivellament pressupostari i l\u2019objectiu de deute. Aquesta informaci\u00f3 s\u2019ha d\u2019enviar al Ministeri d\u2019Hisenda abans del 15 de setembre i \u00e9s la base per a la confecci\u00f3 del pressupost de l\u2019any 2020.<\/span><\/p>\n<p style=\"text-align: justify;\"><span style=\"color: #000000;\"><u>13.-Donar compte dels Decrets d\u2019Alcaldia.<\/u><\/span><\/p>\n<p style=\"text-align: justify;\"><strong><span style=\"color: #000000;\">Es d\u00f3na compte dels Decrets d\u2019Alcaldia.<\/span><\/strong><\/p>\n<p style=\"text-align: justify;\"><span style=\"color: #000000;\"><u>14.-Donar Compte dels acords de la Junta de Govern.<\/u><\/span><\/p>\n<p style=\"text-align: justify;\"><strong><span style=\"color: #000000;\">Es d\u00f3na compte dels acords de la Junta de Govern.<\/span><\/strong><\/p>\n<p style=\"text-align: justify;\"><span style=\"color: #000000;\"><u>15.-Informe d\u2019Alcaldia.<\/u><\/span><\/p>\n<p style=\"text-align: justify;\"><span style=\"color: #000000;\"><strong>Es d\u00f3na compte<\/strong> de la sent\u00e8ncia ferma del Jutjat Contenci\u00f3s que desestima el recurs presentat per la regidora no adscrita i els regidors i regidores d\u2019ERC contra l\u2019Ajuntament de la Bisbal del Pened\u00e8s per possible vulneraci\u00f3 dels drets fonamentals i del pagament a la Seguretat Social d\u201911.520,94\u20ac que estableix la sent\u00e8ncia d\u2019un recurs contenci\u00f3s de 2013.<\/span><\/p>\n<p style=\"text-align: justify;\"><span style=\"color: #000000;\"><strong>C)PRECS I PREGUNTES.<\/strong><\/span><\/p>\n<hr \/>\n<p style=\"text-align: justify;\"><span style=\"color: #000000;\"><strong>CASTELLANO | <\/strong><\/span><\/p>\n<p style=\"text-align: justify;\"><span style=\"color: #000000;\">Este lunes 16 de septiembre de 2019, a las 19h, se ha celebrado el Pleno ordinario del Ayuntamiento de la Bisbal del Pened\u00e8s correspondiente a este trimestre. A continuaci\u00f3n os detallamos los puntos que se han tratado:<\/span><\/p>\n<p style=\"text-align: justify;\"><span style=\"color: #000000;\"><strong><u>A)PARTE RESOLUTIVA:<\/u><\/strong><\/span><\/p>\n<p style=\"text-align: justify;\"><span style=\"color: #000000;\"><u>1.-Aprobaci\u00f3n del acta del Pleno del 15 de junio de 2019 de Constituci\u00f3n de la nueva corporaci\u00f3n.<\/u><\/span><\/p>\n<p style=\"text-align: justify;\"><span style=\"color: #000000;\"><strong>Se aprueba con los votos a favor de Comprom\u00eds amb la Bisbal (6), PSC (2), Units per la Bisbal \u2013 FIC (1), Ara la Bisbal (1) y ERC-AM (1).<\/strong><\/span><\/p>\n<p style=\"text-align: justify;\"><span style=\"color: #000000;\"><u>2.-Aprobaci\u00f3n del acta del Pleno extraordinario de fecha 20 de junio de 2019.<\/u><\/span><\/p>\n<p style=\"text-align: justify;\"><span style=\"color: #000000;\"><strong>Se aprueba con los votos a favor de Comprom\u00eds amb la Bisbal (6), PSC (2), Units per la Bisbal \u2013 FIC (1), Ara la Bisbal (1) y ERC-AM (1).<\/strong><\/span><\/p>\n<p style=\"text-align: justify;\"><span style=\"color: #000000;\"><u>3.-Aprobaci\u00f3n del acta del Pleno extraordinario de fecha 4 de julio del 2019.<\/u><\/span><\/p>\n<p style=\"text-align: justify;\"><span style=\"color: #000000;\"><strong>Se aprueba con los votos a favor de Comprom\u00eds amb la Bisbal (6), PSC (2), Units per la Bisbal \u2013 FIC (1)\u00a0 y Ara la Bisbal (1) y la abstenci\u00f3n de ERC-AM (1).<\/strong><\/span><\/p>\n<p style=\"text-align: justify;\"><span style=\"color: #000000;\"><u>4.-Aprobaci\u00f3n del acta del Pleno extraordinario de fecha 12 de agosto de 2019.<\/u><\/span><\/p>\n<p style=\"text-align: justify;\"><span style=\"color: #000000;\"><strong>Se aprueba con los votos a favor de Comprom\u00eds amb la Bisbal (6), PSC (2), Units per la Bisbal \u2013 FIC (1)\u00a0 y ERC-AM (1) y la abstenci\u00f3n de Ara la Bisbal (1).<\/strong><\/span><\/p>\n<p style=\"text-align: justify;\"><span style=\"color: #000000;\"><u>5.-Aprobaci\u00f3n del inicio del expediente de revisi\u00f3n de oficio para declarar nulo de pleno derecho el acuerdo del Pleno del 17 de septiembre del 2013, por el cual se aprob\u00f3 el arrendamiento de una parte del Polideportivo municipal a la entidad Club Segle XX, mediante procedimiento directo y precio bonificado, as\u00ed como el contrato de arrendamiento suscrito el 30 de octubre del 2013.<\/u><\/span><\/p>\n<p style=\"text-align: justify;\"><span style=\"color: #000000;\"><strong>Se aprueba con los votos a favor de Comprom\u00eds amb la Bisbal (6) y los votos en contra del PSC (2), Units per la Bisbal \u2013 FIC (1), Ara la Bisbal (1) y ERC-AM (1).<\/strong><\/span><\/p>\n<p style=\"text-align: justify;\"><span style=\"color: #000000;\">El Pleno aprueba iniciar el expediente de revisi\u00f3n de oficio para que la Comisi\u00f3n Jur\u00eddica Asesora emita un informe sobre el acuerdo del Pleno del 17 de septiembre del 2013 por el cual se aprob\u00f3 el arrendamiento de una parte del Polideportivo municipal a la entidad Club Segle XX, mediante procedimiento directo y precio bonificado, as\u00ed como el contrato de arrendamiento, suscrito el 30 de octubre del 2013. Tambi\u00e9n aprueba otorgar un plazo de audiencia de 10 d\u00edas a la entidad Club Segle XX, a las personas que gestionan el servicio de bar del Polideportivo Municipal y a las dos entidades a qui\u00e9n el Club Segle XX ha cedido espacios (Joventut Bisbalenca y Penya Blaugrana de la Bisbal).<\/span><\/p>\n<p style=\"text-align: justify;\"><span style=\"color: #000000;\">El equipo de gobierno del Ayuntamiento de la Bisbal del Pened\u00e8s considera que el procedimiento que se sigui\u00f3 con el arrendamiento, mediante adjudicaci\u00f3n directa, no es compatible con la clasificaci\u00f3n del tipo de patrimonio de las Administraciones locales catalanas porqu\u00e9 defiende que el Polideportivo municipal est\u00e1 clasificado como patrimonio municipal del suelo y, por lo tanto, no se pod\u00eda hacer una adjudicaci\u00f3n directa sino que se deber\u00eda haber hecho un procedimiento de concurso p\u00fablico. Al inicio del mandato anterior (2015\/2019) el equipo de gobierno encarg\u00f3 varias auditor\u00edas y, entre ellas, hab\u00eda una auditor\u00eda sobre la contrataci\u00f3n administrativa de servicios y los convenios de cesi\u00f3n de espacios hechos por el Ayuntamiento durante el mandato 2011\/2015. La empresa contratada para llevar a cabo las auditor\u00edas analiz\u00f3 varios contratos, entre los que figuraba el convenio con Club Segle XX. Seg\u00fan el equipo de gobierno, la auditor\u00eda afirmaba que se trata de un edificio del patrimonio municipal del suelo y que no se realiz\u00f3 el procedimiento de concurso sino que se adjudic\u00f3 directamente. Por otro lado, el quipo de gobierno tambi\u00e9n explica que se pidi\u00f3 otro informe al Servei d\u2019Atenci\u00f3 als Municipis de la Diputaci\u00f3 de Tarragona con base en esta informaci\u00f3n y que a principios del 2017 lleg\u00f3 un informe jur\u00eddico que, seg\u00fan el\u00a0 equipo de gobierno, conclu\u00eda que no es correcto adjudicar la gesti\u00f3n del inmueble con un contrato de arrendamiento, sino que se deber\u00eda de haber hecho mediante concurso y, que se adjudic\u00f3 el contrato como bien patrimonial y que se trata de un bien de patrimonio del suelo y, por lo tanto, el equipo de gobierno defiende que no se pod\u00eda hacer una adjudicaci\u00f3n directa sino que se tendr\u00eda que haber hecho mediante concurso p\u00fablico.<\/span><\/p>\n<p style=\"text-align: justify;\"><span style=\"color: #000000;\">Por todo esto, se redact\u00f3 un informe para iniciar el expediente de declaraci\u00f3n de nulidad de pleno derecho del contrato. En el Pleno ordinario de junio del 2017, en el mandato anterior, se present\u00f3 una propuesta similar en el Pleno y su aprobaci\u00f3n no prosper\u00f3. Ahora se ha vuelto a presentar una propuesta similar y se ha aprobado. As\u00ed pues, se inicia el proceso de revisi\u00f3n de oficio del acuerdo tomado en el Pleno del 2013 y se enviar\u00e1 el expediente a la Comisi\u00f3n Jur\u00eddica asesora para que emita un dictamen sobre el acuerdo.<\/span><\/p>\n<p style=\"text-align: justify;\"><span style=\"color: #000000;\"><u>6.-Modificaci\u00f3n de la Ordenanza Fiscal Reguladora de la tasa de servicio de comedor escolar<\/u><\/span><\/p>\n<p style=\"text-align: justify;\"><span style=\"color: #000000;\"><strong>Se aprueba con los votos a favor de Comprom\u00eds amb la Bisbal (6), PSC (2) i Ara la Bisbal (1) y los votos en contra de Units per la Bisbal \u2013 FIC (1) y ERC-AM (1).<\/strong><\/span><\/p>\n<p style=\"text-align: justify;\"><span style=\"color: #000000;\">Dada la reducci\u00f3n de alumnos en la Llar d\u2019infants, la gesti\u00f3n del comedor que se llevaba a cabo no era viable porqu\u00e9, seg\u00fan la Concejal\u00eda de Educaci\u00f3n, habr\u00eda encarecido mucho el servicio.<\/span><\/p>\n<p style=\"text-align: justify;\"><span style=\"color: #000000;\">Aunque en enero del 2019 se modific\u00f3 el precio del servicio de comedor en la Llar d\u2019infants municipal, reduciendo el recibo del servicio hasta 6,20\u20ac, la reducci\u00f3n del n\u00famero de alumnos en la Llar d\u2019infants ha hecho que se considere insostenible continuar con este tipo de servicio. Desde la Concejal\u00eda de Educaci\u00f3n se ha contactado con varias llars d\u2019infants y se han analizado los sistemas de gesti\u00f3n de las mismas. Seg\u00fan la regidora de Educaci\u00f3n, Leo Uceda, el sistema m\u00e1s extendido es el de fiambrera y es el que se utilizar\u00e1 en la Bisbal del Pened\u00e8s. As\u00ed, durante el curso 2019\/2020 los ni\u00f1os y ni\u00f1as deber\u00e1n levar su fiambrera y contar\u00e1n con servicio de monitoraje de 13:00h a 15:00h. El precio por el servicio de monitoraje ser\u00e1 de 3\u20ac diarios, que es la tasa que se ha aprobado en este Pleno.<\/span><\/p>\n<p style=\"text-align: justify;\"><span style=\"color: #000000;\"><u>7.-Aprobaci\u00f3n del Texto Refundido de las Ordenanzas Fiscales vigentes<\/u><\/span><\/p>\n<p style=\"text-align: justify;\"><span style=\"color: #000000;\"><strong>Se aprueba con los votos a favor de Comprom\u00eds amb la Bisbal (6) y PSC (2) y la abstenci\u00f3n de Units per la Bisbal \u2013 FIC (1), Ara la Bisbal (1) y ERC-AM (1).<\/strong><\/span><\/p>\n<p style=\"text-align: justify;\"><span style=\"color: #000000;\">En este punto se propon\u00eda reunir en un solo texto todas las ordenanzas fiscales vigentes del Ayuntamiento de la Bisbal del Pened\u00e8s. Las diferentes ordenanzas fiscales, aprobadas o modificadas en diferentes momentos, no est\u00e1n reunidas en un mismo documento y, adem\u00e1s, muchas requieren de actualizaciones o modificaciones. Desde la Concejal\u00eda de Hacienda se plantea la aprobaci\u00f3n de este punto como \u201cpunto de partida\u201d para continuar con las tareas de organizaci\u00f3n de estos textos que recogen ordenanzas de impuestos, tasas y precios p\u00fablicos. Por este motivo, durante los pr\u00f3ximos meses se ir\u00e1n elevando al Pleno varias actualizaciones de ordenanzas.<\/span><\/p>\n<p style=\"text-align: justify;\"><span style=\"color: #000000;\">El texto refundido fruto de la aprobaci\u00f3n de este punto se publicar\u00e1 en la web y no ser\u00e1 necesario buscar ordenanza por ordenanza en el portal de transparencia porque todas estar\u00e1n recogidas en el mismo documento.<\/span><\/p>\n<p style=\"text-align: justify;\"><span style=\"color: #000000;\"><u>8.-Nombramiento del representante suplente del Ayuntamiento en el Consorci de Promoci\u00f3 Tur\u00edstica del Pened\u00e8s.<\/u><\/span><\/p>\n<p style=\"text-align: justify;\"><span style=\"color: #000000;\"><strong>Se aprueba con los votos a favor de Comprom\u00eds amb la Bisbal (6), PSC (2), Units per la Bisbal \u2013FIC (1), Ara la Bisbal (1) y ERC-AM (1).<\/strong><\/span><\/p>\n<p style=\"text-align: justify;\"><span style=\"color: #000000;\">En el Pleno extraordinario del 20 de junio del 2019 se aprob\u00f3 el nombramiento de la regidora de Tursimo, Judith Vidal, como representante del Ayuntamiento de la Bisbal del Pened\u00e8s en el Consorci d\u2019Enoturisme del Pened\u00e8s. Desde el Consorci han comunicado al Ayuntamiento que tambi\u00e9n hay que nombrar un\/a suplente del\/la representante y, por este motivo, se ha propuesto el nombramiento de la regidora Leo Uceda como suplente.<\/span><\/p>\n<p style=\"text-align: justify;\"><span style=\"color: #000000;\"><u>9.-Propuesta de acuerdo del grupo municipal de ERC sobre la modificaci\u00f3n del ROM.<\/u><\/span><\/p>\n<p style=\"text-align: justify;\"><span style=\"color: #000000;\"><strong>No se aprueba. Votos a favor: Units per la Bisbal \u2013 FIC (1), Ara la Bisbal (1) y ERC-AM (1). Votos en contra: Comprom\u00eds amb la Bisbal (6). Abstenciones: PSC (2).<\/strong><\/span><\/p>\n<p style=\"text-align: justify;\"><span style=\"color: #000000;\">Mediante este punto, el grupo municipal de ERC planteaba modificar varios puntos del ROM o crear algunos nuevos:<\/span><\/p>\n<p style=\"text-align: justify;\"><span style=\"color: #000000;\"><u>Primero:<\/u> \u00a0Se propon\u00eda la creaci\u00f3n de un nuevo art\u00edculo en el ROM que regulase la publicidad electoral. <\/span><br \/>\n<span style=\"color: #000000;\"> <u>Segundo:<\/u> Se propon\u00eda publicitar las donaciones recibidas por el Ayuntamiento de la Bisbal del Pened\u00e8s en la p\u00e1gina web.<\/span><br \/>\n<span style=\"color: #000000;\"> <u>Tercero: <\/u>\u00a0Se propon\u00eda crear un protocolo de actuaciones en casos de quejas\u00a0 de vecinos sobre empresas contratadas por el Ayuntamiento o quejas hacia el personal del Ayuntamiento. <u>Cuarto:<\/u> Revista Torre de Guaita. Se propon\u00eda modificar el espacio asignado a los grupos pol\u00edticos hasta un 30% del total de la impresi\u00f3n de la revista municipal, asignar un 15% a los miembros de asociaciones y entidades del municipio y un 5% a los partidos pol\u00edticos que no tengan representaci\u00f3n en el consistorio.<\/span><br \/>\n<span style=\"color: #000000;\"> <u>Quinto:<\/u> Se propon\u00eda la creaci\u00f3n de un art\u00edculo en el ROM con el objetivo de resolver de forma amistosa las reclamaciones patrimoniales.<\/span><br \/>\n<span style=\"color: #000000;\"> <u>Sexto:<\/u> Se propon\u00eda crear un nuevo art\u00edculo en el ROM que permitiese que los concejales de la oposici\u00f3n pudiesen asistir a las reuniones y votaciones de las Juntas de Gobierno.<\/span><br \/>\n<span style=\"color: #000000;\"> <u>S\u00e9ptimo:<\/u> Se propon\u00eda que, en caso que alg\u00fan concejal del consistorio solicitase una subvenci\u00f3n, esta solicitud, as\u00ed como su resoluci\u00f3n final, fuese publicada en el portal de transparencia de la web municipal.<\/span><\/p>\n<p style=\"text-align: justify;\"><strong><span style=\"color: #000000;\">B)ACTIVIDAD DE CONTROL:<\/span><\/strong><\/p>\n<p style=\"text-align: justify;\"><span style=\"color: #000000;\"><u>10.-Ejecuci\u00f3n trimestral del presupuesto del 1\u00ba trimestre del 2019.<\/u><\/span><\/p>\n<p style=\"text-align: justify;\"><span style=\"color: #000000;\"><strong>Se da cuenta.<\/strong><\/span><\/p>\n<p style=\"text-align: justify;\"><span style=\"color: #000000;\"><u>11.-Ejecuci\u00f3n trimestral del presupuesto del 2\u00ba trimestre del 2019.<\/u><\/span><\/p>\n<p style=\"text-align: justify;\"><span style=\"color: #000000;\"><strong>Se da cuenta.<\/strong><\/span><\/p>\n<p style=\"text-align: justify;\"><span style=\"color: #000000;\">Explicaci\u00f3n de los puntos 10 y 11<\/span><\/p>\n<p style=\"text-align: justify;\"><span style=\"color: #000000;\">Los ayuntamientos tienen la obligaci\u00f3n de hacer llegar al Ministerio de Hacienda y Administraciones p\u00fablicas un resumen de estado de ejecuci\u00f3n del presupuesto acumulado al final de cada trimestre. Por este motivo, el 26 de abril se hizo llegar al Ministerio el resumen del estado de ejecuci\u00f3n del presupuesto del 2019 correspondiente al 1\u00ba trimestre y el 30 de julio se envi\u00f3 el estado correspondiente al 2\u00ba trimestre, indicando:<\/span><\/p>\n<p style=\"text-align: justify;\"><span style=\"color: #000000;\">-Los pagos que se han utilizado para calcular el Periodo Medio de Pago del 1\u00ba i el 2\u00ba trimestre.<\/span><\/p>\n<p style=\"text-align: justify;\"><span style=\"color: #000000;\">-Los listados de contabilidad del 1\u00ba y el 2\u00ba trimestre, tanto de ingresos como de gastos.<\/span><\/p>\n<p style=\"text-align: justify;\"><span style=\"color: #000000;\">As\u00ed, con los puntos 10 y 11 del Pleno se da cuenta del env\u00edo al Ministerio, dentro del plazo establecido, de la ejecuci\u00f3n trimestral del presupuesto de los dos primeros trimestres del 2019.<\/span><\/p>\n<p style=\"text-align: justify;\"><span style=\"color: #000000;\"><u>12.-Dar cuenta de las l\u00edneas fundamentales del presupuesto.<\/u><\/span><\/p>\n<p style=\"text-align: justify;\"><span style=\"color: #000000;\"><strong>Se da cuenta.<\/strong><\/span><\/p>\n<p style=\"text-align: justify;\"><span style=\"color: #000000;\">Se da cuenta del Decreto del 12 de agosto de las l\u00edneas fundamentales para el presupuesto del 2020 por un total de 4.441.008,45\u20ac. Las l\u00edneas fundamentales, que incluyen los cap\u00edtulos de ingresos y gastos, cumplen la estabilidad presupuestaria, la regla del gasto, el equilibrio presupuestario, la nivelaci\u00f3n presupuestaria y el objetivo de deuda. Esta informaci\u00f3n se debe enviar al Ministerio de Hacienda antes del 15 de septiembre y es la base para la confecci\u00f3n del presupuesto del a\u00f1o 2020.<\/span><\/p>\n<p style=\"text-align: justify;\"><span style=\"color: #000000;\"><u>13.-Dar cuenta de los Decretos de Alcald\u00eda.<\/u><\/span><\/p>\n<p style=\"text-align: justify;\"><span style=\"color: #000000;\"><strong>Se da cuenta de los Decretos de Alcald\u00eda.<\/strong><\/span><\/p>\n<p style=\"text-align: justify;\"><span style=\"color: #000000;\"><u>14.-Dar Cuenta de los acuerdos de la Junta de Gobierno.<\/u><\/span><\/p>\n<p style=\"text-align: justify;\"><span style=\"color: #000000;\"><strong>Se da cuenta de los acuerdos de la Junta de Gobierno.<\/strong><\/span><\/p>\n<p style=\"text-align: justify;\"><span style=\"color: #000000;\"><u>15.-Informe de Alcald\u00eda.<\/u><\/span><\/p>\n<p style=\"text-align: justify;\"><span style=\"color: #000000;\"><strong>Se da cuenta<\/strong> de la sentencia firme del juzgado contencioso que desestima el recurso presentado por la concejala no adscrita y los concejales y concejalas de ERC contra el Ayuntamiento de la Bisbal del Pened\u00e8s por posible vulneraci\u00f3n de los derechos fundamentales y del pago a la Seguridad Social de 11.520,94\u20ac fruto de una sentencia de un recurso contencioso de 2013.<\/span><\/p>\n<p style=\"text-align: justify;\"><span style=\"color: #000000;\"><strong>C)\u00a0RUEGOS Y PREGUNTAS.<\/strong><\/span><\/p>\n<p style=\"text-align: justify;\"><span style=\"color: #000000;\">\u00a0<\/span><\/p>\n<p style=\"text-align: justify;\"><span style=\"color: #000000;\">\u00a0<\/span><\/p>\n","protected":false},"excerpt":{"rendered":"<p>Aquest dilluns 16 de setembre de 2019, a les 19h, s\u2019ha celebrat el Ple ordinari de l\u2019Ajuntament de la Bisbal del Pened\u00e8s corresponent a aquest trimestre. Tot seguit us detallem &hellip; <a href=\"https:\/\/bisbalpenedes.com\/web\/2019\/09\/19\/resum-dels-punts-tractats-en-el-ple-ordinari-del-dilluns-16-de-setembre-de-2019\/\" class=\"more-link\">Read More<\/a><\/p>\n","protected":false},"author":4,"featured_media":10594,"comment_status":"closed","ping_status":"closed","sticky":false,"template":"","format":"standard","meta":[],"categories":[2250],"tags":[363,3225,1086,3226,2798,317,272,336,249,515,479],"_links":{"self":[{"href":"https:\/\/bisbalpenedes.com\/web\/wp-json\/wp\/v2\/posts\/10593"}],"collection":[{"href":"https:\/\/bisbalpenedes.com\/web\/wp-json\/wp\/v2\/posts"}],"about":[{"href":"https:\/\/bisbalpenedes.com\/web\/wp-json\/wp\/v2\/types\/post"}],"author":[{"embeddable":true,"href":"https:\/\/bisbalpenedes.com\/web\/wp-json\/wp\/v2\/users\/4"}],"replies":[{"embeddable":true,"href":"https:\/\/bisbalpenedes.com\/web\/wp-json\/wp\/v2\/comments?post=10593"}],"version-history":[{"count":3,"href":"https:\/\/bisbalpenedes.com\/web\/wp-json\/wp\/v2\/posts\/10593\/revisions"}],"predecessor-version":[{"id":10597,"href":"https:\/\/bisbalpenedes.com\/web\/wp-json\/wp\/v2\/posts\/10593\/revisions\/10597"}],"wp:featuredmedia":[{"embeddable":true,"href":"https:\/\/bisbalpenedes.com\/web\/wp-json\/wp\/v2\/media\/10594"}],"wp:attachment":[{"href":"https:\/\/bisbalpenedes.com\/web\/wp-json\/wp\/v2\/media?parent=10593"}],"wp:term":[{"taxonomy":"category","embeddable":true,"href":"https:\/\/bisbalpenedes.com\/web\/wp-json\/wp\/v2\/categories?post=10593"},{"taxonomy":"post_tag","embeddable":true,"href":"https:\/\/bisbalpenedes.com\/web\/wp-json\/wp\/v2\/tags?post=10593"}],"curies":[{"name":"wp","href":"https:\/\/api.w.org\/{rel}","templated":true}]}}