{"id":10590,"date":"2019-09-18T14:00:06","date_gmt":"2019-09-18T13:00:06","guid":{"rendered":"http:\/\/bisbalpenedes.com\/web\/?p=10590"},"modified":"2019-09-18T14:00:06","modified_gmt":"2019-09-18T13:00:06","slug":"el-dimecres-25-de-setembre-a-les-1730h-plantarem-un-llimoner-al-raco-de-la-gent-gran","status":"publish","type":"post","link":"https:\/\/bisbalpenedes.com\/web\/2019\/09\/18\/el-dimecres-25-de-setembre-a-les-1730h-plantarem-un-llimoner-al-raco-de-la-gent-gran\/","title":{"rendered":"El dimecres 25 de setembre a les 17:30h plantarem un llimoner al Rac\u00f3 de la Gent Gran"},"content":{"rendered":"<p style=\"text-align: justify;\"><span style=\"color: #000000;\">El dimecres 25 de setembre, a les 17:30h, es plantar\u00e0 un llimoner al Rac\u00f3 de la Gent Gran. En acabar hi haur\u00e0 berenar per a tothom.<\/span><\/p>\n<hr \/>\n<p style=\"text-align: justify;\"><span style=\"color: #000000;\">El mi\u00e9rcoles 25 de septiembre, a las 17:30h, se plantar\u00e1 un limonero en el Rac\u00f3 de la Gent Gran. Al finalizar habr\u00e1 merienda para todos.<\/span><\/p>\n<p><a href=\"http:\/\/bisbalpenedes.com\/web\/wp-content\/uploads\/2019\/09\/PLANTEM_LLIMONER_2.jpg\"><img loading=\"lazy\" class=\"aligncenter size-large wp-image-10591\" src=\"http:\/\/bisbalpenedes.com\/web\/wp-content\/uploads\/2019\/09\/PLANTEM_LLIMONER_2-724x1024.jpg\" alt=\"PLANTEM_LLIMONER_2\" width=\"630\" height=\"891\" srcset=\"https:\/\/bisbalpenedes.com\/web\/wp-content\/uploads\/2019\/09\/PLANTEM_LLIMONER_2-724x1024.jpg 724w, https:\/\/bisbalpenedes.com\/web\/wp-content\/uploads\/2019\/09\/PLANTEM_LLIMONER_2-600x849.jpg 600w, https:\/\/bisbalpenedes.com\/web\/wp-content\/uploads\/2019\/09\/PLANTEM_LLIMONER_2-212x300.jpg 212w, https:\/\/bisbalpenedes.com\/web\/wp-content\/uploads\/2019\/09\/PLANTEM_LLIMONER_2-768x1086.jpg 768w, https:\/\/bisbalpenedes.com\/web\/wp-content\/uploads\/2019\/09\/PLANTEM_LLIMONER_2.jpg 842w\" sizes=\"(max-width: 630px) 100vw, 630px\" \/><\/a><\/p>\n<p>&nbsp;<\/p>\n","protected":false},"excerpt":{"rendered":"<p>El dimecres 25 de setembre, a les 17:30h, es plantar\u00e0 un llimoner al Rac\u00f3 de la Gent Gran. En acabar hi haur\u00e0 berenar per a tothom. El mi\u00e9rcoles 25 de &hellip; <a href=\"https:\/\/bisbalpenedes.com\/web\/2019\/09\/18\/el-dimecres-25-de-setembre-a-les-1730h-plantarem-un-llimoner-al-raco-de-la-gent-gran\/\" class=\"more-link\">Read More<\/a><\/p>\n","protected":false},"author":4,"featured_media":10591,"comment_status":"closed","ping_status":"closed","sticky":false,"template":"","format":"standard","meta":[],"categories":[3088],"tags":[3223,305,3224],"_links":{"self":[{"href":"https:\/\/bisbalpenedes.com\/web\/wp-json\/wp\/v2\/posts\/10590"}],"collection":[{"href":"https:\/\/bisbalpenedes.com\/web\/wp-json\/wp\/v2\/posts"}],"about":[{"href":"https:\/\/bisbalpenedes.com\/web\/wp-json\/wp\/v2\/types\/post"}],"author":[{"embeddable":true,"href":"https:\/\/bisbalpenedes.com\/web\/wp-json\/wp\/v2\/users\/4"}],"replies":[{"embeddable":true,"href":"https:\/\/bisbalpenedes.com\/web\/wp-json\/wp\/v2\/comments?post=10590"}],"version-history":[{"count":1,"href":"https:\/\/bisbalpenedes.com\/web\/wp-json\/wp\/v2\/posts\/10590\/revisions"}],"predecessor-version":[{"id":10592,"href":"https:\/\/bisbalpenedes.com\/web\/wp-json\/wp\/v2\/posts\/10590\/revisions\/10592"}],"wp:featuredmedia":[{"embeddable":true,"href":"https:\/\/bisbalpenedes.com\/web\/wp-json\/wp\/v2\/media\/10591"}],"wp:attachment":[{"href":"https:\/\/bisbalpenedes.com\/web\/wp-json\/wp\/v2\/media?parent=10590"}],"wp:term":[{"taxonomy":"category","embeddable":true,"href":"https:\/\/bisbalpenedes.com\/web\/wp-json\/wp\/v2\/categories?post=10590"},{"taxonomy":"post_tag","embeddable":true,"href":"https:\/\/bisbalpenedes.com\/web\/wp-json\/wp\/v2\/tags?post=10590"}],"curies":[{"name":"wp","href":"https:\/\/api.w.org\/{rel}","templated":true}]}}