{"id":10585,"date":"2019-09-16T05:55:12","date_gmt":"2019-09-16T04:55:12","guid":{"rendered":"http:\/\/bisbalpenedes.com\/web\/?p=10585"},"modified":"2019-09-16T05:55:12","modified_gmt":"2019-09-16T04:55:12","slug":"la-junta-de-govern-aprova-un-pagament-a-la-seguretat-social-fruit-de-la-sentencia-dun-recurs-contencios-de-2013","status":"publish","type":"post","link":"https:\/\/bisbalpenedes.com\/web\/2019\/09\/16\/la-junta-de-govern-aprova-un-pagament-a-la-seguretat-social-fruit-de-la-sentencia-dun-recurs-contencios-de-2013\/","title":{"rendered":"La Junta de Govern aprova un pagament a la Seguretat Social fruit de la sent\u00e8ncia d\u2019un recurs contenci\u00f3s de 2013"},"content":{"rendered":"<p style=\"text-align: justify;\"><span style=\"color: #000000;\">La Junta de Govern celebrada el 9 de setembre ha aprovat el pagament del deute generat amb la Tresoreria General de la Seguretat Social en relaci\u00f3 amb la sent\u00e8ncia del recurs contenci\u00f3s que una treballadora de l\u2019Ajuntament va interposar el 2013.<\/span><\/p>\n<p style=\"text-align: justify;\"><span style=\"color: #000000;\">La treballadora va interposar un recurs despr\u00e9s que, l\u2019abril de 2013, l\u2019Ajuntament de la Bisbal del Pened\u00e8s acord\u00e9s declarar finalitzada la seva relaci\u00f3 funcionarial interina amb l\u2019Ajuntament en l\u2019\u00e0rea d\u2019urbanisme. Aquest recurs va ser resolt a favor de la treballadora, amb sent\u00e8ncia ferma, a finals de 2017:<\/span><\/p>\n<p style=\"padding-left: 30px; text-align: justify;\"><span style=\"color: #000000;\">\u201cEs condemna l\u2019Ajuntament de la Bisbal del Pened\u00e8s a abonar a la recorrent les sumes corresponents als salaris deixats de percebre des del dia 25 d\u2019abril de 2013 fins al 30 d\u2019octubre de 2013, minorats en les sumes percebudes en concepte de desocupaci\u00f3 durant el per\u00edode, totes elles considerades brutes; igualment, es condemna l\u2019Ajuntament demandat a abonar a la recorrent l\u2019import de les pagues extraordin\u00e0ries reclamades de desembre de 2012 i juny i desembre de 2013. Tot l\u2019anterior amb les minoracions degudes per quotes de la Seguretat Social i IRPF, havent l\u2019Ajuntament de procedir a les regularitzacions oportunes, i a m\u00e9s meritant les sumes finals l\u2019inter\u00e8s legal del diner des que havien de ser abonades fins al seu efectiu ingr\u00e9s\u201d.<\/span><\/p>\n<p style=\"text-align: justify;\"><span style=\"color: #000000;\">El 7 de febrer de 2019 el Ple Extraordinari de l\u2019Ajuntament de la Bisbal del Pened\u00e8s va aprovar l\u2019acceptaci\u00f3 de la sent\u00e8ncia judicial, tot i que en aquell moment no se sabia l\u2019import exacte a abonar. Per aix\u00f2 tamb\u00e9 es va aprovar que, en el moment que es dispos\u00e9s de l\u2019import exacte, s\u2019aprovaria el pagament per Junta de Govern. Aix\u00ed, la Junta de Govern, reunida el 9 de setembre de 2019, ha aprovat el pagament d\u201911.520,94\u20ac, que es desglossen de la seg\u00fcent manera: 7.265,95\u20ac corresponents a les quotes de la Seguretat Social de la treballadora; 2.543,08\u20ac de rec\u00e0rrec i 1.711,91\u20ac d\u2019interessos de demora.<\/span><\/p>\n<p style=\"text-align: justify;\"><span style=\"color: #000000;\">Val a dir que l\u2019Ajuntament de la Bisbal del Pened\u00e8s tamb\u00e9 haur\u00e0 d\u2019abonar les n\u00f2mines de la treballadora corresponents al per\u00edode que va del moment en qu\u00e8 se la va acomiadar fins al moment que sent\u00e8ncia ha estat ferma. Quan l\u2019Ajuntament compti amb l\u2019import exacte a abonar, s\u2019aprovar\u00e0 el pagament.<\/span><\/p>\n<hr \/>\n<p style=\"text-align: justify;\"><span style=\"color: #000000;\"><strong>CASTELLANO |\u00a0<\/strong>La Junta de Gobierno celebrada el 9 de septiembre ha aprobado el pago de la deuda generada con la Tesorer\u00eda General de la Seguridad Social en relaci\u00f3n con la sentencia del recurso contencioso que una trabajadora del Ayuntamiento interpuso en 2013.<\/span><\/p>\n<p style=\"text-align: justify;\"><span style=\"color: #000000;\">La trabajadora interpuso un recurso despu\u00e9s que, en abril del 2013, el Ayuntamiento de la Bisbal del Pened\u00e8s acordase declarar finalizada su relaci\u00f3n funcionarial interina con el Ayuntamiento en el \u00e1rea de urbanismo. Este recurso fue resuelto a favor de la trabajadora, con sentencia firme, a finales del 2017:<\/span><\/p>\n<p style=\"padding-left: 30px; text-align: justify;\"><span style=\"color: #000000;\">\u00a0\u201cSe condena al Ayuntamiento de la Bisbal del Pened\u00e8s a abonar a la recurrente las sumas correspondientes a los salarios dejados de percibir desde el d\u00eda 25 de abril del 2013 hasta el 30 de octubre del 2013, minorados en las sumas percibidas en concepto de desocupaci\u00f3n durante el periodo, todas ellas consideradas brutas; igualmente, se condena al Ayuntamiento demandado a abonar a la recurrente el importe de las pagas extraordinarias reclamadas de diciembre del 2012 y junio y diciembre del 2013. Todo lo anterior con las minoraciones debidas por cuotas de Seguridad Social e IRPF, debiendo el Ayuntamiento proceder a las regularizaciones oportunas, y adem\u00e1s meritando en las sumas finales el inter\u00e9s legal del dinero desde que deb\u00edan ser abonadas hasta su efectivo ingreso\u201d.<\/span><\/p>\n<p style=\"text-align: justify;\"><span style=\"color: #000000;\">El 7 de febrero de 2019 el Pleno Extraordinario del Ayuntamiento de la Bisbal del Pened\u00e8s aprob\u00f3 la aceptaci\u00f3n de la sentencia judicial, aunque en aquel momento no se sab\u00eda el importe exacto a abonar. Por eso tambi\u00e9n se aprob\u00f3 que, en el momento que se dispusiera del importe exacto, se aprobar\u00eda el pago por Junta de Gobierno. As\u00ed, la Junta de Gobierno, reunida el 9 de septiembre del 2019, ha aprobado el pago de 11.520,94\u20ac, que se desglosan de la siguiente manera: 7.265,95\u20ac correspondientes a las cuotas de la Seguridad Social de la trabajadora; 2.543,08\u20ac de recargo y 1.711,91\u20ac de intereses de demora.<\/span><\/p>\n<p style=\"text-align: justify;\"><span style=\"color: #000000;\">Cabe decir que el Ayuntamiento de la Bisbal del Pened\u00e8s tambi\u00e9n deber\u00e1 abonar las n\u00f3minas de la trabajadora correspondientes al periodo que va del momento en que se la despidi\u00f3 hasta el momento que la sentencia ha sido firme. Cuando el Ayuntamiento cuente con el importe exacto a abonar, se aprobar\u00e1 el pago.<\/span><\/p>\n<p style=\"text-align: justify;\">\n<p style=\"text-align: justify;\">\n<p>&nbsp;<\/p>\n","protected":false},"excerpt":{"rendered":"<p>La Junta de Govern celebrada el 9 de setembre ha aprovat el pagament del deute generat amb la Tresoreria General de la Seguretat Social en relaci\u00f3 amb la sent\u00e8ncia del &hellip; <a href=\"https:\/\/bisbalpenedes.com\/web\/2019\/09\/16\/la-junta-de-govern-aprova-un-pagament-a-la-seguretat-social-fruit-de-la-sentencia-dun-recurs-contencios-de-2013\/\" class=\"more-link\">Read More<\/a><\/p>\n","protected":false},"author":4,"featured_media":7089,"comment_status":"closed","ping_status":"closed","sticky":false,"template":"","format":"standard","meta":[],"categories":[2402],"tags":[686,3220,3221,3174],"_links":{"self":[{"href":"https:\/\/bisbalpenedes.com\/web\/wp-json\/wp\/v2\/posts\/10585"}],"collection":[{"href":"https:\/\/bisbalpenedes.com\/web\/wp-json\/wp\/v2\/posts"}],"about":[{"href":"https:\/\/bisbalpenedes.com\/web\/wp-json\/wp\/v2\/types\/post"}],"author":[{"embeddable":true,"href":"https:\/\/bisbalpenedes.com\/web\/wp-json\/wp\/v2\/users\/4"}],"replies":[{"embeddable":true,"href":"https:\/\/bisbalpenedes.com\/web\/wp-json\/wp\/v2\/comments?post=10585"}],"version-history":[{"count":1,"href":"https:\/\/bisbalpenedes.com\/web\/wp-json\/wp\/v2\/posts\/10585\/revisions"}],"predecessor-version":[{"id":10586,"href":"https:\/\/bisbalpenedes.com\/web\/wp-json\/wp\/v2\/posts\/10585\/revisions\/10586"}],"wp:featuredmedia":[{"embeddable":true,"href":"https:\/\/bisbalpenedes.com\/web\/wp-json\/wp\/v2\/media\/7089"}],"wp:attachment":[{"href":"https:\/\/bisbalpenedes.com\/web\/wp-json\/wp\/v2\/media?parent=10585"}],"wp:term":[{"taxonomy":"category","embeddable":true,"href":"https:\/\/bisbalpenedes.com\/web\/wp-json\/wp\/v2\/categories?post=10585"},{"taxonomy":"post_tag","embeddable":true,"href":"https:\/\/bisbalpenedes.com\/web\/wp-json\/wp\/v2\/tags?post=10585"}],"curies":[{"name":"wp","href":"https:\/\/api.w.org\/{rel}","templated":true}]}}