{"id":10580,"date":"2019-09-07T18:24:50","date_gmt":"2019-09-07T17:24:50","guid":{"rendered":"http:\/\/bisbalpenedes.com\/web\/?p=10580"},"modified":"2019-09-14T18:35:23","modified_gmt":"2019-09-14T17:35:23","slug":"senderistes-bisbalencs-fara-la-23a-sortida-la-bisbal-del-penedes-sant-magi-de-la-bufaganya-el-diumenge","status":"publish","type":"post","link":"https:\/\/bisbalpenedes.com\/web\/2019\/09\/07\/senderistes-bisbalencs-fara-la-23a-sortida-la-bisbal-del-penedes-sant-magi-de-la-bufaganya-el-diumenge\/","title":{"rendered":"Senderistes Bisbalencs far\u00e0 la 23\u00aa sortida La Bisbal del Pened\u00e8s -Sant  Mag\u00ed de la Bufaganya el diumenge"},"content":{"rendered":"<p style=\"text-align: justify;\"><span style=\"color: #000000;\">Senderistes Bisbalencs faran la 23\u00aa sortida La Bisbal del Pened\u00e8s &#8211; Sant Mag\u00ed de la Bufaganya\u00a0 el proper diumenge 15 de setembre. Trobareu tota la informaci\u00f3 als cartells que us adjuntem.<\/span><\/p>\n<hr \/>\n<p style=\"text-align: justify;\"><span style=\"color: #000000;\"><strong>CASTELLANO |<\/strong> Senderistes Bisbalencs realizar\u00e1n la 23\u00aa salida La Bisbal del Pened\u00e8s &#8211; Sant Mag\u00ed de la Bufaganya el pr\u00f3ximo domingo 15 de septiembre. Encontrar\u00e9is toda la informaci\u00f3n en los carteles que os adjuntamos.<\/span><\/p>\n<p><a href=\"http:\/\/bisbalpenedes.com\/web\/wp-content\/uploads\/2019\/09\/sant-magi-de-la-bufaganya-senderistes.jpg\"><img loading=\"lazy\" class=\"aligncenter wp-image-10581 size-full\" src=\"http:\/\/bisbalpenedes.com\/web\/wp-content\/uploads\/2019\/09\/sant-magi-de-la-bufaganya-senderistes.jpg\" alt=\"sant magi de la bufaganya senderistes\" width=\"460\" height=\"640\" srcset=\"https:\/\/bisbalpenedes.com\/web\/wp-content\/uploads\/2019\/09\/sant-magi-de-la-bufaganya-senderistes.jpg 460w, https:\/\/bisbalpenedes.com\/web\/wp-content\/uploads\/2019\/09\/sant-magi-de-la-bufaganya-senderistes-216x300.jpg 216w\" sizes=\"(max-width: 460px) 100vw, 460px\" \/><\/a><\/p>\n<p>&nbsp;<\/p>\n<p><a href=\"http:\/\/bisbalpenedes.com\/web\/wp-content\/uploads\/2019\/09\/Cartell-aplec-1-senderistes_page-0001.jpg\"><img loading=\"lazy\" class=\"aligncenter size-large wp-image-10582\" src=\"http:\/\/bisbalpenedes.com\/web\/wp-content\/uploads\/2019\/09\/Cartell-aplec-1-senderistes_page-0001-698x1024.jpg\" alt=\"Cartell aplec 1 senderistes_page-0001\" width=\"630\" height=\"924\" srcset=\"https:\/\/bisbalpenedes.com\/web\/wp-content\/uploads\/2019\/09\/Cartell-aplec-1-senderistes_page-0001-698x1024.jpg 698w, https:\/\/bisbalpenedes.com\/web\/wp-content\/uploads\/2019\/09\/Cartell-aplec-1-senderistes_page-0001-600x880.jpg 600w, https:\/\/bisbalpenedes.com\/web\/wp-content\/uploads\/2019\/09\/Cartell-aplec-1-senderistes_page-0001-205x300.jpg 205w, https:\/\/bisbalpenedes.com\/web\/wp-content\/uploads\/2019\/09\/Cartell-aplec-1-senderistes_page-0001-768x1126.jpg 768w, https:\/\/bisbalpenedes.com\/web\/wp-content\/uploads\/2019\/09\/Cartell-aplec-1-senderistes_page-0001-scaled.jpg 1745w\" sizes=\"(max-width: 630px) 100vw, 630px\" \/><\/a><\/p>\n","protected":false},"excerpt":{"rendered":"<p>Senderistes Bisbalencs faran la 23\u00aa sortida La Bisbal del Pened\u00e8s &#8211; Sant Mag\u00ed de la Bufaganya\u00a0 el proper diumenge 15 de setembre. Trobareu tota la informaci\u00f3 als cartells que us &hellip; <a href=\"https:\/\/bisbalpenedes.com\/web\/2019\/09\/07\/senderistes-bisbalencs-fara-la-23a-sortida-la-bisbal-del-penedes-sant-magi-de-la-bufaganya-el-diumenge\/\" class=\"more-link\">Read More<\/a><\/p>\n","protected":false},"author":4,"featured_media":10582,"comment_status":"closed","ping_status":"closed","sticky":false,"template":"","format":"standard","meta":[],"categories":[20,19],"tags":[3219,856],"_links":{"self":[{"href":"https:\/\/bisbalpenedes.com\/web\/wp-json\/wp\/v2\/posts\/10580"}],"collection":[{"href":"https:\/\/bisbalpenedes.com\/web\/wp-json\/wp\/v2\/posts"}],"about":[{"href":"https:\/\/bisbalpenedes.com\/web\/wp-json\/wp\/v2\/types\/post"}],"author":[{"embeddable":true,"href":"https:\/\/bisbalpenedes.com\/web\/wp-json\/wp\/v2\/users\/4"}],"replies":[{"embeddable":true,"href":"https:\/\/bisbalpenedes.com\/web\/wp-json\/wp\/v2\/comments?post=10580"}],"version-history":[{"count":2,"href":"https:\/\/bisbalpenedes.com\/web\/wp-json\/wp\/v2\/posts\/10580\/revisions"}],"predecessor-version":[{"id":10584,"href":"https:\/\/bisbalpenedes.com\/web\/wp-json\/wp\/v2\/posts\/10580\/revisions\/10584"}],"wp:featuredmedia":[{"embeddable":true,"href":"https:\/\/bisbalpenedes.com\/web\/wp-json\/wp\/v2\/media\/10582"}],"wp:attachment":[{"href":"https:\/\/bisbalpenedes.com\/web\/wp-json\/wp\/v2\/media?parent=10580"}],"wp:term":[{"taxonomy":"category","embeddable":true,"href":"https:\/\/bisbalpenedes.com\/web\/wp-json\/wp\/v2\/categories?post=10580"},{"taxonomy":"post_tag","embeddable":true,"href":"https:\/\/bisbalpenedes.com\/web\/wp-json\/wp\/v2\/tags?post=10580"}],"curies":[{"name":"wp","href":"https:\/\/api.w.org\/{rel}","templated":true}]}}