{"id":10575,"date":"2019-09-14T18:07:09","date_gmt":"2019-09-14T17:07:09","guid":{"rendered":"http:\/\/bisbalpenedes.com\/web\/?p=10575"},"modified":"2019-09-14T18:10:12","modified_gmt":"2019-09-14T17:10:12","slug":"lajuntament-de-la-bisbal-ha-signat-un-conveni-de-collaboracio-amb-la-joventut-bisbalenca-cf-per-a-la-temporada-2019-2020","status":"publish","type":"post","link":"https:\/\/bisbalpenedes.com\/web\/2019\/09\/14\/lajuntament-de-la-bisbal-ha-signat-un-conveni-de-collaboracio-amb-la-joventut-bisbalenca-cf-per-a-la-temporada-2019-2020\/","title":{"rendered":"L\u2019Ajuntament de la Bisbal del Pened\u00e8s ha signat un conveni de col\u00b7laboraci\u00f3 amb la Joventut Bisbalenca CF per a la temporada 2019-2020"},"content":{"rendered":"<figure id=\"attachment_10576\" aria-describedby=\"caption-attachment-10576\" style=\"width: 630px\" class=\"wp-caption aligncenter\"><a href=\"http:\/\/bisbalpenedes.com\/web\/wp-content\/uploads\/2019\/09\/conveni-joventut-bisbalenca-2-2019-20.jpg\"><img loading=\"lazy\" class=\"wp-image-10576 size-large\" src=\"http:\/\/bisbalpenedes.com\/web\/wp-content\/uploads\/2019\/09\/conveni-joventut-bisbalenca-2-2019-20-1024x683.jpg\" alt=\"conveni joventut bisbalenca 2 2019-20\" width=\"630\" height=\"420\" srcset=\"https:\/\/bisbalpenedes.com\/web\/wp-content\/uploads\/2019\/09\/conveni-joventut-bisbalenca-2-2019-20-1024x683.jpg 1024w, https:\/\/bisbalpenedes.com\/web\/wp-content\/uploads\/2019\/09\/conveni-joventut-bisbalenca-2-2019-20-600x400.jpg 600w, https:\/\/bisbalpenedes.com\/web\/wp-content\/uploads\/2019\/09\/conveni-joventut-bisbalenca-2-2019-20-300x200.jpg 300w, https:\/\/bisbalpenedes.com\/web\/wp-content\/uploads\/2019\/09\/conveni-joventut-bisbalenca-2-2019-20-768x512.jpg 768w\" sizes=\"(max-width: 630px) 100vw, 630px\" \/><\/a><figcaption id=\"caption-attachment-10576\" class=\"wp-caption-text\">D&#8217;esquerra a dreta: l&#8217;alcaldessa Agn\u00e8s Ferr\u00e9, el president de la Joventut Bisbalenca CF, Ernest Velasco; i la regidora d&#8217;Esports, Leo Uceda<\/figcaption><\/figure>\n<p style=\"text-align: justify;\"><span style=\"color: #000000;\">La Junta de Govern del 26 d\u2019agost de 2019 va aprovar el conveni de col\u00b7laboraci\u00f3 entre l\u2019entitat esportiva Joventut Bisbalenca CF i l\u2019Ajuntament de la Bisbal del Pened\u00e8s amb l\u2019objectiu de promoure l\u2019esport en el municipi fomentant les activitats esportives de car\u00e0cter formatiu i de competici\u00f3, en especial les del futbol.<\/span><\/p>\n<p style=\"text-align: justify;\"><span style=\"color: #000000;\">Joventut Bisbalenca CF \u00e9s una entitat esportiva sense afany de lucre dedicada al foment i la pr\u00e0ctica continuada de l\u2019activitat esportiva, m\u00e9s concretament a la modalitat esportiva de futbol. Mitjan\u00e7ant el conveni, l\u2019Ajuntament de la Bisbal del Pened\u00e8s permet que l\u2019entitat pugui fer \u00fas de les instal\u00b7lacions del camp de futbol de gespa artificial i dels seus vestidors aix\u00ed com subvenciona l\u2019entitat amb la quantitat de vint-i-tres mil euros (23.000\u20ac) per a la temporada 2019\/20 a abonar en tres pagaments: 10.000\u20ac el 2019, 6.500\u20ac el gener de 2020 i 6500\u20ac el juliol de 2020, amb la justificaci\u00f3 econ\u00f2mica corresponent al per\u00edode de compres fixat.<\/span><\/p>\n<p style=\"text-align: justify;\"><span style=\"color: #000000;\">Amb la signatura del conveni, el club es compromet a realitzar les seg\u00fcents actuacions:<\/span><\/p>\n<ul style=\"text-align: justify;\">\n<li><span style=\"color: #000000;\">La promoci\u00f3 de l\u2019esport en el municipi, fomentant la pr\u00e0ctica esportiva de car\u00e0cter formatiu i de competici\u00f3, en especial les de futbol.<\/span><\/li>\n<\/ul>\n<ul style=\"text-align: justify;\">\n<li><span style=\"color: #000000;\">La inscripci\u00f3 del Club en la Federaci\u00f3 Catalana de Futbol en les categories i equips que es formin.<\/span><\/li>\n<\/ul>\n<ul style=\"text-align: justify;\">\n<li><span style=\"color: #000000;\">Presentar la justificaci\u00f3 econ\u00f2mica corresponent<\/span><\/li>\n<\/ul>\n<hr \/>\n<p style=\"text-align: justify;\"><span style=\"color: #000000;\"><strong>CASTELLANO |<\/strong> La Junta de Gobierno del 26 de agosto del 2019 aprob\u00f3 el convenio de colaboraci\u00f3n entre la entidad deportiva Joventut Bisbalenca CF y el Ayuntamiento de la Bisbal del Pened\u00e8s con el objetivo de promover el deporte en el municipio fomentando las actividades deportivas de car\u00e1cter formativo y de competici\u00f3n, en especial las del f\u00fatbol.<\/span><\/p>\n<p style=\"text-align: justify;\"><span style=\"color: #000000;\">Joventut Bisbalenca CF es una entidad deportiva sin \u00e1nimo de lucro dedicada al fomento y la pr\u00e1ctica continuada de la actividad deportiva, m\u00e1s concretamente de la modalidad deportiva del f\u00fatbol. Mediante el convenio, el Ayuntamiento de la Bisbal del Pened\u00e8s permite que la entidad pueda hacer uso de las instalaciones del campo de f\u00fatbol de c\u00e9sped artificial y de sus vestidores, as\u00ed como subvenciona a la entidad con la cantidad de veintitr\u00e9s mil euros (23.000\u20ac) para la temporada 2019\/20 a abonar en tres pagos: 10.000\u20ac en el 2019, 6.500\u20ac en enero del 2020 y 6.500\u20ac en julio del 2020, con la justificaci\u00f3n econ\u00f3mica correspondiente al periodo de compras fijado.<\/span><\/p>\n<p style=\"text-align: justify;\"><span style=\"color: #000000;\">Con la firma del convenio, el club se compromete a realizar las siguientes acciones:<\/span><\/p>\n<ul>\n<li style=\"text-align: justify;\"><span style=\"color: #000000;\">La promoci\u00f3n del deporte en el municipio, fomentando la pr\u00e1ctica deportiva de car\u00e1cter formativo y de competici\u00f3n, en especial las del f\u00fatbol.<\/span><\/li>\n<li style=\"text-align: justify;\"><span style=\"color: #000000;\">La inscripci\u00f3n del Club en la Federaci\u00f3n Catalana de F\u00fatbol en las categor\u00edas y equipos que se formen.<\/span><\/li>\n<li style=\"text-align: justify;\"><span style=\"color: #000000;\">Presentar la justificaci\u00f3n econ\u00f3mica correspondiente.<\/span><\/li>\n<\/ul>\n","protected":false},"excerpt":{"rendered":"<p>La Junta de Govern del 26 d\u2019agost de 2019 va aprovar el conveni de col\u00b7laboraci\u00f3 entre l\u2019entitat esportiva Joventut Bisbalenca CF i l\u2019Ajuntament de la Bisbal del Pened\u00e8s amb l\u2019objectiu &hellip; <a href=\"https:\/\/bisbalpenedes.com\/web\/2019\/09\/14\/lajuntament-de-la-bisbal-ha-signat-un-conveni-de-collaboracio-amb-la-joventut-bisbalenca-cf-per-a-la-temporada-2019-2020\/\" class=\"more-link\">Read More<\/a><\/p>\n","protected":false},"author":4,"featured_media":10576,"comment_status":"closed","ping_status":"closed","sticky":false,"template":"","format":"standard","meta":[],"categories":[19],"tags":[440,1299,367,345,686,99],"_links":{"self":[{"href":"https:\/\/bisbalpenedes.com\/web\/wp-json\/wp\/v2\/posts\/10575"}],"collection":[{"href":"https:\/\/bisbalpenedes.com\/web\/wp-json\/wp\/v2\/posts"}],"about":[{"href":"https:\/\/bisbalpenedes.com\/web\/wp-json\/wp\/v2\/types\/post"}],"author":[{"embeddable":true,"href":"https:\/\/bisbalpenedes.com\/web\/wp-json\/wp\/v2\/users\/4"}],"replies":[{"embeddable":true,"href":"https:\/\/bisbalpenedes.com\/web\/wp-json\/wp\/v2\/comments?post=10575"}],"version-history":[{"count":3,"href":"https:\/\/bisbalpenedes.com\/web\/wp-json\/wp\/v2\/posts\/10575\/revisions"}],"predecessor-version":[{"id":10579,"href":"https:\/\/bisbalpenedes.com\/web\/wp-json\/wp\/v2\/posts\/10575\/revisions\/10579"}],"wp:featuredmedia":[{"embeddable":true,"href":"https:\/\/bisbalpenedes.com\/web\/wp-json\/wp\/v2\/media\/10576"}],"wp:attachment":[{"href":"https:\/\/bisbalpenedes.com\/web\/wp-json\/wp\/v2\/media?parent=10575"}],"wp:term":[{"taxonomy":"category","embeddable":true,"href":"https:\/\/bisbalpenedes.com\/web\/wp-json\/wp\/v2\/categories?post=10575"},{"taxonomy":"post_tag","embeddable":true,"href":"https:\/\/bisbalpenedes.com\/web\/wp-json\/wp\/v2\/tags?post=10575"}],"curies":[{"name":"wp","href":"https:\/\/api.w.org\/{rel}","templated":true}]}}